{"id":3019,"date":"2025-05-11T23:23:12","date_gmt":"2025-05-11T23:23:12","guid":{"rendered":"https:\/\/revistaenfoquepolitico.com\/?p=3019"},"modified":"2025-05-11T23:23:12","modified_gmt":"2025-05-11T23:23:12","slug":"respuestas-inmediatas-a-las-demandas-de-los-ciudadanos-rosa-maria","status":"publish","type":"post","link":"https:\/\/revistaenfoquepolitico.com\/index.php\/2025\/05\/11\/respuestas-inmediatas-a-las-demandas-de-los-ciudadanos-rosa-maria\/","title":{"rendered":"RESPUESTAS INMEDIATAS A LAS DEMANDAS DE LOS CIUDADANOS: ROSA MAR\u00cdA"},"content":{"rendered":"<div dir=\"auto\"><strong>*La candidata de MORENA-PVEM, Rosa Mar\u00eda Hern\u00e1ndez Espejo, se comprometi\u00f3 a trabajar desde el primer minuto por agua, limpieza, seguridad y justicia social en cada rinc\u00f3n del municipio de Veracruz*<\/strong><\/div>\n<div dir=\"auto\"><\/div>\n<div dir=\"auto\"><\/div>\n<div dir=\"auto\">Veracruz, Ver. 11 de mayo de 2025<\/div>\n<div dir=\"auto\"><\/div>\n<div dir=\"auto\"><\/div>\n<div dir=\"auto\" style=\"text-align: justify;\">Las demandas m\u00e1s sentidas de los veracruzanos tendr\u00e1n respuestas inmediatas con Rosa Mar\u00eda Hern\u00e1ndez Espejo. La candidata de la coalici\u00f3n MORENA\u2013PVEM a la presidencia municipal de Veracruz reiter\u00f3 que, a partir del primer minuto de su gobierno, trabajar\u00e1 para dar soluci\u00f3n a los problemas que aquejan a toda la ciudad.<\/div>\n<div dir=\"auto\" style=\"text-align: justify;\"><\/div>\n<div dir=\"auto\" style=\"text-align: justify;\"><\/div>\n<div dir=\"auto\" style=\"text-align: justify;\"><img loading=\"lazy\" decoding=\"async\" class=\"alignleft size-medium wp-image-3020\" src=\"https:\/\/revistaenfoquepolitico.com\/wp-content\/uploads\/2025\/05\/ROSA-RESPUESTAS-300x200.jpg\" alt=\"\" width=\"300\" height=\"200\" \/>Durante estos trece d\u00edas de campa\u00f1a, Rosa Mar\u00eda ha constatado lo que desde hace a\u00f1os sabe: Veracruz permanece en el abandono de las autoridades municipales y urge un gobierno basado en las verdaderas necesidades de la poblaci\u00f3n, un gobierno organizado, del pueblo y para el pueblo.<\/div>\n<div dir=\"auto\" style=\"text-align: justify;\"><\/div>\n<div dir=\"auto\" style=\"text-align: justify;\"><\/div>\n<div dir=\"auto\" style=\"text-align: justify;\">Como parte de sus compromisos, la candidata morenista afirm\u00f3 que los camiones recolectores de basura saldr\u00e1n a las calles diariamente para devolver dignidad a los porte\u00f1os, acabando con las monta\u00f1as de desechos que hoy se acumulan en cada esquina y colonia. \u00a0\u201cAqu\u00ed vamos a estar resolviendo los problemas con ustedes en las colonias, vamos a atender a la gente como se merece, porque tenemos que recuperar nuestra dignidad\u201d.<\/div>\n<div dir=\"auto\" style=\"text-align: justify;\"><\/div>\n<div dir=\"auto\" style=\"text-align: justify;\"><\/div>\n<div dir=\"auto\" style=\"text-align: justify;\">Asimismo, anunci\u00f3 que el alumbrado p\u00fablico y el bacheo ser\u00e1n tratados como prioridades en las zonas m\u00e1s olvidadas; se aumentar\u00e1 el n\u00famero de polic\u00edas certificados y se replicar\u00e1 el programa de c\u00e1maras de videovigilancia de la Ciudad de M\u00e9xico, para dotar a Veracruz de la seguridad que merece un gran municipio.<\/div>\n<div dir=\"auto\" style=\"text-align: justify;\"><\/div>\n<div dir=\"auto\" style=\"text-align: justify;\"><\/div>\n<div dir=\"auto\" style=\"text-align: justify;\">Simult\u00e1neamente, promover\u00e1 el rescate de mercados, parques y espacios de convivencia como parte de una estrategia integral de prevenci\u00f3n. En el \u00e1mbito social, adelant\u00f3 apoyos directos a madres jefas de familia, becas para universitarios e incentivos al turismo y a la inversi\u00f3n local, destinando cada peso del presupuesto a atender las necesidades reales de la gente, con honestidad y transparencia.<\/div>\n<div dir=\"auto\" style=\"text-align: justify;\"><\/div>\n<div dir=\"auto\" style=\"text-align: justify;\"><\/div>\n<div dir=\"auto\" style=\"text-align: justify;\">Al visitar estos rincones de Veracruz que claman por justicia y beneficios sociales, la candidata ha recibido el apoyo incondicional de quienes la ven como la \u00fanica opci\u00f3n para una verdadera transformaci\u00f3n del municipio, conscientes de que solo en unidad y con un gobierno de territorio y de todos se podr\u00e1 lograr.<\/div>\n","protected":false},"excerpt":{"rendered":"<p>*La candidata de MORENA-PVEM, Rosa Mar\u00eda Hern\u00e1ndez Espejo, se comprometi\u00f3 a trabajar desde el primer minuto por agua, limpieza, seguridad y justicia social en cada rinc\u00f3n del municipio de Veracruz* Veracruz, Ver. 11 de mayo de 2025 Las demandas m\u00e1s sentidas de los veracruzanos tendr\u00e1n respuestas inmediatas con Rosa Mar\u00eda Hern\u00e1ndez Espejo. La candidata de [&hellip;]<\/p>\n","protected":false},"author":1,"featured_media":0,"comment_status":"closed","ping_status":"closed","sticky":false,"template":"","format":"standard","meta":{"_jetpack_memberships_contains_paid_content":false,"footnotes":"","jetpack_publicize_message":"","jetpack_publicize_feature_enabled":true,"jetpack_social_post_already_shared":false,"jetpack_social_options":{"image_generator_settings":{"template":"highway","default_image_id":0,"font":"","enabled":false},"version":2}},"categories":[4],"tags":[42],"class_list":["post-3019","post","type-post","status-publish","format-standard","hentry","category-noticia-politica","tag-rosa-maria-hdez-espejo"],"jetpack_publicize_connections":[],"jetpack_featured_media_url":"","jetpack_sharing_enabled":true,"_links":{"self":[{"href":"https:\/\/revistaenfoquepolitico.com\/index.php\/wp-json\/wp\/v2\/posts\/3019","targetHints":{"allow":["GET"]}}],"collection":[{"href":"https:\/\/revistaenfoquepolitico.com\/index.php\/wp-json\/wp\/v2\/posts"}],"about":[{"href":"https:\/\/revistaenfoquepolitico.com\/index.php\/wp-json\/wp\/v2\/types\/post"}],"author":[{"embeddable":true,"href":"https:\/\/revistaenfoquepolitico.com\/index.php\/wp-json\/wp\/v2\/users\/1"}],"replies":[{"embeddable":true,"href":"https:\/\/revistaenfoquepolitico.com\/index.php\/wp-json\/wp\/v2\/comments?post=3019"}],"version-history":[{"count":1,"href":"https:\/\/revistaenfoquepolitico.com\/index.php\/wp-json\/wp\/v2\/posts\/3019\/revisions"}],"predecessor-version":[{"id":3021,"href":"https:\/\/revistaenfoquepolitico.com\/index.php\/wp-json\/wp\/v2\/posts\/3019\/revisions\/3021"}],"wp:attachment":[{"href":"https:\/\/revistaenfoquepolitico.com\/index.php\/wp-json\/wp\/v2\/media?parent=3019"}],"wp:term":[{"taxonomy":"category","embeddable":true,"href":"https:\/\/revistaenfoquepolitico.com\/index.php\/wp-json\/wp\/v2\/categories?post=3019"},{"taxonomy":"post_tag","embeddable":true,"href":"https:\/\/revistaenfoquepolitico.com\/index.php\/wp-json\/wp\/v2\/tags?post=3019"}],"curies":[{"name":"wp","href":"https:\/\/api.w.org\/{rel}","templated":true}]}}