{"id":3031,"date":"2025-05-13T03:18:33","date_gmt":"2025-05-13T03:18:33","guid":{"rendered":"https:\/\/revistaenfoquepolitico.com\/?p=3031"},"modified":"2025-05-13T03:18:33","modified_gmt":"2025-05-13T03:18:33","slug":"dignificacion-de-mercados-prioridad-de-mi-gobierno-rosa-maria","status":"publish","type":"post","link":"https:\/\/revistaenfoquepolitico.com\/index.php\/2025\/05\/13\/dignificacion-de-mercados-prioridad-de-mi-gobierno-rosa-maria\/","title":{"rendered":"DIGNIFICACI\u00d3N DE MERCADOS, PRIORIDAD DE MI GOBIERNO: ROSA MAR\u00cdA"},"content":{"rendered":"<div dir=\"auto\"><strong>*La candidata de MORENA\u2013PVEM a la alcald\u00eda de Veracruz recibi\u00f3 el respaldo de los locatarios del mercado Malibr\u00e1n, quienes est\u00e1n convencidos de que su proyecto es el \u00fanico que puede transformar Veracruz*<\/strong><\/div>\n<div dir=\"auto\"><\/div>\n<div dir=\"auto\">Veracruz, Ver., 12 de mayo de 2025<\/div>\n<div dir=\"auto\"><\/div>\n<div dir=\"auto\" style=\"text-align: justify;\">Durante un recorrido en el \u201cRosa M\u00f3vil\u201d por el emblem\u00e1tico mercado Malibr\u00e1n, Rosa Mar\u00eda Hern\u00e1ndez Espejo recibi\u00f3 el respaldo c\u00e1lido de las y los locatarios, ante quienes reafirm\u00f3 que la dignificaci\u00f3n de los mercados del municipio ser\u00e1 una de las prioridades de sus primeros 100 d\u00edas de gobierno.<\/div>\n<div dir=\"auto\" style=\"text-align: justify;\"><\/div>\n<div dir=\"auto\" style=\"text-align: justify;\"><img loading=\"lazy\" decoding=\"async\" class=\"alignleft size-medium wp-image-3032\" src=\"https:\/\/revistaenfoquepolitico.com\/wp-content\/uploads\/2025\/05\/ROSA-DIA-12-F1-300x200.jpg\" alt=\"\" width=\"300\" height=\"200\" \/>La candidata de la coalici\u00f3n MORENA\u2013PVEM a la presidencia municipal de Veracruz, se\u00f1al\u00f3 que los mercados p\u00fablicos han sido hist\u00f3ricamente abandonados, a pesar de ser centros clave para la econom\u00eda popular.<\/div>\n<div dir=\"auto\"><\/div>\n<div dir=\"auto\" style=\"text-align: justify;\">Entre sus propuestas, destac\u00f3 la creaci\u00f3n de equipos especiales de recolecci\u00f3n de basura y camiones vactor permanentes para estos espacios, as\u00ed como di\u00e1logo constante con dirigentes para atender las necesidades de manera inmediata.<\/div>\n<div dir=\"auto\" style=\"text-align: justify;\"><\/div>\n<div dir=\"auto\" style=\"text-align: justify;\">Rosa Mar\u00eda tambi\u00e9n plante\u00f3 recuperar el orden, combatir la corrupci\u00f3n y garantizar condiciones limpias y seguras para locatarios y compradores. \u201cLos mercados son el coraz\u00f3n econ\u00f3mico de muchas colonias y vamos a devolverles la dignidad que merecen\u201d, expres\u00f3.<\/div>\n<div dir=\"auto\" style=\"text-align: justify;\"><\/div>\n<div dir=\"auto\" style=\"text-align: justify;\"><strong>Encuentro con mujeres empresarias<\/strong><\/div>\n<div dir=\"auto\"><\/div>\n<div dir=\"auto\" style=\"text-align: justify;\"><img loading=\"lazy\" decoding=\"async\" class=\"alignright size-medium wp-image-3033\" src=\"https:\/\/revistaenfoquepolitico.com\/wp-content\/uploads\/2025\/05\/ROSA-DIA-12-F2-300x200.jpg\" alt=\"\" width=\"300\" height=\"200\" \/>Durante el d\u00eda 14 de actividades de campa\u00f1a, la candidata fue invitada a un encuentro con mujeres empresarias integrantes de la Asociaci\u00f3n Mexicana de Mujeres Jefas de Empresa (AMMJE) y el Consejo Coordinador Empresarial Metropolitano (CCEM).<\/div>\n<div dir=\"auto\"><\/div>\n<div dir=\"auto\" style=\"text-align: justify;\">Ah\u00ed destac\u00f3 que el di\u00e1logo con las mujeres que emprenden y generan empleo es fundamental para construir un gobierno cercano, justo y eficiente.<\/div>\n<div dir=\"auto\" style=\"text-align: justify;\"><\/div>\n<div dir=\"auto\" style=\"text-align: justify;\">Con estas acciones, Rosa Mar\u00eda contin\u00faa recogiendo las voces ciudadanas y sumando voluntades para lograr una transformaci\u00f3n profunda y verdadera en el municipio de Veracruz.<\/div>\n<div id=\"x_ms-outlook-mobile-body-separator-line\" dir=\"auto\" style=\"text-align: justify;\"><\/div>\n","protected":false},"excerpt":{"rendered":"<p>*La candidata de MORENA\u2013PVEM a la alcald\u00eda de Veracruz recibi\u00f3 el respaldo de los locatarios del mercado Malibr\u00e1n, quienes est\u00e1n convencidos de que su proyecto es el \u00fanico que puede transformar Veracruz* Veracruz, Ver., 12 de mayo de 2025 Durante un recorrido en el \u201cRosa M\u00f3vil\u201d por el emblem\u00e1tico mercado Malibr\u00e1n, Rosa Mar\u00eda Hern\u00e1ndez Espejo [&hellip;]<\/p>\n","protected":false},"author":1,"featured_media":0,"comment_status":"closed","ping_status":"closed","sticky":false,"template":"","format":"standard","meta":{"_jetpack_memberships_contains_paid_content":false,"footnotes":"","jetpack_publicize_message":"","jetpack_publicize_feature_enabled":true,"jetpack_social_post_already_shared":false,"jetpack_social_options":{"image_generator_settings":{"template":"highway","default_image_id":0,"font":"","enabled":false},"version":2}},"categories":[4],"tags":[42],"class_list":["post-3031","post","type-post","status-publish","format-standard","hentry","category-noticia-politica","tag-rosa-maria-hdez-espejo"],"jetpack_publicize_connections":[],"jetpack_featured_media_url":"","jetpack_sharing_enabled":true,"_links":{"self":[{"href":"https:\/\/revistaenfoquepolitico.com\/index.php\/wp-json\/wp\/v2\/posts\/3031","targetHints":{"allow":["GET"]}}],"collection":[{"href":"https:\/\/revistaenfoquepolitico.com\/index.php\/wp-json\/wp\/v2\/posts"}],"about":[{"href":"https:\/\/revistaenfoquepolitico.com\/index.php\/wp-json\/wp\/v2\/types\/post"}],"author":[{"embeddable":true,"href":"https:\/\/revistaenfoquepolitico.com\/index.php\/wp-json\/wp\/v2\/users\/1"}],"replies":[{"embeddable":true,"href":"https:\/\/revistaenfoquepolitico.com\/index.php\/wp-json\/wp\/v2\/comments?post=3031"}],"version-history":[{"count":1,"href":"https:\/\/revistaenfoquepolitico.com\/index.php\/wp-json\/wp\/v2\/posts\/3031\/revisions"}],"predecessor-version":[{"id":3035,"href":"https:\/\/revistaenfoquepolitico.com\/index.php\/wp-json\/wp\/v2\/posts\/3031\/revisions\/3035"}],"wp:attachment":[{"href":"https:\/\/revistaenfoquepolitico.com\/index.php\/wp-json\/wp\/v2\/media?parent=3031"}],"wp:term":[{"taxonomy":"category","embeddable":true,"href":"https:\/\/revistaenfoquepolitico.com\/index.php\/wp-json\/wp\/v2\/categories?post=3031"},{"taxonomy":"post_tag","embeddable":true,"href":"https:\/\/revistaenfoquepolitico.com\/index.php\/wp-json\/wp\/v2\/tags?post=3031"}],"curies":[{"name":"wp","href":"https:\/\/api.w.org\/{rel}","templated":true}]}}