{"id":3268,"date":"2025-05-27T04:22:27","date_gmt":"2025-05-27T04:22:27","guid":{"rendered":"https:\/\/revistaenfoquepolitico.com\/?p=3268"},"modified":"2025-05-27T04:22:27","modified_gmt":"2025-05-27T04:22:27","slug":"fortaleceremos-el-comercio-con-seguridad-orden-y-eficiencia-rosa-maria-hernandez-espejo","status":"publish","type":"post","link":"https:\/\/revistaenfoquepolitico.com\/index.php\/2025\/05\/27\/fortaleceremos-el-comercio-con-seguridad-orden-y-eficiencia-rosa-maria-hernandez-espejo\/","title":{"rendered":"FORTALECEREMOS EL COMERCIO CON SEGURIDAD, ORDEN Y EFICIENCIA: ROSA MAR\u00cdA HERN\u00c1NDEZ ESPEJO"},"content":{"rendered":"<div dir=\"auto\"><strong>*La candidata de la coalici\u00f3n MORENA-PVEM a la alcald\u00eda de Veracruz, acudi\u00f3 a la invitaci\u00f3n que le hicieran miembros de la CANACO Servytur de Veracruz*<\/strong><\/div>\n<div dir=\"auto\"><\/div>\n<div dir=\"auto\">Veracruz, Ver. 26 de mayo de 2025<\/div>\n<div dir=\"auto\"><\/div>\n<div dir=\"auto\" style=\"text-align: justify;\">Miembros de la CANACO Servytur en Veracruz manifestaron su voluntad de sumar esfuerzos con Rosa Mar\u00eda Hern\u00e1ndez Espejo, coincidiendo en que la ciudad requiere orden, servicios p\u00fablicos eficientes y condiciones de seguridad que impulsen la inversi\u00f3n y el desarrollo econ\u00f3mico sostenido.<\/div>\n<div dir=\"auto\" style=\"text-align: justify;\"><\/div>\n<div dir=\"auto\" style=\"text-align: justify;\"><img loading=\"lazy\" decoding=\"async\" class=\"alignleft size-medium wp-image-3269\" src=\"https:\/\/revistaenfoquepolitico.com\/wp-content\/uploads\/2025\/05\/ROSA-COMERCIO-1-300x200.jpg\" alt=\"\" width=\"300\" height=\"200\" srcset=\"https:\/\/revistaenfoquepolitico.com\/wp-content\/uploads\/2025\/05\/ROSA-COMERCIO-1-300x200.jpg 300w, https:\/\/revistaenfoquepolitico.com\/wp-content\/uploads\/2025\/05\/ROSA-COMERCIO-1-1024x682.jpg 1024w, https:\/\/revistaenfoquepolitico.com\/wp-content\/uploads\/2025\/05\/ROSA-COMERCIO-1-768x511.jpg 768w, https:\/\/revistaenfoquepolitico.com\/wp-content\/uploads\/2025\/05\/ROSA-COMERCIO-1-1170x779.jpg 1170w, https:\/\/revistaenfoquepolitico.com\/wp-content\/uploads\/2025\/05\/ROSA-COMERCIO-1.jpg 1280w\" sizes=\"auto, (max-width: 300px) 100vw, 300px\" \/>Durante un significativo encuentro, las y los empresarios adheridos a la C\u00e1mara Nacional de Comercio (CANACO), respaldaron la propuesta de gobierno de la candidata de la coalici\u00f3n MORENA-PVEM a la presidencia municipal de Veracruz, comprometi\u00e9ndose a participar activamente en todos los comit\u00e9s que se formen con la finalidad de impulsar la econom\u00eda local, en materia de comercio y turismo.<\/div>\n<div dir=\"auto\" style=\"text-align: justify;\"><\/div>\n<div dir=\"auto\" style=\"text-align: justify;\">Rosa Mar\u00eda agradeci\u00f3 la confianza y compromiso del sector, reiterando que su gobierno ser\u00e1 de puertas abiertas, con di\u00e1logo permanente y trabajo en territorio para garantizar que las pol\u00edticas p\u00fablicas respondan a las necesidades reales de quienes generan empleo, invierten y creen en Veracruz.<\/div>\n<div dir=\"auto\" style=\"text-align: justify;\"><\/div>\n<div dir=\"auto\" style=\"text-align: justify;\"><img loading=\"lazy\" decoding=\"async\" class=\"alignleft size-medium wp-image-3270\" src=\"https:\/\/revistaenfoquepolitico.com\/wp-content\/uploads\/2025\/05\/ROSA-COMERCIO-2-300x200.jpg\" alt=\"\" width=\"300\" height=\"200\" srcset=\"https:\/\/revistaenfoquepolitico.com\/wp-content\/uploads\/2025\/05\/ROSA-COMERCIO-2-300x200.jpg 300w, https:\/\/revistaenfoquepolitico.com\/wp-content\/uploads\/2025\/05\/ROSA-COMERCIO-2-1024x682.jpg 1024w, https:\/\/revistaenfoquepolitico.com\/wp-content\/uploads\/2025\/05\/ROSA-COMERCIO-2-768x511.jpg 768w, https:\/\/revistaenfoquepolitico.com\/wp-content\/uploads\/2025\/05\/ROSA-COMERCIO-2-1170x779.jpg 1170w, https:\/\/revistaenfoquepolitico.com\/wp-content\/uploads\/2025\/05\/ROSA-COMERCIO-2.jpg 1280w\" sizes=\"auto, (max-width: 300px) 100vw, 300px\" \/>En sinton\u00eda con las propuestas del sector, la candidata plante\u00f3 acciones que faciliten la inversi\u00f3n y el desarrollo comercial, mediante una ventanilla \u00fanica digital, adem\u00e1s de implementar un sistema municipal de videovigilancia en toda la ciudad, para combatir la inseguridad que prevalece y afecta sobre manera al empresariado veracruzano.<\/div>\n<div dir=\"auto\" style=\"text-align: justify;\"><\/div>\n<div dir=\"auto\"><\/div>\n<div dir=\"auto\"><\/div>\n<div dir=\"auto\"><\/div>\n<div dir=\"auto\"><\/div>\n<div dir=\"auto\" style=\"text-align: justify;\"><strong>*Recorrido en colonias porte\u00f1as*<\/strong><\/div>\n<div dir=\"auto\" style=\"text-align: justify;\" aria-hidden=\"true\"><\/div>\n<div dir=\"auto\" style=\"text-align: justify;\">En lo que represent\u00f3 el \u00faltimo lunes de campa\u00f1a, pero tambi\u00e9n una muestra clara de c\u00f3mo gobernar\u00e1 Veracruz, Rosa Mar\u00eda recorri\u00f3 la colonia Las Granjas a bordo del \u201cRosa M\u00f3vil\u201d, reafirmando su compromiso de estar en territorio, cerca de la gente y escuchando de frente sus necesidades.<\/div>\n<div dir=\"auto\" style=\"text-align: justify;\"><\/div>\n<div dir=\"auto\" style=\"text-align: justify;\">Desde el parque de Los Volcanes, en una asamblea informativa con vecinas y vecinos, la candidata morenista enfatiz\u00f3 que su gobierno ser\u00e1 cercano, honesto y de trabajo constante, con especial atenci\u00f3n a las zonas olvidadas que hoy exigen servicios dignos, espacios seguros y resultados reales.<\/div>\n<div id=\"x_ms-outlook-mobile-body-separator-line\" dir=\"auto\" style=\"text-align: justify;\"><\/div>\n","protected":false},"excerpt":{"rendered":"<p>*La candidata de la coalici\u00f3n MORENA-PVEM a la alcald\u00eda de Veracruz, acudi\u00f3 a la invitaci\u00f3n que le hicieran miembros de la CANACO Servytur de Veracruz* Veracruz, Ver. 26 de mayo de 2025 Miembros de la CANACO Servytur en Veracruz manifestaron su voluntad de sumar esfuerzos con Rosa Mar\u00eda Hern\u00e1ndez Espejo, coincidiendo en que la ciudad [&hellip;]<\/p>\n","protected":false},"author":1,"featured_media":3271,"comment_status":"closed","ping_status":"closed","sticky":false,"template":"","format":"standard","meta":{"_jetpack_memberships_contains_paid_content":false,"footnotes":"","jetpack_publicize_message":"","jetpack_publicize_feature_enabled":true,"jetpack_social_post_already_shared":false,"jetpack_social_options":{"image_generator_settings":{"template":"highway","default_image_id":0,"font":"","enabled":false},"version":2}},"categories":[4],"tags":[42],"class_list":["post-3268","post","type-post","status-publish","format-standard","has-post-thumbnail","hentry","category-noticia-politica","tag-rosa-maria-hdez-espejo"],"jetpack_publicize_connections":[],"jetpack_featured_media_url":"https:\/\/revistaenfoquepolitico.com\/wp-content\/uploads\/2025\/05\/ROSA-COMERCIO-3.jpg","jetpack_sharing_enabled":true,"_links":{"self":[{"href":"https:\/\/revistaenfoquepolitico.com\/index.php\/wp-json\/wp\/v2\/posts\/3268","targetHints":{"allow":["GET"]}}],"collection":[{"href":"https:\/\/revistaenfoquepolitico.com\/index.php\/wp-json\/wp\/v2\/posts"}],"about":[{"href":"https:\/\/revistaenfoquepolitico.com\/index.php\/wp-json\/wp\/v2\/types\/post"}],"author":[{"embeddable":true,"href":"https:\/\/revistaenfoquepolitico.com\/index.php\/wp-json\/wp\/v2\/users\/1"}],"replies":[{"embeddable":true,"href":"https:\/\/revistaenfoquepolitico.com\/index.php\/wp-json\/wp\/v2\/comments?post=3268"}],"version-history":[{"count":1,"href":"https:\/\/revistaenfoquepolitico.com\/index.php\/wp-json\/wp\/v2\/posts\/3268\/revisions"}],"predecessor-version":[{"id":3272,"href":"https:\/\/revistaenfoquepolitico.com\/index.php\/wp-json\/wp\/v2\/posts\/3268\/revisions\/3272"}],"wp:featuredmedia":[{"embeddable":true,"href":"https:\/\/revistaenfoquepolitico.com\/index.php\/wp-json\/wp\/v2\/media\/3271"}],"wp:attachment":[{"href":"https:\/\/revistaenfoquepolitico.com\/index.php\/wp-json\/wp\/v2\/media?parent=3268"}],"wp:term":[{"taxonomy":"category","embeddable":true,"href":"https:\/\/revistaenfoquepolitico.com\/index.php\/wp-json\/wp\/v2\/categories?post=3268"},{"taxonomy":"post_tag","embeddable":true,"href":"https:\/\/revistaenfoquepolitico.com\/index.php\/wp-json\/wp\/v2\/tags?post=3268"}],"curies":[{"name":"wp","href":"https:\/\/api.w.org\/{rel}","templated":true}]}}