{"id":3274,"date":"2025-05-27T16:49:18","date_gmt":"2025-05-27T16:49:18","guid":{"rendered":"https:\/\/revistaenfoquepolitico.com\/?p=3274"},"modified":"2025-05-27T16:58:43","modified_gmt":"2025-05-27T16:58:43","slug":"gran-cierre-de-campana-de-carolina-gudino","status":"publish","type":"post","link":"https:\/\/revistaenfoquepolitico.com\/index.php\/2025\/05\/27\/gran-cierre-de-campana-de-carolina-gudino\/","title":{"rendered":"GRAN CIERRE DE CAMPA\u00d1A DE CAROLINA GUDI\u00d1O"},"content":{"rendered":"<p>H. Veracruz, Ver., 27 de mayo de 2025<\/p>\n<p>Con el respaldo de la senadora CRISTINA RU\u00cdZ, Alejandro Moreno y el excandidato Jos\u00e9 Yunes Zorrilla<\/p>\n<p style=\"text-align: justify;\">Carolina Gudi\u00f1o Corro el d\u00eda ayer lunes cerr\u00f3 su campa\u00f1a con un lleno total en el PARQUE ZAMORA en donde coment\u00f3 en su discurso la obra de remodelaci\u00f3n de la alameda Salvador D\u00edaz Mir\u00f3n cuando fue presidenta\u00a0 y por eso solicit\u00f3 el apoyo de todos porque no quiere dejarlo en manos de malos gobiernos.<\/p>\n<p>Con el entusiasmo de todos los asistentes alzando las banderas y al grito Carolina Carolina estamos contigo.<\/p>\n<div style=\"width: 480px;\" class=\"wp-video\"><video class=\"wp-video-shortcode\" id=\"video-3274-1\" width=\"480\" height=\"864\" preload=\"metadata\" controls=\"controls\"><source type=\"video\/mp4\" src=\"https:\/\/revistaenfoquepolitico.com\/wp-content\/uploads\/2025\/05\/VIDEO-CRISTINA-RUIZ.mp4?_=1\" \/><a href=\"https:\/\/revistaenfoquepolitico.com\/wp-content\/uploads\/2025\/05\/VIDEO-CRISTINA-RUIZ.mp4\">https:\/\/revistaenfoquepolitico.com\/wp-content\/uploads\/2025\/05\/VIDEO-CRISTINA-RUIZ.mp4<\/a><\/video><\/div>\n<p><img loading=\"lazy\" decoding=\"async\" class=\"alignleft size-medium wp-image-3277\" src=\"https:\/\/revistaenfoquepolitico.com\/wp-content\/uploads\/2025\/05\/CAROLINA-F3-226x300.jpg\" alt=\"\" width=\"226\" height=\"300\" srcset=\"https:\/\/revistaenfoquepolitico.com\/wp-content\/uploads\/2025\/05\/CAROLINA-F3-226x300.jpg 226w, https:\/\/revistaenfoquepolitico.com\/wp-content\/uploads\/2025\/05\/CAROLINA-F3-771x1024.jpg 771w, https:\/\/revistaenfoquepolitico.com\/wp-content\/uploads\/2025\/05\/CAROLINA-F3-768x1020.jpg 768w, https:\/\/revistaenfoquepolitico.com\/wp-content\/uploads\/2025\/05\/CAROLINA-F3-1157x1536.jpg 1157w, https:\/\/revistaenfoquepolitico.com\/wp-content\/uploads\/2025\/05\/CAROLINA-F3-1170x1554.jpg 1170w, https:\/\/revistaenfoquepolitico.com\/wp-content\/uploads\/2025\/05\/CAROLINA-F3.jpg 1536w\" sizes=\"auto, (max-width: 226px) 100vw, 226px\" \/><img loading=\"lazy\" decoding=\"async\" class=\"alignright size-medium wp-image-3280\" src=\"https:\/\/revistaenfoquepolitico.com\/wp-content\/uploads\/2025\/05\/CAROLINA-F6-226x300.jpg\" alt=\"\" width=\"226\" height=\"300\" srcset=\"https:\/\/revistaenfoquepolitico.com\/wp-content\/uploads\/2025\/05\/CAROLINA-F6-226x300.jpg 226w, https:\/\/revistaenfoquepolitico.com\/wp-content\/uploads\/2025\/05\/CAROLINA-F6-771x1024.jpg 771w, https:\/\/revistaenfoquepolitico.com\/wp-content\/uploads\/2025\/05\/CAROLINA-F6-768x1020.jpg 768w, https:\/\/revistaenfoquepolitico.com\/wp-content\/uploads\/2025\/05\/CAROLINA-F6-1157x1536.jpg 1157w, https:\/\/revistaenfoquepolitico.com\/wp-content\/uploads\/2025\/05\/CAROLINA-F6-1170x1554.jpg 1170w, https:\/\/revistaenfoquepolitico.com\/wp-content\/uploads\/2025\/05\/CAROLINA-F6.jpg 1536w\" sizes=\"auto, (max-width: 226px) 100vw, 226px\" \/><\/p>\n<p>&nbsp;<\/p>\n<p>&nbsp;<\/p>\n<p>&nbsp;<\/p>\n<p>&nbsp;<\/p>\n<p>&nbsp;<\/p>\n<p>&nbsp;<\/p>\n<p>&nbsp;<\/p>\n<p>&nbsp;<\/p>\n<p><img loading=\"lazy\" decoding=\"async\" class=\"alignleft size-medium wp-image-3281\" src=\"https:\/\/revistaenfoquepolitico.com\/wp-content\/uploads\/2025\/05\/CAROLINA-F7-300x226.jpg\" alt=\"\" width=\"300\" height=\"226\" srcset=\"https:\/\/revistaenfoquepolitico.com\/wp-content\/uploads\/2025\/05\/CAROLINA-F7-300x226.jpg 300w, https:\/\/revistaenfoquepolitico.com\/wp-content\/uploads\/2025\/05\/CAROLINA-F7-1024x771.jpg 1024w, https:\/\/revistaenfoquepolitico.com\/wp-content\/uploads\/2025\/05\/CAROLINA-F7-768x578.jpg 768w, https:\/\/revistaenfoquepolitico.com\/wp-content\/uploads\/2025\/05\/CAROLINA-F7-1536x1157.jpg 1536w, https:\/\/revistaenfoquepolitico.com\/wp-content\/uploads\/2025\/05\/CAROLINA-F7-1170x881.jpg 1170w, https:\/\/revistaenfoquepolitico.com\/wp-content\/uploads\/2025\/05\/CAROLINA-F7.jpg 2040w\" sizes=\"auto, (max-width: 300px) 100vw, 300px\" \/><\/p>\n<p>&nbsp;<\/p>\n<p>&nbsp;<\/p>\n<p>&nbsp;<\/p>\n<p>&nbsp;<\/p>\n<p>&nbsp;<\/p>\n<p>&nbsp;<\/p>\n<p>&nbsp;<\/p>\n<p>&nbsp;<\/p>\n","protected":false},"excerpt":{"rendered":"<p>H. Veracruz, Ver., 27 de mayo de 2025 Con el respaldo de la senadora CRISTINA RU\u00cdZ, Alejandro Moreno y el excandidato Jos\u00e9 Yunes Zorrilla Carolina Gudi\u00f1o Corro el d\u00eda ayer lunes cerr\u00f3 su campa\u00f1a con un lleno total en el PARQUE ZAMORA en donde coment\u00f3 en su discurso la obra de remodelaci\u00f3n de la alameda [&hellip;]<\/p>\n","protected":false},"author":1,"featured_media":3275,"comment_status":"closed","ping_status":"closed","sticky":false,"template":"","format":"standard","meta":{"_jetpack_memberships_contains_paid_content":false,"footnotes":"","jetpack_publicize_message":"","jetpack_publicize_feature_enabled":true,"jetpack_social_post_already_shared":false,"jetpack_social_options":{"image_generator_settings":{"template":"highway","default_image_id":0,"font":"","enabled":false},"version":2}},"categories":[4],"tags":[55],"class_list":["post-3274","post","type-post","status-publish","format-standard","has-post-thumbnail","hentry","category-noticia-politica","tag-carolina-gudino"],"jetpack_publicize_connections":[],"jetpack_featured_media_url":"https:\/\/revistaenfoquepolitico.com\/wp-content\/uploads\/2025\/05\/CAROLINA-F1.jpg","jetpack_sharing_enabled":true,"_links":{"self":[{"href":"https:\/\/revistaenfoquepolitico.com\/index.php\/wp-json\/wp\/v2\/posts\/3274","targetHints":{"allow":["GET"]}}],"collection":[{"href":"https:\/\/revistaenfoquepolitico.com\/index.php\/wp-json\/wp\/v2\/posts"}],"about":[{"href":"https:\/\/revistaenfoquepolitico.com\/index.php\/wp-json\/wp\/v2\/types\/post"}],"author":[{"embeddable":true,"href":"https:\/\/revistaenfoquepolitico.com\/index.php\/wp-json\/wp\/v2\/users\/1"}],"replies":[{"embeddable":true,"href":"https:\/\/revistaenfoquepolitico.com\/index.php\/wp-json\/wp\/v2\/comments?post=3274"}],"version-history":[{"count":5,"href":"https:\/\/revistaenfoquepolitico.com\/index.php\/wp-json\/wp\/v2\/posts\/3274\/revisions"}],"predecessor-version":[{"id":3290,"href":"https:\/\/revistaenfoquepolitico.com\/index.php\/wp-json\/wp\/v2\/posts\/3274\/revisions\/3290"}],"wp:featuredmedia":[{"embeddable":true,"href":"https:\/\/revistaenfoquepolitico.com\/index.php\/wp-json\/wp\/v2\/media\/3275"}],"wp:attachment":[{"href":"https:\/\/revistaenfoquepolitico.com\/index.php\/wp-json\/wp\/v2\/media?parent=3274"}],"wp:term":[{"taxonomy":"category","embeddable":true,"href":"https:\/\/revistaenfoquepolitico.com\/index.php\/wp-json\/wp\/v2\/categories?post=3274"},{"taxonomy":"post_tag","embeddable":true,"href":"https:\/\/revistaenfoquepolitico.com\/index.php\/wp-json\/wp\/v2\/tags?post=3274"}],"curies":[{"name":"wp","href":"https:\/\/api.w.org\/{rel}","templated":true}]}}