{"id":329,"date":"2024-01-26T06:21:03","date_gmt":"2024-01-26T06:21:03","guid":{"rendered":"https:\/\/revistaenfoquepolitico.com\/?p=329"},"modified":"2024-01-26T06:21:03","modified_gmt":"2024-01-26T06:21:03","slug":"del-26-de-junio-al-2-de-julio-la-fecha-oficial-de-carnaval-2024-cien-anos-de-alegria-paty-lobeira","status":"publish","type":"post","link":"https:\/\/revistaenfoquepolitico.com\/index.php\/2024\/01\/26\/del-26-de-junio-al-2-de-julio-la-fecha-oficial-de-carnaval-2024-cien-anos-de-alegria-paty-lobeira\/","title":{"rendered":"DEL 26 DE JUNIO AL 2 DE JULIO, LA FECHA OFICIAL DE CARNAVAL 2024 \u00a1CIEN A\u00d1OS DE ALEGR\u00cdA!: PATY LOBEIRA"},"content":{"rendered":"<div dir=\"auto\" style=\"text-align: justify;\"><strong>LA ALCALDESA AFIRM\u00d3 QUE SER\u00c1 UNA EDICI\u00d3N ESPECIAL, YA QUE SE ESTAR\u00c1N CELEBRANDO LOS 100 A\u00d1OS DE ESTA FIESTA TAN IMPORTANTE PARA LOS VERACRUZANOS<\/strong><\/div>\n<div dir=\"auto\"><\/div>\n<div dir=\"auto\">\n<div dir=\"auto\">Veracruz, Ver., 25 de enero de 2024<\/div>\n<div dir=\"auto\"><\/div>\n<div dir=\"auto\" style=\"text-align: justify;\">La alcaldesa Paty Lobeira de Yunes, acompa\u00f1ada por el presidente del Comit\u00e9 de Carnaval, Luis Antonio P\u00e9rez Fraga, anunci\u00f3 que la fecha oficial para la realizaci\u00f3n del Carnaval de Veracruz 2024 \u00a1el m\u00e1s alegre del mundo!, en su edici\u00f3n n\u00famero 100, ser\u00e1 del 26 de junio al 2 de julio.<\/div>\n<div dir=\"auto\" style=\"text-align: justify;\"><\/div>\n<div dir=\"auto\" style=\"text-align: justify;\">\u201cEste Carnaval 2024 ser\u00e1 una edici\u00f3n muy especial, ya que estaremos celebrando los 100 a\u00f1os de esta fiesta tan importante para los veracruzanos\u201d, destac\u00f3 la alcaldesa.<\/div>\n<div dir=\"auto\" style=\"text-align: justify;\"><\/div>\n<div dir=\"auto\">Inform\u00f3 que estos festejos carnestolendas iniciar\u00e1n el mi\u00e9rcoles 26 de junio con la quema del mal humor.<\/div>\n<div dir=\"auto\"><\/div>\n<div dir=\"auto\"><strong>-El d\u00eda jueves 27 se realizar\u00e1 la coronaci\u00f3n de los Reyes.<\/strong><\/div>\n<div dir=\"auto\"><\/div>\n<div dir=\"auto\"><strong>-El viernes 28 ser\u00e1 la coronaci\u00f3n de los reyes infantiles.<\/strong><\/div>\n<div dir=\"auto\"><\/div>\n<div dir=\"auto\"><strong>-Del 29 de junio al 2 de julio se realizar\u00e1n los tradicionales paseos.<\/strong><\/div>\n<div dir=\"auto\"><\/div>\n<div dir=\"auto\"><strong>-Y el 2 de julio ser\u00e1 el entierro de Juan Carnaval.<\/strong><\/div>\n<div dir=\"auto\"><\/div>\n<div dir=\"auto\" style=\"text-align: justify;\">Manifest\u00f3 la alcaldesa que realizar\u00e1n esfuerzos extraordinarios en materia de comunicaci\u00f3n y promoci\u00f3n tur\u00edstica para que personas de todo M\u00e9xico se enteren de esta fiesta y vengan a vivirla y disfrutarla. \u00abEstamos trabajando todos los d\u00edas para ofrecerles el mejor Carnaval de la historia, pero tambi\u00e9n el m\u00e1s seguro\u201d, dijo.<\/div>\n<div dir=\"auto\" style=\"text-align: justify;\"><\/div>\n<div dir=\"auto\" style=\"text-align: justify;\">Destac\u00f3 que estas fechas son muy importantes para las empresas de servicios tur\u00edsticos, as\u00ed como para los comercios locales, restaurantes, hoteles, taxistas y familias trabajadoras que brindan servicios en torno a esta gran fiesta.<\/div>\n<div dir=\"auto\" style=\"text-align: justify;\"><\/div>\n<div dir=\"auto\" style=\"text-align: justify;\"><img loading=\"lazy\" decoding=\"async\" class=\"alignleft size-medium wp-image-331\" src=\"https:\/\/revistaenfoquepolitico.com\/wp-content\/uploads\/2024\/01\/FECHA-OFICIAL-F2-300x200.jpg\" alt=\"\" width=\"300\" height=\"200\" \/>\u201cNo tengo duda que esta edici\u00f3n continuar\u00e1 con la inercia tur\u00edstica en la que tanto hemos trabajado, lo que seguir\u00e1 impulsando el desarrollo econ\u00f3mico de nuestra ciudad\u201d\u00a0sostuvo.<\/div>\n<div dir=\"auto\" style=\"text-align: justify;\"><\/div>\n<div dir=\"auto\" style=\"text-align: justify;\">La alcaldesa Paty Lobeira de Yunes hizo la invitaci\u00f3n para venir a disfrutar de la ciudad durante estos d\u00edas que estar\u00e1n llenos de alegr\u00eda, m\u00fasica y color. \u201cEsta edici\u00f3n n\u00famero 100 del carnaval hay que celebrarla y hay que hacerlo en grande, para que siga siendo el m\u00e1s alegre del mundo; estoy segura de que tendremos lleno total y los veracruzanos los recibiremos con much\u00edsima alegr\u00eda\u201d, dijo.<\/div>\n<div dir=\"auto\" style=\"text-align: justify;\"><\/div>\n<div dir=\"auto\" style=\"text-align: justify;\">Durante la presentaci\u00f3n, realizada en el Patio Central del Palacio Municipal, la alcaldesa Paty Lobeira de Yunes estuvo acompa\u00f1ada por la corte real del Carnaval, as\u00ed como tambi\u00e9n de exreyes, bastoneras e integrantes de las batucadas.<\/div>\n<div dir=\"auto\" style=\"text-align: justify;\"><\/div>\n<p>\u00abEste Carnaval 2024 tiene un significado especial y quiero decirles que tendremos algunas sorpresas preparadas para todos los veracruzanos y turistas que nos visiten, y durante las pr\u00f3ximas semanas las estaremos dando a conocer\u201d, concluy\u00f3 la alcaldesa Paty Lobeira de Yunes<\/p><\/div>\n<div dir=\"auto\"><img loading=\"lazy\" decoding=\"async\" class=\"alignleft size-medium wp-image-333\" src=\"https:\/\/revistaenfoquepolitico.com\/wp-content\/uploads\/2024\/01\/FECHA-OFICIAL-F4-300x200.jpg\" alt=\"\" width=\"300\" height=\"200\" \/><img loading=\"lazy\" decoding=\"async\" class=\"alignright size-medium wp-image-330\" src=\"https:\/\/revistaenfoquepolitico.com\/wp-content\/uploads\/2024\/01\/FECHA-OFICIAL-F1-300x200.jpg\" alt=\"\" width=\"300\" height=\"200\" \/><\/div>\n<div dir=\"auto\"><\/div>\n<div dir=\"auto\"><\/div>\n<div dir=\"auto\"><\/div>\n<div dir=\"auto\"><\/div>\n<div dir=\"auto\"><\/div>\n<div dir=\"auto\"><\/div>\n<div dir=\"auto\"><\/div>\n","protected":false},"excerpt":{"rendered":"<p>LA ALCALDESA AFIRM\u00d3 QUE SER\u00c1 UNA EDICI\u00d3N ESPECIAL, YA QUE SE ESTAR\u00c1N CELEBRANDO LOS 100 A\u00d1OS DE ESTA FIESTA TAN IMPORTANTE PARA LOS VERACRUZANOS Veracruz, Ver., 25 de enero de 2024 La alcaldesa Paty Lobeira de Yunes, acompa\u00f1ada por el presidente del Comit\u00e9 de Carnaval, Luis Antonio P\u00e9rez Fraga, anunci\u00f3 que la fecha oficial para [&hellip;]<\/p>\n","protected":false},"author":1,"featured_media":0,"comment_status":"closed","ping_status":"closed","sticky":false,"template":"","format":"standard","meta":{"_jetpack_memberships_contains_paid_content":false,"footnotes":"","jetpack_publicize_message":"","jetpack_publicize_feature_enabled":true,"jetpack_social_post_already_shared":false,"jetpack_social_options":{"image_generator_settings":{"template":"highway","default_image_id":0,"font":"","enabled":false},"version":2}},"categories":[4],"tags":[19],"class_list":["post-329","post","type-post","status-publish","format-standard","hentry","category-noticia-politica","tag-carnaval-2024"],"jetpack_publicize_connections":[],"jetpack_featured_media_url":"","jetpack_sharing_enabled":true,"_links":{"self":[{"href":"https:\/\/revistaenfoquepolitico.com\/index.php\/wp-json\/wp\/v2\/posts\/329","targetHints":{"allow":["GET"]}}],"collection":[{"href":"https:\/\/revistaenfoquepolitico.com\/index.php\/wp-json\/wp\/v2\/posts"}],"about":[{"href":"https:\/\/revistaenfoquepolitico.com\/index.php\/wp-json\/wp\/v2\/types\/post"}],"author":[{"embeddable":true,"href":"https:\/\/revistaenfoquepolitico.com\/index.php\/wp-json\/wp\/v2\/users\/1"}],"replies":[{"embeddable":true,"href":"https:\/\/revistaenfoquepolitico.com\/index.php\/wp-json\/wp\/v2\/comments?post=329"}],"version-history":[{"count":1,"href":"https:\/\/revistaenfoquepolitico.com\/index.php\/wp-json\/wp\/v2\/posts\/329\/revisions"}],"predecessor-version":[{"id":334,"href":"https:\/\/revistaenfoquepolitico.com\/index.php\/wp-json\/wp\/v2\/posts\/329\/revisions\/334"}],"wp:attachment":[{"href":"https:\/\/revistaenfoquepolitico.com\/index.php\/wp-json\/wp\/v2\/media?parent=329"}],"wp:term":[{"taxonomy":"category","embeddable":true,"href":"https:\/\/revistaenfoquepolitico.com\/index.php\/wp-json\/wp\/v2\/categories?post=329"},{"taxonomy":"post_tag","embeddable":true,"href":"https:\/\/revistaenfoquepolitico.com\/index.php\/wp-json\/wp\/v2\/tags?post=329"}],"curies":[{"name":"wp","href":"https:\/\/api.w.org\/{rel}","templated":true}]}}