{"id":3357,"date":"2025-06-02T03:22:17","date_gmt":"2025-06-02T03:22:17","guid":{"rendered":"https:\/\/revistaenfoquepolitico.com\/?p=3357"},"modified":"2025-06-02T03:22:17","modified_gmt":"2025-06-02T03:22:17","slug":"arrasa-rosa-maria-2-a-1-en-el-municipio-de-veracruz","status":"publish","type":"post","link":"https:\/\/revistaenfoquepolitico.com\/index.php\/2025\/06\/02\/arrasa-rosa-maria-2-a-1-en-el-municipio-de-veracruz\/","title":{"rendered":"ARRASA ROSA MAR\u00cdA 2 A 1 EN EL MUNICIPIO DE VERACRUZ"},"content":{"rendered":"<div dir=\"auto\"><strong>*De acuerdo a las encuestas de salida, la candidata de Morena-PVEM a la alcald\u00eda de Veracruz obtuvo 49 por ciento de la votaci\u00f3n, contra 24 de su m\u00e1s cercana competidora*<\/strong><\/div>\n<div dir=\"auto\"><\/div>\n<div dir=\"auto\">Veracruz, Ver. 01 de junio de 2025<\/div>\n<div dir=\"auto\"><\/div>\n<div dir=\"auto\" style=\"text-align: justify;\">\u201cHoy la Cuarta Transformaci\u00f3n aterriza en el puerto de Veracruz\u201d, sostuvo Rosa Mar\u00eda Hern\u00e1ndez Espejo -candidata de Morena-Verde- al resultar ganadora 2 a 1 de la elecci\u00f3n municipal, convirti\u00e9ndose \u00a0en la primera alcaldesa de izquierda del municipio m\u00e1s importante de la entidad veracruzana.<\/div>\n<div dir=\"auto\" style=\"text-align: justify;\"><\/div>\n<div dir=\"auto\" style=\"text-align: justify;\"><img loading=\"lazy\" decoding=\"async\" class=\"alignleft size-medium wp-image-3360\" src=\"https:\/\/revistaenfoquepolitico.com\/wp-content\/uploads\/2025\/06\/ROSA-ARRASA-4-300x200.jpg\" alt=\"\" width=\"300\" height=\"200\" srcset=\"https:\/\/revistaenfoquepolitico.com\/wp-content\/uploads\/2025\/06\/ROSA-ARRASA-4-300x200.jpg 300w, https:\/\/revistaenfoquepolitico.com\/wp-content\/uploads\/2025\/06\/ROSA-ARRASA-4-1024x682.jpg 1024w, https:\/\/revistaenfoquepolitico.com\/wp-content\/uploads\/2025\/06\/ROSA-ARRASA-4-768x512.jpg 768w, https:\/\/revistaenfoquepolitico.com\/wp-content\/uploads\/2025\/06\/ROSA-ARRASA-4-1536x1023.jpg 1536w, https:\/\/revistaenfoquepolitico.com\/wp-content\/uploads\/2025\/06\/ROSA-ARRASA-4-1170x780.jpg 1170w, https:\/\/revistaenfoquepolitico.com\/wp-content\/uploads\/2025\/06\/ROSA-ARRASA-4.jpg 1600w\" sizes=\"auto, (max-width: 300px) 100vw, 300px\" \/>En conferencia de prensa, acompa\u00f1ada de la dirigencia nacional de Morena, la abanderada morenista manifest\u00f3: \u201cEstamos haciendo historia una vez m\u00e1s. Hoy la Cuarta Transformaci\u00f3n aterriza en Veracruz\u201d, expres\u00f3 visiblemente emocionada.<\/div>\n<div dir=\"auto\" style=\"text-align: justify;\"><\/div>\n<div dir=\"auto\" style=\"text-align: justify;\">Agreg\u00f3: \u201cEste triunfo no es m\u00edo, es del pueblo de Veracruz, que decidi\u00f3 recuperar su ciudad. Vamos a cumplir todos nuestros compromisos con amor, con alegr\u00eda y con mucha responsabilidad\u201d.<\/div>\n<div dir=\"auto\" style=\"text-align: justify;\"><\/div>\n<div dir=\"auto\" style=\"text-align: justify;\">Precis\u00f3 que las encuestas de salida marcan una diferencia de 25 puntos a su favor.<\/div>\n<div dir=\"auto\" style=\"text-align: justify;\"><\/div>\n<div dir=\"auto\" style=\"text-align: justify;\"><img loading=\"lazy\" decoding=\"async\" class=\"alignright size-medium wp-image-3358\" src=\"https:\/\/revistaenfoquepolitico.com\/wp-content\/uploads\/2025\/06\/ROSA-ARRASA-1-300x200.jpg\" alt=\"\" width=\"300\" height=\"200\" srcset=\"https:\/\/revistaenfoquepolitico.com\/wp-content\/uploads\/2025\/06\/ROSA-ARRASA-1-300x200.jpg 300w, https:\/\/revistaenfoquepolitico.com\/wp-content\/uploads\/2025\/06\/ROSA-ARRASA-1-1024x681.jpg 1024w, https:\/\/revistaenfoquepolitico.com\/wp-content\/uploads\/2025\/06\/ROSA-ARRASA-1-768x511.jpg 768w, https:\/\/revistaenfoquepolitico.com\/wp-content\/uploads\/2025\/06\/ROSA-ARRASA-1-1536x1021.jpg 1536w, https:\/\/revistaenfoquepolitico.com\/wp-content\/uploads\/2025\/06\/ROSA-ARRASA-1-1170x778.jpg 1170w, https:\/\/revistaenfoquepolitico.com\/wp-content\/uploads\/2025\/06\/ROSA-ARRASA-1.jpg 1600w\" sizes=\"auto, (max-width: 300px) 100vw, 300px\" \/>En el encuentro con medios de comunicaci\u00f3n participaron tambi\u00e9n: Bertha Ahued Malpica, virtual ganadora de la alcald\u00eda en Boca del R\u00edo; Camila Mart\u00ednez Guti\u00e9rrez, secretaria de Comunicaci\u00f3n del CEN de Morena; Aar\u00f3n Enr\u00edquez Garc\u00eda, secretario Nacional de J\u00f3venes de Morena; as\u00ed como la diputada federal Soraya Villase\u00f1or Palacios y la diputada local Maddie Uscanga Hern\u00e1ndez.<\/div>\n<div dir=\"auto\" style=\"text-align: justify;\"><\/div>\n<div dir=\"auto\" style=\"text-align: justify;\">Durante su mensaje, Camila Mart\u00ednez destac\u00f3 que, de acuerdo con los datos preliminares, la coalici\u00f3n Morena\u2013PVEM habr\u00eda ganado cerca de 140 municipios en el estado. \u201cVeracruz puerto y Boca del R\u00edo son hoy ejemplo de que la gente conf\u00eda en el proyecto de transformaci\u00f3n. Amor con amor se paga\u201d, expres\u00f3.<\/div>\n<div dir=\"auto\" style=\"text-align: justify;\"><\/div>\n<div dir=\"auto\" style=\"text-align: justify;\">Finalmente, Rosa Mar\u00eda reiter\u00f3 su agradecimiento al pueblo veracruzano, a su equipo de campa\u00f1a y a quienes caminaron con ella cada d\u00eda.<\/div>\n<div id=\"x_ms-outlook-mobile-body-separator-line\" dir=\"auto\" style=\"text-align: justify;\"><img loading=\"lazy\" decoding=\"async\" class=\"alignleft size-medium wp-image-3359\" src=\"https:\/\/revistaenfoquepolitico.com\/wp-content\/uploads\/2025\/06\/ROSA-ARRASA-3-300x200.jpg\" alt=\"\" width=\"300\" height=\"200\" srcset=\"https:\/\/revistaenfoquepolitico.com\/wp-content\/uploads\/2025\/06\/ROSA-ARRASA-3-300x200.jpg 300w, https:\/\/revistaenfoquepolitico.com\/wp-content\/uploads\/2025\/06\/ROSA-ARRASA-3-1024x681.jpg 1024w, https:\/\/revistaenfoquepolitico.com\/wp-content\/uploads\/2025\/06\/ROSA-ARRASA-3-768x511.jpg 768w, https:\/\/revistaenfoquepolitico.com\/wp-content\/uploads\/2025\/06\/ROSA-ARRASA-3-1536x1021.jpg 1536w, https:\/\/revistaenfoquepolitico.com\/wp-content\/uploads\/2025\/06\/ROSA-ARRASA-3-1170x778.jpg 1170w, https:\/\/revistaenfoquepolitico.com\/wp-content\/uploads\/2025\/06\/ROSA-ARRASA-3.jpg 1600w\" sizes=\"auto, (max-width: 300px) 100vw, 300px\" \/><\/div>\n","protected":false},"excerpt":{"rendered":"<p>*De acuerdo a las encuestas de salida, la candidata de Morena-PVEM a la alcald\u00eda de Veracruz obtuvo 49 por ciento de la votaci\u00f3n, contra 24 de su m\u00e1s cercana competidora* Veracruz, Ver. 01 de junio de 2025 \u201cHoy la Cuarta Transformaci\u00f3n aterriza en el puerto de Veracruz\u201d, sostuvo Rosa Mar\u00eda Hern\u00e1ndez Espejo -candidata de Morena-Verde- [&hellip;]<\/p>\n","protected":false},"author":1,"featured_media":3361,"comment_status":"closed","ping_status":"closed","sticky":false,"template":"","format":"standard","meta":{"_jetpack_memberships_contains_paid_content":false,"footnotes":"","jetpack_publicize_message":"","jetpack_publicize_feature_enabled":true,"jetpack_social_post_already_shared":false,"jetpack_social_options":{"image_generator_settings":{"template":"highway","default_image_id":0,"font":"","enabled":false},"version":2}},"categories":[4],"tags":[42],"class_list":["post-3357","post","type-post","status-publish","format-standard","has-post-thumbnail","hentry","category-noticia-politica","tag-rosa-maria-hdez-espejo"],"jetpack_publicize_connections":[],"jetpack_featured_media_url":"https:\/\/revistaenfoquepolitico.com\/wp-content\/uploads\/2025\/06\/ROSA-ARRASA-5.jpg","jetpack_sharing_enabled":true,"_links":{"self":[{"href":"https:\/\/revistaenfoquepolitico.com\/index.php\/wp-json\/wp\/v2\/posts\/3357","targetHints":{"allow":["GET"]}}],"collection":[{"href":"https:\/\/revistaenfoquepolitico.com\/index.php\/wp-json\/wp\/v2\/posts"}],"about":[{"href":"https:\/\/revistaenfoquepolitico.com\/index.php\/wp-json\/wp\/v2\/types\/post"}],"author":[{"embeddable":true,"href":"https:\/\/revistaenfoquepolitico.com\/index.php\/wp-json\/wp\/v2\/users\/1"}],"replies":[{"embeddable":true,"href":"https:\/\/revistaenfoquepolitico.com\/index.php\/wp-json\/wp\/v2\/comments?post=3357"}],"version-history":[{"count":1,"href":"https:\/\/revistaenfoquepolitico.com\/index.php\/wp-json\/wp\/v2\/posts\/3357\/revisions"}],"predecessor-version":[{"id":3362,"href":"https:\/\/revistaenfoquepolitico.com\/index.php\/wp-json\/wp\/v2\/posts\/3357\/revisions\/3362"}],"wp:featuredmedia":[{"embeddable":true,"href":"https:\/\/revistaenfoquepolitico.com\/index.php\/wp-json\/wp\/v2\/media\/3361"}],"wp:attachment":[{"href":"https:\/\/revistaenfoquepolitico.com\/index.php\/wp-json\/wp\/v2\/media?parent=3357"}],"wp:term":[{"taxonomy":"category","embeddable":true,"href":"https:\/\/revistaenfoquepolitico.com\/index.php\/wp-json\/wp\/v2\/categories?post=3357"},{"taxonomy":"post_tag","embeddable":true,"href":"https:\/\/revistaenfoquepolitico.com\/index.php\/wp-json\/wp\/v2\/tags?post=3357"}],"curies":[{"name":"wp","href":"https:\/\/api.w.org\/{rel}","templated":true}]}}