{"id":3364,"date":"2025-06-02T06:28:14","date_gmt":"2025-06-02T06:28:14","guid":{"rendered":"https:\/\/revistaenfoquepolitico.com\/?p=3364"},"modified":"2025-06-02T06:28:14","modified_gmt":"2025-06-02T06:28:14","slug":"veracruz-celebra-contundente-triunfo-de-la-4t-y-rosa-maria-en-el-municipio-porteno","status":"publish","type":"post","link":"https:\/\/revistaenfoquepolitico.com\/index.php\/2025\/06\/02\/veracruz-celebra-contundente-triunfo-de-la-4t-y-rosa-maria-en-el-municipio-porteno\/","title":{"rendered":"VERACRUZ CELEBRA: CONTUNDENTE TRIUNFO DE LA 4T Y ROSA MAR\u00cdA EN EL MUNICIPIO PORTE\u00d1O"},"content":{"rendered":"<div dir=\"auto\" data-olk-copy-source=\"MessageBody\"><strong>*Veracruz celebra: contundente triunfo de la 4T y Rosa Mar\u00eda en el municipio porte\u00f1o*<\/strong><\/div>\n<div dir=\"auto\"><\/div>\n<div dir=\"auto\">Veracruz, Ver. 1 de junio de 2025<\/div>\n<div dir=\"auto\"><\/div>\n<div dir=\"auto\" style=\"text-align: justify;\">Veracruz ya es territorio de la Cuarta Transformaci\u00f3n. Y miles de veracruzanos lo celebraron en el z\u00f3calo del municipio porte\u00f1o, donde Rosa Mar\u00eda Hern\u00e1ndez Espejo se consolida como la virtual ganadora de la elecci\u00f3n a la alcald\u00eda, de acuerdo con datos del Organismo P\u00fablico Local Electoral (OPLE), que la posicionan con el doble de votos frente a su m\u00e1s cercana contrincante.<\/div>\n<div dir=\"auto\" style=\"text-align: justify;\"><\/div>\n<div dir=\"auto\" style=\"text-align: justify;\"><img loading=\"lazy\" decoding=\"async\" class=\"alignleft size-medium wp-image-3367\" src=\"https:\/\/revistaenfoquepolitico.com\/wp-content\/uploads\/2025\/06\/ROSA-CONTUNDENTE-3-300x200.jpg\" alt=\"\" width=\"300\" height=\"200\" srcset=\"https:\/\/revistaenfoquepolitico.com\/wp-content\/uploads\/2025\/06\/ROSA-CONTUNDENTE-3-300x200.jpg 300w, https:\/\/revistaenfoquepolitico.com\/wp-content\/uploads\/2025\/06\/ROSA-CONTUNDENTE-3-1024x682.jpg 1024w, https:\/\/revistaenfoquepolitico.com\/wp-content\/uploads\/2025\/06\/ROSA-CONTUNDENTE-3-768x511.jpg 768w, https:\/\/revistaenfoquepolitico.com\/wp-content\/uploads\/2025\/06\/ROSA-CONTUNDENTE-3-1170x779.jpg 1170w, https:\/\/revistaenfoquepolitico.com\/wp-content\/uploads\/2025\/06\/ROSA-CONTUNDENTE-3.jpg 1280w\" sizes=\"auto, (max-width: 300px) 100vw, 300px\" \/>Poco despu\u00e9s de las 11 de la noche, los resultados preliminares comenzaron a reflejar una amplia ventaja para la candidata de la coalici\u00f3n Morena\u2013PVEM. Con el avance del Programa de Resultados Electorales Preliminares (PREP), la tendencia se volvi\u00f3 irreversible, con m\u00e1s del 52% de los votos para Rosa Mar\u00eda \u00a0y solo el 26 % para la candidata panista, desatando una ola de entusiasmo que culmin\u00f3 en una masiva celebraci\u00f3n en el centro hist\u00f3rico de la ciudad.<\/div>\n<div dir=\"auto\" style=\"text-align: justify;\"><\/div>\n<div dir=\"auto\" style=\"text-align: justify;\">El festejo inici\u00f3 alrededor de las diez , frente al Gran Hotel Diligencias. Con m\u00fasica, aplausos y gritos de victoria, simpatizantes de todas las edades se congregaron en el z\u00f3calo para acompa\u00f1ar a quien ser\u00e1 la primera presidenta municipal de Veracruz emanada del movimiento de la Cuarta Transformaci\u00f3n.<\/div>\n<div dir=\"auto\" style=\"text-align: justify;\"><\/div>\n<div dir=\"auto\" style=\"text-align: justify;\"><img loading=\"lazy\" decoding=\"async\" class=\"alignright size-medium wp-image-3368\" src=\"https:\/\/revistaenfoquepolitico.com\/wp-content\/uploads\/2025\/06\/ROSA-CONTUNDENTE-4-300x200.jpg\" alt=\"\" width=\"300\" height=\"200\" srcset=\"https:\/\/revistaenfoquepolitico.com\/wp-content\/uploads\/2025\/06\/ROSA-CONTUNDENTE-4-300x200.jpg 300w, https:\/\/revistaenfoquepolitico.com\/wp-content\/uploads\/2025\/06\/ROSA-CONTUNDENTE-4-1024x682.jpg 1024w, https:\/\/revistaenfoquepolitico.com\/wp-content\/uploads\/2025\/06\/ROSA-CONTUNDENTE-4-768x511.jpg 768w, https:\/\/revistaenfoquepolitico.com\/wp-content\/uploads\/2025\/06\/ROSA-CONTUNDENTE-4-1170x779.jpg 1170w, https:\/\/revistaenfoquepolitico.com\/wp-content\/uploads\/2025\/06\/ROSA-CONTUNDENTE-4.jpg 1280w\" sizes=\"auto, (max-width: 300px) 100vw, 300px\" \/>Rodeada por su equipo de campa\u00f1a, las y los integrantes de su planilla, l\u00edderes de colonia y ciudadanas y ciudadanos que caminaron a su lado durante semanas, la virtual presidenta municipal subi\u00f3 al templete para agradecer el respaldo popular. Desde ah\u00ed reafirm\u00f3 su compromiso de gobernar con los principios que la definen: no mentir, no robar y no traicionar al pueblo.<\/div>\n<div dir=\"auto\" style=\"text-align: justify;\"><\/div>\n<div dir=\"auto\" style=\"text-align: justify;\">En representaci\u00f3n del Comit\u00e9 Ejecutivo Nacional de Morena, la secretaria de comunicaci\u00f3n Camila Mart\u00ednez Guti\u00e9rrez dirigi\u00f3 unas palabras a la multitud. Afirm\u00f3 que este triunfo es hist\u00f3rico porque rompe con a\u00f1os de saqueo y abandono del PRIAN, y reconoci\u00f3 el respaldo del pueblo como la fuerza que hizo posible este cambio. \u201cAmor con amor se paga\u201d, dijo al cierre de su mensaje.<\/div>\n<div id=\"x_ms-outlook-mobile-body-separator-line\" dir=\"auto\" style=\"text-align: justify;\"><img loading=\"lazy\" decoding=\"async\" class=\"alignleft size-medium wp-image-3365\" src=\"https:\/\/revistaenfoquepolitico.com\/wp-content\/uploads\/2025\/06\/ROSA-CONTUNDENTE-1-300x200.jpg\" alt=\"\" width=\"300\" height=\"200\" srcset=\"https:\/\/revistaenfoquepolitico.com\/wp-content\/uploads\/2025\/06\/ROSA-CONTUNDENTE-1-300x200.jpg 300w, https:\/\/revistaenfoquepolitico.com\/wp-content\/uploads\/2025\/06\/ROSA-CONTUNDENTE-1-1024x682.jpg 1024w, https:\/\/revistaenfoquepolitico.com\/wp-content\/uploads\/2025\/06\/ROSA-CONTUNDENTE-1-768x511.jpg 768w, https:\/\/revistaenfoquepolitico.com\/wp-content\/uploads\/2025\/06\/ROSA-CONTUNDENTE-1-1170x779.jpg 1170w, https:\/\/revistaenfoquepolitico.com\/wp-content\/uploads\/2025\/06\/ROSA-CONTUNDENTE-1.jpg 1280w\" sizes=\"auto, (max-width: 300px) 100vw, 300px\" \/><\/div>\n","protected":false},"excerpt":{"rendered":"<p>*Veracruz celebra: contundente triunfo de la 4T y Rosa Mar\u00eda en el municipio porte\u00f1o* Veracruz, Ver. 1 de junio de 2025 Veracruz ya es territorio de la Cuarta Transformaci\u00f3n. Y miles de veracruzanos lo celebraron en el z\u00f3calo del municipio porte\u00f1o, donde Rosa Mar\u00eda Hern\u00e1ndez Espejo se consolida como la virtual ganadora de la elecci\u00f3n [&hellip;]<\/p>\n","protected":false},"author":1,"featured_media":3366,"comment_status":"closed","ping_status":"closed","sticky":false,"template":"","format":"standard","meta":{"_jetpack_memberships_contains_paid_content":false,"footnotes":"","jetpack_publicize_message":"","jetpack_publicize_feature_enabled":true,"jetpack_social_post_already_shared":false,"jetpack_social_options":{"image_generator_settings":{"template":"highway","default_image_id":0,"font":"","enabled":false},"version":2}},"categories":[4],"tags":[42],"class_list":["post-3364","post","type-post","status-publish","format-standard","has-post-thumbnail","hentry","category-noticia-politica","tag-rosa-maria-hdez-espejo"],"jetpack_publicize_connections":[],"jetpack_featured_media_url":"https:\/\/revistaenfoquepolitico.com\/wp-content\/uploads\/2025\/06\/ROSA-CONTUNDENTE-2.jpg","jetpack_sharing_enabled":true,"_links":{"self":[{"href":"https:\/\/revistaenfoquepolitico.com\/index.php\/wp-json\/wp\/v2\/posts\/3364","targetHints":{"allow":["GET"]}}],"collection":[{"href":"https:\/\/revistaenfoquepolitico.com\/index.php\/wp-json\/wp\/v2\/posts"}],"about":[{"href":"https:\/\/revistaenfoquepolitico.com\/index.php\/wp-json\/wp\/v2\/types\/post"}],"author":[{"embeddable":true,"href":"https:\/\/revistaenfoquepolitico.com\/index.php\/wp-json\/wp\/v2\/users\/1"}],"replies":[{"embeddable":true,"href":"https:\/\/revistaenfoquepolitico.com\/index.php\/wp-json\/wp\/v2\/comments?post=3364"}],"version-history":[{"count":1,"href":"https:\/\/revistaenfoquepolitico.com\/index.php\/wp-json\/wp\/v2\/posts\/3364\/revisions"}],"predecessor-version":[{"id":3369,"href":"https:\/\/revistaenfoquepolitico.com\/index.php\/wp-json\/wp\/v2\/posts\/3364\/revisions\/3369"}],"wp:featuredmedia":[{"embeddable":true,"href":"https:\/\/revistaenfoquepolitico.com\/index.php\/wp-json\/wp\/v2\/media\/3366"}],"wp:attachment":[{"href":"https:\/\/revistaenfoquepolitico.com\/index.php\/wp-json\/wp\/v2\/media?parent=3364"}],"wp:term":[{"taxonomy":"category","embeddable":true,"href":"https:\/\/revistaenfoquepolitico.com\/index.php\/wp-json\/wp\/v2\/categories?post=3364"},{"taxonomy":"post_tag","embeddable":true,"href":"https:\/\/revistaenfoquepolitico.com\/index.php\/wp-json\/wp\/v2\/tags?post=3364"}],"curies":[{"name":"wp","href":"https:\/\/api.w.org\/{rel}","templated":true}]}}