{"id":3387,"date":"2025-06-06T02:53:55","date_gmt":"2025-06-06T02:53:55","guid":{"rendered":"https:\/\/revistaenfoquepolitico.com\/?p=3387"},"modified":"2025-06-06T02:53:55","modified_gmt":"2025-06-06T02:53:55","slug":"recibe-rosa-maria-hernandez-espejo-constancia-de-mayoria-como-presidenta-electa-del-municipio-de-veracruz","status":"publish","type":"post","link":"https:\/\/revistaenfoquepolitico.com\/index.php\/2025\/06\/06\/recibe-rosa-maria-hernandez-espejo-constancia-de-mayoria-como-presidenta-electa-del-municipio-de-veracruz\/","title":{"rendered":"RECIBE ROSA MAR\u00cdA HERN\u00c1NDEZ ESPEJO CONSTANCIA DE MAYOR\u00cdA COMO PRESIDENTA ELECTA DEL MUNICIPIO DE VERACRUZ"},"content":{"rendered":"<div dir=\"auto\"><strong>*Con 79,755 votos, la candidata de la alianza Morena-PVEM recibi\u00f3 de manos del OPLE la confirmaci\u00f3n de su contundente triunfo convirti\u00e9ndose en la primera alcaldesa de izquierda para el periodo 2026-2029*<\/strong><\/div>\n<div dir=\"auto\"><\/div>\n<div dir=\"auto\">Veracruz, Ver. 05 de junio de 2025<\/div>\n<div dir=\"auto\"><\/div>\n<div dir=\"auto\" style=\"text-align: justify;\">El Organismo P\u00fablico Local Electoral (OPLE) de Veracruz entreg\u00f3 este jueves la constancia de mayor\u00eda a Rosa Mar\u00eda Hern\u00e1ndez Espejo, formalizando su victoria en las urnas y acredit\u00e1ndola como la primera alcaldesa electa de la Cuarta Transformaci\u00f3n para gobernar el puerto de Veracruz en el periodo 2026\u20132029.<\/div>\n<div dir=\"auto\" style=\"text-align: justify;\"><\/div>\n<div dir=\"auto\" style=\"text-align: justify;\"><img loading=\"lazy\" decoding=\"async\" class=\"alignleft size-medium wp-image-3388\" src=\"https:\/\/revistaenfoquepolitico.com\/wp-content\/uploads\/2025\/06\/ROSA-CONSTANCIA-2-300x200.jpg\" alt=\"\" width=\"300\" height=\"200\" srcset=\"https:\/\/revistaenfoquepolitico.com\/wp-content\/uploads\/2025\/06\/ROSA-CONSTANCIA-2-300x200.jpg 300w, https:\/\/revistaenfoquepolitico.com\/wp-content\/uploads\/2025\/06\/ROSA-CONSTANCIA-2-1024x682.jpg 1024w, https:\/\/revistaenfoquepolitico.com\/wp-content\/uploads\/2025\/06\/ROSA-CONSTANCIA-2-768x512.jpg 768w, https:\/\/revistaenfoquepolitico.com\/wp-content\/uploads\/2025\/06\/ROSA-CONSTANCIA-2-1536x1023.jpg 1536w, https:\/\/revistaenfoquepolitico.com\/wp-content\/uploads\/2025\/06\/ROSA-CONSTANCIA-2-1170x780.jpg 1170w, https:\/\/revistaenfoquepolitico.com\/wp-content\/uploads\/2025\/06\/ROSA-CONSTANCIA-2.jpg 1600w\" sizes=\"auto, (max-width: 300px) 100vw, 300px\" \/>Con m\u00e1s del 52% de la votaci\u00f3n y una ventaja clara sobre sus adversarios, Rosa Mar\u00eda fue respaldada por la voluntad de miles de veracruzanas y veracruzanos que decidieron poner fin al abandono y abrir paso al cambio verdadero en la ciudad, el pasado 1 de junio.<\/div>\n<div dir=\"auto\" style=\"text-align: justify;\"><\/div>\n<div dir=\"auto\" style=\"text-align: justify;\">Acompa\u00f1ada de su familia, su planilla y un gran n\u00famero de simpatizantes que con banderas guindas y verdes convirtieron el evento en una aut\u00e9ntica fiesta del pueblo, la alcaldesa electa recibi\u00f3 con emoci\u00f3n la constancia que la acredita oficialmente.<\/div>\n<div dir=\"auto\" style=\"text-align: justify;\"><\/div>\n<div dir=\"auto\" style=\"text-align: justify;\">\u201cGracias al pueblo de Veracruz que nos dio su confianza. No les vamos a fallar. Vamos a prepararnos muy bien durante estos meses para llegar el primero de enero a gobernar con honestidad, austeridad republicana y cercan\u00eda con la gente. Este triunfo es el fruto del trabajo colectivo y del caminar que hicimos juntas y juntos\u201d, expres\u00f3.<\/div>\n<div dir=\"auto\" style=\"text-align: justify;\"><\/div>\n<div dir=\"auto\" style=\"text-align: justify;\"><img loading=\"lazy\" decoding=\"async\" class=\"alignright size-medium wp-image-3391\" src=\"https:\/\/revistaenfoquepolitico.com\/wp-content\/uploads\/2025\/06\/ROSA-CONSTANCIA-4-300x200.jpg\" alt=\"\" width=\"300\" height=\"200\" srcset=\"https:\/\/revistaenfoquepolitico.com\/wp-content\/uploads\/2025\/06\/ROSA-CONSTANCIA-4-300x200.jpg 300w, https:\/\/revistaenfoquepolitico.com\/wp-content\/uploads\/2025\/06\/ROSA-CONSTANCIA-4-1024x682.jpg 1024w, https:\/\/revistaenfoquepolitico.com\/wp-content\/uploads\/2025\/06\/ROSA-CONSTANCIA-4-768x512.jpg 768w, https:\/\/revistaenfoquepolitico.com\/wp-content\/uploads\/2025\/06\/ROSA-CONSTANCIA-4-1536x1023.jpg 1536w, https:\/\/revistaenfoquepolitico.com\/wp-content\/uploads\/2025\/06\/ROSA-CONSTANCIA-4-1170x780.jpg 1170w, https:\/\/revistaenfoquepolitico.com\/wp-content\/uploads\/2025\/06\/ROSA-CONSTANCIA-4.jpg 1600w\" sizes=\"auto, (max-width: 300px) 100vw, 300px\" \/>En un ambiente de alegr\u00eda, aplausos y consignas de unidad, Rosa Mar\u00eda agradeci\u00f3 tambi\u00e9n al Movimiento de Regeneraci\u00f3n Nacional (Morena) y al Partido Verde Ecologista de M\u00e9xico (PVEM) por postularla, as\u00ed como a los brigadistas y ciudadanos que la respaldaron a lo largo de toda la campa\u00f1a.<\/div>\n<div dir=\"auto\" style=\"text-align: justify;\"><\/div>\n<div dir=\"auto\" style=\"text-align: justify;\">Durante el acto, el dirigente estatal de Morena, Esteban Ram\u00edrez Zepeta, reconoci\u00f3 la importancia de este momento para Veracruz: \u201cHoy este puerto tiene a su primera presidenta municipal de la Cuarta Transformaci\u00f3n\u201d, expres\u00f3. \u201cComo ella lo ha dicho, vamos a tener a la mejor presidenta que ha tenido este bello puerto. Muchas felicidades a Rosa Mar\u00eda y a todo el pueblo que hizo posible este triunfo\u201d, concluy\u00f3.<\/div>\n<div dir=\"auto\" style=\"text-align: justify;\"><\/div>\n<div dir=\"auto\" style=\"text-align: justify;\">Con la entrega de la constancia de mayor\u00eda, se consolida un momento hist\u00f3rico para Veracruz: el inicio de una nueva etapa con un gobierno honesto, cercano y comprometido con devolverle su grandeza al puerto, ahora bajo el liderazgo de Rosa Mar\u00eda Hern\u00e1ndez Espejo.<\/div>\n<div id=\"x_ms-outlook-mobile-body-separator-line\" dir=\"auto\" style=\"text-align: justify;\"><img loading=\"lazy\" decoding=\"async\" class=\"alignleft size-medium wp-image-3392\" src=\"https:\/\/revistaenfoquepolitico.com\/wp-content\/uploads\/2025\/06\/ROSA-CONSTANCIA-5-300x197.jpg\" alt=\"\" width=\"300\" height=\"197\" srcset=\"https:\/\/revistaenfoquepolitico.com\/wp-content\/uploads\/2025\/06\/ROSA-CONSTANCIA-5-300x197.jpg 300w, https:\/\/revistaenfoquepolitico.com\/wp-content\/uploads\/2025\/06\/ROSA-CONSTANCIA-5-1024x672.jpg 1024w, https:\/\/revistaenfoquepolitico.com\/wp-content\/uploads\/2025\/06\/ROSA-CONSTANCIA-5-768x504.jpg 768w, https:\/\/revistaenfoquepolitico.com\/wp-content\/uploads\/2025\/06\/ROSA-CONSTANCIA-5-1536x1008.jpg 1536w, https:\/\/revistaenfoquepolitico.com\/wp-content\/uploads\/2025\/06\/ROSA-CONSTANCIA-5-1170x768.jpg 1170w, https:\/\/revistaenfoquepolitico.com\/wp-content\/uploads\/2025\/06\/ROSA-CONSTANCIA-5.jpg 1600w\" sizes=\"auto, (max-width: 300px) 100vw, 300px\" \/><img loading=\"lazy\" decoding=\"async\" class=\"alignright size-medium wp-image-3393\" src=\"https:\/\/revistaenfoquepolitico.com\/wp-content\/uploads\/2025\/06\/ROSA-CONSTANCIA-6-300x200.jpg\" alt=\"\" width=\"300\" height=\"200\" srcset=\"https:\/\/revistaenfoquepolitico.com\/wp-content\/uploads\/2025\/06\/ROSA-CONSTANCIA-6-300x200.jpg 300w, https:\/\/revistaenfoquepolitico.com\/wp-content\/uploads\/2025\/06\/ROSA-CONSTANCIA-6-1024x682.jpg 1024w, https:\/\/revistaenfoquepolitico.com\/wp-content\/uploads\/2025\/06\/ROSA-CONSTANCIA-6-768x512.jpg 768w, https:\/\/revistaenfoquepolitico.com\/wp-content\/uploads\/2025\/06\/ROSA-CONSTANCIA-6-1536x1023.jpg 1536w, https:\/\/revistaenfoquepolitico.com\/wp-content\/uploads\/2025\/06\/ROSA-CONSTANCIA-6-1170x780.jpg 1170w, https:\/\/revistaenfoquepolitico.com\/wp-content\/uploads\/2025\/06\/ROSA-CONSTANCIA-6.jpg 1600w\" sizes=\"auto, (max-width: 300px) 100vw, 300px\" \/><\/div>\n<div dir=\"auto\"><\/div>\n<div dir=\"auto\"><\/div>\n<div dir=\"auto\"><\/div>\n<div dir=\"auto\"><\/div>\n<div dir=\"auto\"><\/div>\n<div dir=\"auto\"><\/div>\n<div dir=\"auto\"><\/div>\n<div dir=\"auto\"><\/div>\n<div dir=\"auto\"><\/div>\n<div dir=\"auto\"><img loading=\"lazy\" decoding=\"async\" class=\"alignleft size-medium wp-image-3394\" src=\"https:\/\/revistaenfoquepolitico.com\/wp-content\/uploads\/2025\/06\/ROSA-CONSTANCIA-7-300x200.jpg\" alt=\"\" width=\"300\" height=\"200\" srcset=\"https:\/\/revistaenfoquepolitico.com\/wp-content\/uploads\/2025\/06\/ROSA-CONSTANCIA-7-300x200.jpg 300w, https:\/\/revistaenfoquepolitico.com\/wp-content\/uploads\/2025\/06\/ROSA-CONSTANCIA-7-1024x682.jpg 1024w, https:\/\/revistaenfoquepolitico.com\/wp-content\/uploads\/2025\/06\/ROSA-CONSTANCIA-7-768x512.jpg 768w, https:\/\/revistaenfoquepolitico.com\/wp-content\/uploads\/2025\/06\/ROSA-CONSTANCIA-7-1536x1023.jpg 1536w, https:\/\/revistaenfoquepolitico.com\/wp-content\/uploads\/2025\/06\/ROSA-CONSTANCIA-7-1170x780.jpg 1170w, https:\/\/revistaenfoquepolitico.com\/wp-content\/uploads\/2025\/06\/ROSA-CONSTANCIA-7.jpg 1600w\" sizes=\"auto, (max-width: 300px) 100vw, 300px\" \/><img loading=\"lazy\" decoding=\"async\" class=\"alignright size-medium wp-image-3395\" src=\"https:\/\/revistaenfoquepolitico.com\/wp-content\/uploads\/2025\/06\/ROSA-CONSTANCIA-8-300x200.jpg\" alt=\"\" width=\"300\" height=\"200\" srcset=\"https:\/\/revistaenfoquepolitico.com\/wp-content\/uploads\/2025\/06\/ROSA-CONSTANCIA-8-300x200.jpg 300w, https:\/\/revistaenfoquepolitico.com\/wp-content\/uploads\/2025\/06\/ROSA-CONSTANCIA-8-1024x682.jpg 1024w, https:\/\/revistaenfoquepolitico.com\/wp-content\/uploads\/2025\/06\/ROSA-CONSTANCIA-8-768x512.jpg 768w, https:\/\/revistaenfoquepolitico.com\/wp-content\/uploads\/2025\/06\/ROSA-CONSTANCIA-8-1536x1023.jpg 1536w, https:\/\/revistaenfoquepolitico.com\/wp-content\/uploads\/2025\/06\/ROSA-CONSTANCIA-8-1170x780.jpg 1170w, https:\/\/revistaenfoquepolitico.com\/wp-content\/uploads\/2025\/06\/ROSA-CONSTANCIA-8.jpg 1600w\" sizes=\"auto, (max-width: 300px) 100vw, 300px\" \/><\/div>\n","protected":false},"excerpt":{"rendered":"<p>*Con 79,755 votos, la candidata de la alianza Morena-PVEM recibi\u00f3 de manos del OPLE la confirmaci\u00f3n de su contundente triunfo convirti\u00e9ndose en la primera alcaldesa de izquierda para el periodo 2026-2029* Veracruz, Ver. 05 de junio de 2025 El Organismo P\u00fablico Local Electoral (OPLE) de Veracruz entreg\u00f3 este jueves la constancia de mayor\u00eda a Rosa [&hellip;]<\/p>\n","protected":false},"author":1,"featured_media":3390,"comment_status":"closed","ping_status":"closed","sticky":false,"template":"","format":"standard","meta":{"_jetpack_memberships_contains_paid_content":false,"footnotes":"","jetpack_publicize_message":"","jetpack_publicize_feature_enabled":true,"jetpack_social_post_already_shared":false,"jetpack_social_options":{"image_generator_settings":{"template":"highway","default_image_id":0,"font":"","enabled":false},"version":2}},"categories":[4],"tags":[42],"class_list":["post-3387","post","type-post","status-publish","format-standard","has-post-thumbnail","hentry","category-noticia-politica","tag-rosa-maria-hdez-espejo"],"jetpack_publicize_connections":[],"jetpack_featured_media_url":"https:\/\/revistaenfoquepolitico.com\/wp-content\/uploads\/2025\/06\/ROSA-CONSTANCIA-3.jpg","jetpack_sharing_enabled":true,"_links":{"self":[{"href":"https:\/\/revistaenfoquepolitico.com\/index.php\/wp-json\/wp\/v2\/posts\/3387","targetHints":{"allow":["GET"]}}],"collection":[{"href":"https:\/\/revistaenfoquepolitico.com\/index.php\/wp-json\/wp\/v2\/posts"}],"about":[{"href":"https:\/\/revistaenfoquepolitico.com\/index.php\/wp-json\/wp\/v2\/types\/post"}],"author":[{"embeddable":true,"href":"https:\/\/revistaenfoquepolitico.com\/index.php\/wp-json\/wp\/v2\/users\/1"}],"replies":[{"embeddable":true,"href":"https:\/\/revistaenfoquepolitico.com\/index.php\/wp-json\/wp\/v2\/comments?post=3387"}],"version-history":[{"count":1,"href":"https:\/\/revistaenfoquepolitico.com\/index.php\/wp-json\/wp\/v2\/posts\/3387\/revisions"}],"predecessor-version":[{"id":3396,"href":"https:\/\/revistaenfoquepolitico.com\/index.php\/wp-json\/wp\/v2\/posts\/3387\/revisions\/3396"}],"wp:featuredmedia":[{"embeddable":true,"href":"https:\/\/revistaenfoquepolitico.com\/index.php\/wp-json\/wp\/v2\/media\/3390"}],"wp:attachment":[{"href":"https:\/\/revistaenfoquepolitico.com\/index.php\/wp-json\/wp\/v2\/media?parent=3387"}],"wp:term":[{"taxonomy":"category","embeddable":true,"href":"https:\/\/revistaenfoquepolitico.com\/index.php\/wp-json\/wp\/v2\/categories?post=3387"},{"taxonomy":"post_tag","embeddable":true,"href":"https:\/\/revistaenfoquepolitico.com\/index.php\/wp-json\/wp\/v2\/tags?post=3387"}],"curies":[{"name":"wp","href":"https:\/\/api.w.org\/{rel}","templated":true}]}}