{"id":3488,"date":"2025-07-11T01:39:31","date_gmt":"2025-07-11T01:39:31","guid":{"rendered":"https:\/\/revistaenfoquepolitico.com\/?p=3488"},"modified":"2025-07-11T01:39:31","modified_gmt":"2025-07-11T01:39:31","slug":"alcalde-jm-unanue-celebra-el-dia-del-pescador-como-preambulo-de-las-fiestas-de-santa-ana","status":"publish","type":"post","link":"https:\/\/revistaenfoquepolitico.com\/index.php\/2025\/07\/11\/alcalde-jm-unanue-celebra-el-dia-del-pescador-como-preambulo-de-las-fiestas-de-santa-ana\/","title":{"rendered":"ALCALDE JM UN\u00c1NUE CELEBRA EL \u00abD\u00cdA DEL PESCADOR\u00bb COMO PRE\u00c1MBULO DE LAS FIESTAS DE SANTA ANA"},"content":{"rendered":"<div dir=\"auto\"><strong>*Reconoci\u00f3 la labor de los pescadores destacando adem\u00e1s la proyecci\u00f3n tur\u00edstica de las fiestas patronales de Boca del R\u00edo*<\/strong><\/div>\n<div dir=\"auto\"><\/div>\n<div dir=\"auto\">Boca del R\u00edo, Ver., 10 de julio de 2025<\/div>\n<div dir=\"auto\"><\/div>\n<div dir=\"auto\" style=\"text-align: justify;\">Como parte de las actividades religiosas en honor a Nuestra Se\u00f1ora de Santa Ana, este jueves se llev\u00f3 a cabo una emotiva misa en el muelle ubicado bajo el puente de Boca del R\u00edo, con motivo del \u201cD\u00eda del Pescador\u201d y en acci\u00f3n de gracias por el sustento que brinda el r\u00edo Jamapa.<\/div>\n<div dir=\"auto\" style=\"text-align: justify;\"><\/div>\n<div dir=\"auto\" style=\"text-align: justify;\"><img loading=\"lazy\" decoding=\"async\" class=\"alignleft size-medium wp-image-3490\" src=\"https:\/\/revistaenfoquepolitico.com\/wp-content\/uploads\/2025\/07\/JM-PESCADOR-2-300x200.jpg\" alt=\"\" width=\"300\" height=\"200\" srcset=\"https:\/\/revistaenfoquepolitico.com\/wp-content\/uploads\/2025\/07\/JM-PESCADOR-2-300x200.jpg 300w, https:\/\/revistaenfoquepolitico.com\/wp-content\/uploads\/2025\/07\/JM-PESCADOR-2-1024x682.jpg 1024w, https:\/\/revistaenfoquepolitico.com\/wp-content\/uploads\/2025\/07\/JM-PESCADOR-2-768x511.jpg 768w, https:\/\/revistaenfoquepolitico.com\/wp-content\/uploads\/2025\/07\/JM-PESCADOR-2-1170x779.jpg 1170w, https:\/\/revistaenfoquepolitico.com\/wp-content\/uploads\/2025\/07\/JM-PESCADOR-2.jpg 1280w\" sizes=\"auto, (max-width: 300px) 100vw, 300px\" \/>Durante la ceremonia, el alcalde Juan Manuel Un\u00e1nue Abascal acompa\u00f1\u00f3 a los pescadores y reconoci\u00f3 p\u00fablicamente su labor como pilar hist\u00f3rico y econ\u00f3mico de la ciudad.<\/div>\n<div dir=\"auto\" style=\"text-align: justify;\"><\/div>\n<div dir=\"auto\" style=\"text-align: justify;\">\u201cIniciamos precisamente con el tema religioso, hay muchas actividades religiosas, muchas actividades tradicionales, as\u00ed como deportivas como la carrera conmemorativa que se realizar\u00e1 el pr\u00f3ximo domingo 20 de julio en el bulevar Vicente Fox\u201d, expres\u00f3 el edil.<\/div>\n<div dir=\"auto\" style=\"text-align: justify;\"><\/div>\n<div dir=\"auto\" style=\"text-align: justify;\">La ceremonia fue presidida por el Padre Guillermo Arturo Ram\u00edrez Mart\u00ednez, quien elev\u00f3 oraciones para pedir por una buena pesca, el bienestar de las familias que viven de esta noble actividad y la protecci\u00f3n del mar y r\u00edo que rodean al municipio.<\/div>\n<div dir=\"auto\" style=\"text-align: justify;\"><\/div>\n<div dir=\"auto\" style=\"text-align: justify;\"><img loading=\"lazy\" decoding=\"async\" class=\"alignright size-medium wp-image-3491\" src=\"https:\/\/revistaenfoquepolitico.com\/wp-content\/uploads\/2025\/07\/JM-PESCADOR-3-300x200.jpg\" alt=\"\" width=\"300\" height=\"200\" srcset=\"https:\/\/revistaenfoquepolitico.com\/wp-content\/uploads\/2025\/07\/JM-PESCADOR-3-300x200.jpg 300w, https:\/\/revistaenfoquepolitico.com\/wp-content\/uploads\/2025\/07\/JM-PESCADOR-3-1024x682.jpg 1024w, https:\/\/revistaenfoquepolitico.com\/wp-content\/uploads\/2025\/07\/JM-PESCADOR-3-768x512.jpg 768w, https:\/\/revistaenfoquepolitico.com\/wp-content\/uploads\/2025\/07\/JM-PESCADOR-3-1170x780.jpg 1170w, https:\/\/revistaenfoquepolitico.com\/wp-content\/uploads\/2025\/07\/JM-PESCADOR-3.jpg 1280w\" sizes=\"auto, (max-width: 300px) 100vw, 300px\" \/>Un\u00e1nue Abascal destac\u00f3 que se espera una importante derrama econ\u00f3mica para el municipio, dado el creciente inter\u00e9s de visitantes tanto locales como nacionales y m\u00e1s a\u00fan, con el reforzamiento de la cartelera art\u00edstica, se eleva la calidad de la fiesta patronal.<\/div>\n<div dir=\"auto\" style=\"text-align: justify;\"><\/div>\n<div dir=\"auto\" style=\"text-align: justify;\">Acompa\u00f1ado por Melina Rivera de Un\u00e1nue, Presidenta del DIF Municipal, el Presidente Municipal, Juan Manuel Un\u00e1nue Abascal, reiter\u00f3 que se est\u00e1n afinando todos los detalles log\u00edsticos para que esta edici\u00f3n de la fiesta m\u00e1s importante de Boca del R\u00edo sea completamente segura, con el apoyo coordinado de autoridades y cuerpos de emergencia.<\/div>\n<div dir=\"auto\" style=\"text-align: justify;\"><\/div>\n<div dir=\"auto\" style=\"text-align: justify;\">Presentes en la ceremonia estuvieron Margarito Enr\u00edquez Luna, representante de la Federaci\u00f3n de Pescadores de Boca del R\u00edo, as\u00ed como familiares y funcionarios municipales.<\/div>\n<div dir=\"auto\"><\/div>\n<div dir=\"auto\"><img loading=\"lazy\" decoding=\"async\" class=\"alignleft size-medium wp-image-3492\" src=\"https:\/\/revistaenfoquepolitico.com\/wp-content\/uploads\/2025\/07\/JM-PESCADOR-4-300x200.jpg\" alt=\"\" width=\"300\" height=\"200\" srcset=\"https:\/\/revistaenfoquepolitico.com\/wp-content\/uploads\/2025\/07\/JM-PESCADOR-4-300x200.jpg 300w, https:\/\/revistaenfoquepolitico.com\/wp-content\/uploads\/2025\/07\/JM-PESCADOR-4-1024x682.jpg 1024w, https:\/\/revistaenfoquepolitico.com\/wp-content\/uploads\/2025\/07\/JM-PESCADOR-4-768x512.jpg 768w, https:\/\/revistaenfoquepolitico.com\/wp-content\/uploads\/2025\/07\/JM-PESCADOR-4-1170x780.jpg 1170w, https:\/\/revistaenfoquepolitico.com\/wp-content\/uploads\/2025\/07\/JM-PESCADOR-4.jpg 1280w\" sizes=\"auto, (max-width: 300px) 100vw, 300px\" \/><img loading=\"lazy\" decoding=\"async\" class=\"alignright size-medium wp-image-3493\" src=\"https:\/\/revistaenfoquepolitico.com\/wp-content\/uploads\/2025\/07\/JM-PESCADOR-5-300x200.jpg\" alt=\"\" width=\"300\" height=\"200\" srcset=\"https:\/\/revistaenfoquepolitico.com\/wp-content\/uploads\/2025\/07\/JM-PESCADOR-5-300x200.jpg 300w, https:\/\/revistaenfoquepolitico.com\/wp-content\/uploads\/2025\/07\/JM-PESCADOR-5-1024x682.jpg 1024w, https:\/\/revistaenfoquepolitico.com\/wp-content\/uploads\/2025\/07\/JM-PESCADOR-5-768x512.jpg 768w, https:\/\/revistaenfoquepolitico.com\/wp-content\/uploads\/2025\/07\/JM-PESCADOR-5-1170x780.jpg 1170w, https:\/\/revistaenfoquepolitico.com\/wp-content\/uploads\/2025\/07\/JM-PESCADOR-5.jpg 1280w\" sizes=\"auto, (max-width: 300px) 100vw, 300px\" \/><\/div>\n<div dir=\"auto\"><\/div>\n<div dir=\"auto\"><\/div>\n<div dir=\"auto\"><\/div>\n<div dir=\"auto\"><\/div>\n<div dir=\"auto\"><\/div>\n<div dir=\"auto\"><\/div>\n<div dir=\"auto\"><\/div>\n<div dir=\"auto\"><\/div>\n<div dir=\"auto\"><\/div>\n<div dir=\"auto\" style=\"text-align: justify;\"><\/div>\n<div dir=\"auto\"><strong>*PROGRAMA GENERAL DE ACTIVIDADES*<\/strong><\/div>\n<div dir=\"auto\"><\/div>\n<div dir=\"auto\">DOMINGO 20 DE JULIO<\/div>\n<div dir=\"auto\">-6:30 am Carrera Conmemorativa de Nuestra Se\u00f1ora de Santa Ana 2025 (4.\u00aa edici\u00f3n) \u2013 3k y 5k (bulevar Vicente Fox)<\/div>\n<div dir=\"auto\"><\/div>\n<div dir=\"auto\">MI\u00c9RCOLES 23 DE JULIO<\/div>\n<div dir=\"auto\">-Concursos tradicionales desde las 9:30 am: Carrera de meseros, vencidas con cuerda, palo encebado, comelones, yardas y lanzamiento de atarrayas en el R\u00edo Jamapa.<\/div>\n<div dir=\"auto\">-7 p.m. Verbena musical en el andador Revoluci\u00f3n (Col. Centro)<\/div>\n<div dir=\"auto\"><\/div>\n<div dir=\"auto\">JUEVES 24 DE JULIO<\/div>\n<div dir=\"auto\">-9 pm Coronaci\u00f3n de la Corte Real 2025<\/div>\n<div dir=\"auto\">-10 pm Concierto masivo: La Adictiva (Plaza C\u00edvica)<\/div>\n<div dir=\"auto\"><\/div>\n<div dir=\"auto\">VIERNES 25 DE JULIO<\/div>\n<div dir=\"auto\">-8 am Confirmaciones en Casa Santa Ana<\/div>\n<div dir=\"auto\">-3 pm Filete relleno de mariscos m\u00e1s grande del mundo (Av. Revoluci\u00f3n, Col. Centro)<\/div>\n<div dir=\"auto\">-7 pm Procesi\u00f3n y serenata (De casa de la Cultura a Parroquia Santa Ana)<\/div>\n<div dir=\"auto\">-9 pm Concierto masivo: Belinda (Plaza C\u00edvica)<\/div>\n<div dir=\"auto\"><\/div>\n<div dir=\"auto\">S\u00c1BADO 26 DE JULIO<\/div>\n<div dir=\"auto\">-9 am Paseo acu\u00e1tico en el R\u00edo Jamapa y ofrenda floral<\/div>\n<div dir=\"auto\">-12 pm Misa solemne (Parroquia Santa Ana)<\/div>\n<div dir=\"auto\">-12 pm Tradicional Ba\u00f1o Popular con los Padrinos Liz Vega y Alfredo \u201cEl Pulpo\u201d y sus teclados (Plaza C\u00edvica)<\/div>\n<div dir=\"auto\">-7 pm Misa de clausura (Parroquia Santa Ana)<\/div>\n<div dir=\"auto\">-9 pm Concierto masivo: Pepe Aguilar (Plaza C\u00edvica)<\/div>\n<div dir=\"auto\"><\/div>\n<div dir=\"auto\">DOMINGO 27 DE JULIO<\/div>\n<div dir=\"auto\">-6 pm Tradicional Torito Gigante (Plaza C\u00edvica)<\/div>\n<div dir=\"auto\">-9 pm Concierto de clausura: Edwin Luna y La Trakalosa de Monterrey (Plaza C\u00edvica)<\/div>\n<div id=\"x_ms-outlook-mobile-body-separator-line\" dir=\"auto\"><\/div>\n","protected":false},"excerpt":{"rendered":"<p>*Reconoci\u00f3 la labor de los pescadores destacando adem\u00e1s la proyecci\u00f3n tur\u00edstica de las fiestas patronales de Boca del R\u00edo* Boca del R\u00edo, Ver., 10 de julio de 2025 Como parte de las actividades religiosas en honor a Nuestra Se\u00f1ora de Santa Ana, este jueves se llev\u00f3 a cabo una emotiva misa en el muelle ubicado [&hellip;]<\/p>\n","protected":false},"author":1,"featured_media":3489,"comment_status":"closed","ping_status":"closed","sticky":false,"template":"","format":"standard","meta":{"_jetpack_memberships_contains_paid_content":false,"footnotes":"","jetpack_publicize_message":"","jetpack_publicize_feature_enabled":true,"jetpack_social_post_already_shared":false,"jetpack_social_options":{"image_generator_settings":{"template":"highway","default_image_id":0,"font":"","enabled":false},"version":2}},"categories":[4],"tags":[40],"class_list":["post-3488","post","type-post","status-publish","format-standard","has-post-thumbnail","hentry","category-noticia-politica","tag-jm-alcalde-2025"],"jetpack_publicize_connections":[],"jetpack_featured_media_url":"https:\/\/revistaenfoquepolitico.com\/wp-content\/uploads\/2025\/07\/JM-PESCADOR-1.jpg","jetpack_sharing_enabled":true,"_links":{"self":[{"href":"https:\/\/revistaenfoquepolitico.com\/index.php\/wp-json\/wp\/v2\/posts\/3488","targetHints":{"allow":["GET"]}}],"collection":[{"href":"https:\/\/revistaenfoquepolitico.com\/index.php\/wp-json\/wp\/v2\/posts"}],"about":[{"href":"https:\/\/revistaenfoquepolitico.com\/index.php\/wp-json\/wp\/v2\/types\/post"}],"author":[{"embeddable":true,"href":"https:\/\/revistaenfoquepolitico.com\/index.php\/wp-json\/wp\/v2\/users\/1"}],"replies":[{"embeddable":true,"href":"https:\/\/revistaenfoquepolitico.com\/index.php\/wp-json\/wp\/v2\/comments?post=3488"}],"version-history":[{"count":1,"href":"https:\/\/revistaenfoquepolitico.com\/index.php\/wp-json\/wp\/v2\/posts\/3488\/revisions"}],"predecessor-version":[{"id":3494,"href":"https:\/\/revistaenfoquepolitico.com\/index.php\/wp-json\/wp\/v2\/posts\/3488\/revisions\/3494"}],"wp:featuredmedia":[{"embeddable":true,"href":"https:\/\/revistaenfoquepolitico.com\/index.php\/wp-json\/wp\/v2\/media\/3489"}],"wp:attachment":[{"href":"https:\/\/revistaenfoquepolitico.com\/index.php\/wp-json\/wp\/v2\/media?parent=3488"}],"wp:term":[{"taxonomy":"category","embeddable":true,"href":"https:\/\/revistaenfoquepolitico.com\/index.php\/wp-json\/wp\/v2\/categories?post=3488"},{"taxonomy":"post_tag","embeddable":true,"href":"https:\/\/revistaenfoquepolitico.com\/index.php\/wp-json\/wp\/v2\/tags?post=3488"}],"curies":[{"name":"wp","href":"https:\/\/api.w.org\/{rel}","templated":true}]}}