{"id":3582,"date":"2025-07-26T17:12:16","date_gmt":"2025-07-26T17:12:16","guid":{"rendered":"https:\/\/revistaenfoquepolitico.com\/?p=3582"},"modified":"2025-07-26T17:12:16","modified_gmt":"2025-07-26T17:12:16","slug":"miles-de-personas-degustaron-del-filete-relleno-y-disfrutaron-la-noche-con-un-gran-espectaculo-de-belinda","status":"publish","type":"post","link":"https:\/\/revistaenfoquepolitico.com\/index.php\/2025\/07\/26\/miles-de-personas-degustaron-del-filete-relleno-y-disfrutaron-la-noche-con-un-gran-espectaculo-de-belinda\/","title":{"rendered":"MILES DE PERSONAS DEGUSTARON DEL FILETE RELLENO Y DISFRUTARON LA NOCHE CON UN GRAN ESPECT\u00c1CULO DE BELINDA"},"content":{"rendered":"<div dir=\"auto\"><strong>*Este s\u00e1bado por la ma\u00f1ana se llevar\u00e1 a cabo el Paseo Acu\u00e1tico y Ofrenda Floral a nuestra se\u00f1ora de Santa Ana en el r\u00edo Jamapa*<\/strong><\/div>\n<div dir=\"auto\"><\/div>\n<div dir=\"auto\"><strong>*Y al medio d\u00eda Alfredo \u201cEl Pulpo\u201d y Lis Vega engalanar\u00e1n las fiestas con el tradicional ba\u00f1o popular en la Plaza C\u00edvica*<\/strong><\/div>\n<div dir=\"auto\"><\/div>\n<div dir=\"auto\">Boca del R\u00edo, Ver., 26 de julio 2025<\/div>\n<div dir=\"auto\"><\/div>\n<div dir=\"auto\" style=\"text-align: justify;\">M\u00e1s de cinco mil personas degustaron del tradicional Filete Relleno de Mariscos, uno de los principales atractivos de las Fiestas de Santa Ana 2025 en su 33 aniversario.<\/div>\n<div dir=\"auto\" style=\"text-align: justify;\"><\/div>\n<div dir=\"auto\" style=\"text-align: justify;\">El alcalde de Boca del R\u00edo, Juan Manuel Un\u00e1nue y su esposa, la Presidenta del DIF Municipal, Melina Rivera de Un\u00e1nue, arribaron a la avenida Revoluci\u00f3n, acompa\u00f1ados de la Corte Real, saludaron a todos los visitantes que ya esperaban degustar el delicioso platillo boque\u00f1o.<\/div>\n<div dir=\"auto\" style=\"text-align: justify;\"><\/div>\n<div dir=\"auto\" style=\"text-align: justify;\">Un total de 200 personas participaron en la preparaci\u00f3n de 100 metros del filete, con un grosor de 8 cent\u00edmetros y un ancho de 20 cent\u00edmetros.<\/div>\n<div dir=\"auto\" style=\"text-align: justify;\"><\/div>\n<div dir=\"auto\" style=\"text-align: justify;\">\u201cEl Ayuntamiento de Boca del R\u00edo hace un esfuerzo gigante para realizar estas fiestas de Santa Ana y que adem\u00e1s sean de calidad, por lo que la invitaci\u00f3n est\u00e1 abierta para que todos participen en las actividades del s\u00e1bado y domingo\u201d, enfatiz\u00f3 el edil.<\/div>\n<div dir=\"auto\" style=\"text-align: justify;\"><\/div>\n<div dir=\"auto\" style=\"text-align: justify;\"><img loading=\"lazy\" decoding=\"async\" class=\"alignleft size-medium wp-image-3585\" src=\"https:\/\/revistaenfoquepolitico.com\/wp-content\/uploads\/2025\/07\/BELINDA-7-1-300x200.jpg\" alt=\"\" width=\"300\" height=\"200\" srcset=\"https:\/\/revistaenfoquepolitico.com\/wp-content\/uploads\/2025\/07\/BELINDA-7-1-300x200.jpg 300w, https:\/\/revistaenfoquepolitico.com\/wp-content\/uploads\/2025\/07\/BELINDA-7-1-1024x682.jpg 1024w, https:\/\/revistaenfoquepolitico.com\/wp-content\/uploads\/2025\/07\/BELINDA-7-1-768x512.jpg 768w, https:\/\/revistaenfoquepolitico.com\/wp-content\/uploads\/2025\/07\/BELINDA-7-1-1170x780.jpg 1170w, https:\/\/revistaenfoquepolitico.com\/wp-content\/uploads\/2025\/07\/BELINDA-7-1.jpg 1280w\" sizes=\"auto, (max-width: 300px) 100vw, 300px\" \/>Dicho filete est\u00e1 integrado por tonelada y media de pescados y mariscos, adem\u00e1s de 500 kilos de condimentos entre los que destacan picante, tomate, cebolla, todo lo que lleva un preparado a la veracruzana, cocin\u00e1ndose al fog\u00f3n mediante las manos de los restauranteros y cocineros de tradici\u00f3n de Boca del R\u00edo.<\/div>\n<div dir=\"auto\" style=\"text-align: justify;\"><\/div>\n<div dir=\"auto\" style=\"text-align: justify;\">Una vez realizado el corte de list\u00f3n como parte del acto protocolario, el Presidente Municipal realiz\u00f3 un recorrido donde observ\u00f3 la calidad del platillo, continuando con el corte inaugural y la repartici\u00f3n del platillo.<\/div>\n<div dir=\"auto\" style=\"text-align: justify;\"><\/div>\n<div dir=\"auto\"><strong>*SEGUNDO GRAN CONCIERTO*<\/strong><\/div>\n<div dir=\"auto\"><\/div>\n<div dir=\"auto\">Despu\u00e9s de m\u00e1s de 10 a\u00f1os de no visitar el Estado de Veracruz, la \u201cprincesa del pop latino\u201d, Belinda, se present\u00f3 con gran \u00e9xito en la Plaza C\u00edvica Benito Ju\u00e1rez ante m\u00e1s de 14 mil personas.<\/div>\n<div dir=\"auto\"><\/div>\n<div dir=\"auto\">Tras el anuncio de su presentaci\u00f3n en la fiesta patronal, la expectaci\u00f3n fue tal que decenas de personas durmieron en bajos del Palacio Municipal para no perderse la actuaci\u00f3n de la mexicana.<\/div>\n<div dir=\"auto\"><\/div>\n<div dir=\"auto\">Por su parte el Presidente Municipal, Juan Manuel Un\u00e1nue Abascal y la Presidenta del DIF Municipal, Melina Rivera de Un\u00e1nue, entregaron un reconocimiento a la cantante y actriz, agradeciendo a \u201cBeli\u201d por su presencia en la fiesta patronal.<\/div>\n<div dir=\"auto\"><\/div>\n<div dir=\"auto\">Con un recorrido de las melod\u00edas de la serie \u201cMentiras\u201d, interpret\u00f3 \u201c\u00c9l me minti\u00f3\u201d, \u201cMentiras\u201d, \u201cDetr\u00e1s de mi ventana\u201d, \u201cMuriendo lento\u201d, entre otras que en la actualidad se encuentran en el gusto del p\u00fablico, sin dejar a un lado, sus grandes \u00e9xitos de su prol\u00edfera carrera musical.<\/div>\n<div dir=\"auto\"><\/div>\n<div dir=\"auto\">\n<div dir=\"auto\" data-olk-copy-source=\"MessageBody\">*PROGRAMA GENERAL*<\/div>\n<div dir=\"auto\">S\u00c1BADO 26 DE JULIO<\/div>\n<div dir=\"auto\">-9 am Paseo acu\u00e1tico en el R\u00edo Jamapa y ofrenda floral<\/div>\n<div dir=\"auto\">-12 pm Misa solemne (Parroquia Santa Ana)<\/div>\n<div dir=\"auto\">-12 pm Tradicional Ba\u00f1o Popular con los Padrinos Liz Vega y Alfredo \u201cEl Pulpo\u201d y sus teclados (Plaza C\u00edvica)<\/div>\n<div dir=\"auto\">-7 pm Misa de clausura (Parroquia Santa Ana)<\/div>\n<div dir=\"auto\">-9 pm Concierto masivo: Pepe Aguilar (Plaza C\u00edvica)<\/div>\n<div dir=\"auto\">DOMINGO 27 DE JULIO<\/div>\n<div dir=\"auto\">-6 pm Tradicional Torito Gigante (Plaza C\u00edvica)<\/div>\n<div dir=\"auto\">-9 pm Concierto de clausura: Edwin Luna y La Trakalosa de Monterrey (Plaza C\u00edvica)<\/div>\n<div id=\"x_ms-outlook-mobile-body-separator-line\" dir=\"auto\"><\/div>\n<\/div>\n","protected":false},"excerpt":{"rendered":"<p>*Este s\u00e1bado por la ma\u00f1ana se llevar\u00e1 a cabo el Paseo Acu\u00e1tico y Ofrenda Floral a nuestra se\u00f1ora de Santa Ana en el r\u00edo Jamapa* *Y al medio d\u00eda Alfredo \u201cEl Pulpo\u201d y Lis Vega engalanar\u00e1n las fiestas con el tradicional ba\u00f1o popular en la Plaza C\u00edvica* Boca del R\u00edo, Ver., 26 de julio 2025 [&hellip;]<\/p>\n","protected":false},"author":1,"featured_media":3583,"comment_status":"closed","ping_status":"closed","sticky":false,"template":"","format":"standard","meta":{"_jetpack_memberships_contains_paid_content":false,"footnotes":"","jetpack_publicize_message":"","jetpack_publicize_feature_enabled":true,"jetpack_social_post_already_shared":false,"jetpack_social_options":{"image_generator_settings":{"template":"highway","default_image_id":0,"font":"","enabled":false},"version":2}},"categories":[4],"tags":[40],"class_list":["post-3582","post","type-post","status-publish","format-standard","has-post-thumbnail","hentry","category-noticia-politica","tag-jm-alcalde-2025"],"jetpack_publicize_connections":[],"jetpack_featured_media_url":"https:\/\/revistaenfoquepolitico.com\/wp-content\/uploads\/2025\/07\/BELINDA-1.jpg","jetpack_sharing_enabled":true,"_links":{"self":[{"href":"https:\/\/revistaenfoquepolitico.com\/index.php\/wp-json\/wp\/v2\/posts\/3582","targetHints":{"allow":["GET"]}}],"collection":[{"href":"https:\/\/revistaenfoquepolitico.com\/index.php\/wp-json\/wp\/v2\/posts"}],"about":[{"href":"https:\/\/revistaenfoquepolitico.com\/index.php\/wp-json\/wp\/v2\/types\/post"}],"author":[{"embeddable":true,"href":"https:\/\/revistaenfoquepolitico.com\/index.php\/wp-json\/wp\/v2\/users\/1"}],"replies":[{"embeddable":true,"href":"https:\/\/revistaenfoquepolitico.com\/index.php\/wp-json\/wp\/v2\/comments?post=3582"}],"version-history":[{"count":1,"href":"https:\/\/revistaenfoquepolitico.com\/index.php\/wp-json\/wp\/v2\/posts\/3582\/revisions"}],"predecessor-version":[{"id":3586,"href":"https:\/\/revistaenfoquepolitico.com\/index.php\/wp-json\/wp\/v2\/posts\/3582\/revisions\/3586"}],"wp:featuredmedia":[{"embeddable":true,"href":"https:\/\/revistaenfoquepolitico.com\/index.php\/wp-json\/wp\/v2\/media\/3583"}],"wp:attachment":[{"href":"https:\/\/revistaenfoquepolitico.com\/index.php\/wp-json\/wp\/v2\/media?parent=3582"}],"wp:term":[{"taxonomy":"category","embeddable":true,"href":"https:\/\/revistaenfoquepolitico.com\/index.php\/wp-json\/wp\/v2\/categories?post=3582"},{"taxonomy":"post_tag","embeddable":true,"href":"https:\/\/revistaenfoquepolitico.com\/index.php\/wp-json\/wp\/v2\/tags?post=3582"}],"curies":[{"name":"wp","href":"https:\/\/api.w.org\/{rel}","templated":true}]}}