{"id":3697,"date":"2025-09-02T14:26:32","date_gmt":"2025-09-02T14:26:32","guid":{"rendered":"https:\/\/revistaenfoquepolitico.com\/?p=3697"},"modified":"2025-09-02T14:26:32","modified_gmt":"2025-09-02T14:26:32","slug":"anuncia-alcalde-jm-unanue-la-campana-septiembre-mes-del-testamento","status":"publish","type":"post","link":"https:\/\/revistaenfoquepolitico.com\/index.php\/2025\/09\/02\/anuncia-alcalde-jm-unanue-la-campana-septiembre-mes-del-testamento\/","title":{"rendered":"ANUNCIA ALCALDE JM UN\u00c1NUE LA CAMPA\u00d1A \u00abSEPTIEMBRE, MES DEL TESTAMENTO\u00bb"},"content":{"rendered":"<div dir=\"auto\"><strong>*Con la finalidad de brindar certeza jur\u00eddica a las familias de manera sencilla, r\u00e1pida y econ\u00f3mica*<\/strong><\/div>\n<div dir=\"auto\"><\/div>\n<div dir=\"auto\">Boca del R\u00edo, Ver., 02 de septiembre de 2025<\/div>\n<div dir=\"auto\"><\/div>\n<div dir=\"auto\" style=\"text-align: justify;\">Con el objetivo de fomentar la cultura de la previsi\u00f3n y garantizar certeza jur\u00eddica al patrimonio de las familias, el Ayuntamiento de Boca del R\u00edo se suma a la campa\u00f1a \u201cSeptiembre, Mes del Testamento\u201d, una iniciativa de gran importancia social que busca que m\u00e1s ciudadanos act\u00faen responsablemente para no heredar problemas a sus seres queridos.<\/div>\n<div dir=\"auto\" style=\"text-align: justify;\"><\/div>\n<div dir=\"auto\" style=\"text-align: justify;\"><img loading=\"lazy\" decoding=\"async\" class=\"alignleft size-medium wp-image-3699\" src=\"https:\/\/revistaenfoquepolitico.com\/wp-content\/uploads\/2025\/09\/MES-TESTAMENTO-2025-2-300x200.jpg\" alt=\"\" width=\"300\" height=\"200\" srcset=\"https:\/\/revistaenfoquepolitico.com\/wp-content\/uploads\/2025\/09\/MES-TESTAMENTO-2025-2-300x200.jpg 300w, https:\/\/revistaenfoquepolitico.com\/wp-content\/uploads\/2025\/09\/MES-TESTAMENTO-2025-2-1024x682.jpg 1024w, https:\/\/revistaenfoquepolitico.com\/wp-content\/uploads\/2025\/09\/MES-TESTAMENTO-2025-2-768x511.jpg 768w, https:\/\/revistaenfoquepolitico.com\/wp-content\/uploads\/2025\/09\/MES-TESTAMENTO-2025-2-1170x779.jpg 1170w, https:\/\/revistaenfoquepolitico.com\/wp-content\/uploads\/2025\/09\/MES-TESTAMENTO-2025-2.jpg 1280w\" sizes=\"auto, (max-width: 300px) 100vw, 300px\" \/>El alcalde de Boca del R\u00edo, Juan Manuel Un\u00e1nue Abascal, destac\u00f3 la relevancia de este programa mencionando que \u201ccomo lo hemos hecho los tres a\u00f1os anteriores de mi administraci\u00f3n, la idea es precisamente que se haga el testamento de todas las familias que no lo han hecho de manera r\u00e1pida, sencilla y econ\u00f3mica\u201d.<\/div>\n<div dir=\"auto\" style=\"text-align: justify;\"><\/div>\n<div dir=\"auto\" style=\"text-align: justify;\">Por su parte, la presidenta del DIF municipal, Melina Rivera de Un\u00e1nue, refrend\u00f3 el respaldo a esta acci\u00f3n que contribuye a la protecci\u00f3n del n\u00facleo familiar.<\/div>\n<div dir=\"auto\" style=\"text-align: justify;\"><\/div>\n<div dir=\"auto\" style=\"text-align: justify;\"><img loading=\"lazy\" decoding=\"async\" class=\"alignright size-medium wp-image-3700\" src=\"https:\/\/revistaenfoquepolitico.com\/wp-content\/uploads\/2025\/09\/MES-TESTAMENTO-2025-3-195x300.jpg\" alt=\"\" width=\"195\" height=\"300\" srcset=\"https:\/\/revistaenfoquepolitico.com\/wp-content\/uploads\/2025\/09\/MES-TESTAMENTO-2025-3-195x300.jpg 195w, https:\/\/revistaenfoquepolitico.com\/wp-content\/uploads\/2025\/09\/MES-TESTAMENTO-2025-3-665x1024.jpg 665w, https:\/\/revistaenfoquepolitico.com\/wp-content\/uploads\/2025\/09\/MES-TESTAMENTO-2025-3-768x1183.jpg 768w, https:\/\/revistaenfoquepolitico.com\/wp-content\/uploads\/2025\/09\/MES-TESTAMENTO-2025-3.jpg 831w\" sizes=\"auto, (max-width: 195px) 100vw, 195px\" \/>\u201cNo importa la edad, ni la condici\u00f3n econ\u00f3mica, ni el tama\u00f1o del patrimonio que tengamos, lo importante es actuar con responsabilidad y garantizar que nuestro legado se transmita de la mejor manera\u201d, dijo Rivera de Un\u00e1nue.<\/div>\n<div dir=\"auto\" style=\"text-align: justify;\"><\/div>\n<div dir=\"auto\" style=\"text-align: justify;\">En el marco del vig\u00e9simo tercer aniversario del programa nacional \u201cMes del Testamento\u201d, el notario p\u00fablico No. 17 y presidente del Consejo del Colegio de Notarios P\u00fablicos del Estado de Veracruz, Joaqu\u00edn Tiburcio Galicia, inform\u00f3 que este beneficio se extiende a toda la entidad, incluido Boca del R\u00edo.<\/div>\n<div dir=\"auto\" style=\"text-align: justify;\"><\/div>\n<div dir=\"auto\" style=\"text-align: justify;\">\u201cEl costo es de $1,500 pesos p\u00fablico en general y para el personal de las Fuerzas Armadas, cuerpos policiacos, bomberos y personas de 65 a\u00f1os o m\u00e1s tendr\u00e1 un costo de $1,200 pesos en cualquiera de los 270 notarios activos en la entidad veracruzana\u201d, detall\u00f3 Tiburcio Galicia.<\/div>\n<div dir=\"auto\" style=\"text-align: justify;\"><\/div>\n<div dir=\"auto\" style=\"text-align: justify;\"><img loading=\"lazy\" decoding=\"async\" class=\"alignleft size-medium wp-image-3698\" src=\"https:\/\/revistaenfoquepolitico.com\/wp-content\/uploads\/2025\/09\/MES-TESTAMENTO-2025-1-300x200.jpg\" alt=\"\" width=\"300\" height=\"200\" srcset=\"https:\/\/revistaenfoquepolitico.com\/wp-content\/uploads\/2025\/09\/MES-TESTAMENTO-2025-1-300x200.jpg 300w, https:\/\/revistaenfoquepolitico.com\/wp-content\/uploads\/2025\/09\/MES-TESTAMENTO-2025-1-1024x682.jpg 1024w, https:\/\/revistaenfoquepolitico.com\/wp-content\/uploads\/2025\/09\/MES-TESTAMENTO-2025-1-768x511.jpg 768w, https:\/\/revistaenfoquepolitico.com\/wp-content\/uploads\/2025\/09\/MES-TESTAMENTO-2025-1-1170x779.jpg 1170w, https:\/\/revistaenfoquepolitico.com\/wp-content\/uploads\/2025\/09\/MES-TESTAMENTO-2025-1.jpg 1280w\" sizes=\"auto, (max-width: 300px) 100vw, 300px\" \/>Con esta campa\u00f1a, el Gobierno Municipal y el DIF Boca del R\u00edo reiteran su compromiso de fortalecer la seguridad jur\u00eddica de las familias y promover una cultura de prevenci\u00f3n que otorgue tranquilidad y bienestar a la sociedad.<\/div>\n<div dir=\"auto\" style=\"text-align: justify;\"><\/div>\n<div dir=\"auto\" style=\"text-align: justify;\">Presentes estuvieron Genaro Isidoro L\u00f3pez Castillo, Notario P\u00fablico no. 13, Gerardo Gil Lastra, Notario P\u00fablico no. 41 y Enrique Levet Rivera, Notario P\u00fablico no. 52, adem\u00e1s de la S\u00edndica \u00danica, Susana Tiburcio Galicia, Silvia Pe\u00f1a Rico Panzzi, Regidora y la Directora del DIF, Yamileth Herrera D\u00edaz.<\/div>\n<div dir=\"auto\" style=\"text-align: justify;\"><\/div>\n<div dir=\"auto\"><strong>*REQUISITOS*<\/strong><\/div>\n<div dir=\"auto\"><\/div>\n<div dir=\"auto\">**Copia INE<\/div>\n<div dir=\"auto\"><\/div>\n<div dir=\"auto\">**Copia comprobante de domicilio de Boca del R\u00edo (no mayor a dos meses)<\/div>\n<div dir=\"auto\"><\/div>\n<div dir=\"auto\">**Acudir de lunes a viernes de 9 am a 13 hrs a la Procuradur\u00eda del Menor ubicada en las oficinas del DIF Municipal en la calle Ferrocarril entre bulevar Migue Alem\u00e1n y bulevar Vicente Fox en Boca del R\u00edo**<\/div>\n<div id=\"x_ms-outlook-mobile-body-separator-line\" dir=\"auto\"><\/div>\n","protected":false},"excerpt":{"rendered":"<p>*Con la finalidad de brindar certeza jur\u00eddica a las familias de manera sencilla, r\u00e1pida y econ\u00f3mica* Boca del R\u00edo, Ver., 02 de septiembre de 2025 Con el objetivo de fomentar la cultura de la previsi\u00f3n y garantizar certeza jur\u00eddica al patrimonio de las familias, el Ayuntamiento de Boca del R\u00edo se suma a la campa\u00f1a [&hellip;]<\/p>\n","protected":false},"author":1,"featured_media":3701,"comment_status":"closed","ping_status":"closed","sticky":false,"template":"","format":"standard","meta":{"_jetpack_memberships_contains_paid_content":false,"footnotes":"","jetpack_publicize_message":"","jetpack_publicize_feature_enabled":true,"jetpack_social_post_already_shared":false,"jetpack_social_options":{"image_generator_settings":{"template":"highway","default_image_id":0,"font":"","enabled":false},"version":2}},"categories":[4],"tags":[40],"class_list":["post-3697","post","type-post","status-publish","format-standard","has-post-thumbnail","hentry","category-noticia-politica","tag-jm-alcalde-2025"],"jetpack_publicize_connections":[],"jetpack_featured_media_url":"https:\/\/revistaenfoquepolitico.com\/wp-content\/uploads\/2025\/09\/MES-TESTAMENTO-2025-4.jpg","jetpack_sharing_enabled":true,"_links":{"self":[{"href":"https:\/\/revistaenfoquepolitico.com\/index.php\/wp-json\/wp\/v2\/posts\/3697","targetHints":{"allow":["GET"]}}],"collection":[{"href":"https:\/\/revistaenfoquepolitico.com\/index.php\/wp-json\/wp\/v2\/posts"}],"about":[{"href":"https:\/\/revistaenfoquepolitico.com\/index.php\/wp-json\/wp\/v2\/types\/post"}],"author":[{"embeddable":true,"href":"https:\/\/revistaenfoquepolitico.com\/index.php\/wp-json\/wp\/v2\/users\/1"}],"replies":[{"embeddable":true,"href":"https:\/\/revistaenfoquepolitico.com\/index.php\/wp-json\/wp\/v2\/comments?post=3697"}],"version-history":[{"count":1,"href":"https:\/\/revistaenfoquepolitico.com\/index.php\/wp-json\/wp\/v2\/posts\/3697\/revisions"}],"predecessor-version":[{"id":3702,"href":"https:\/\/revistaenfoquepolitico.com\/index.php\/wp-json\/wp\/v2\/posts\/3697\/revisions\/3702"}],"wp:featuredmedia":[{"embeddable":true,"href":"https:\/\/revistaenfoquepolitico.com\/index.php\/wp-json\/wp\/v2\/media\/3701"}],"wp:attachment":[{"href":"https:\/\/revistaenfoquepolitico.com\/index.php\/wp-json\/wp\/v2\/media?parent=3697"}],"wp:term":[{"taxonomy":"category","embeddable":true,"href":"https:\/\/revistaenfoquepolitico.com\/index.php\/wp-json\/wp\/v2\/categories?post=3697"},{"taxonomy":"post_tag","embeddable":true,"href":"https:\/\/revistaenfoquepolitico.com\/index.php\/wp-json\/wp\/v2\/tags?post=3697"}],"curies":[{"name":"wp","href":"https:\/\/api.w.org\/{rel}","templated":true}]}}