{"id":3714,"date":"2025-09-16T14:23:19","date_gmt":"2025-09-16T14:23:19","guid":{"rendered":"https:\/\/revistaenfoquepolitico.com\/?p=3714"},"modified":"2025-09-16T14:23:19","modified_gmt":"2025-09-16T14:23:19","slug":"conmemora-alcalde-jm-unanue-el-215-aniversario-del-grito-de-independencia","status":"publish","type":"post","link":"https:\/\/revistaenfoquepolitico.com\/index.php\/2025\/09\/16\/conmemora-alcalde-jm-unanue-el-215-aniversario-del-grito-de-independencia\/","title":{"rendered":"CONMEMORA ALCALDE JM UN\u00c1NUE EL 215 ANIVERSARIO DEL GRITO DE INDEPENDENCIA"},"content":{"rendered":"<div dir=\"auto\"><strong>*Como cada a\u00f1o, los boque\u00f1os expresaron su amor por M\u00e9xico, su respeto y reconocimiento a los h\u00e9roes que forjaron la libertad e independencia de nuestra naci\u00f3n*<\/strong><\/div>\n<div dir=\"auto\"><\/div>\n<div dir=\"auto\">Boca del R\u00edo, Ver., 15 de septiembre de 2025<\/div>\n<div dir=\"auto\"><\/div>\n<div dir=\"auto\" style=\"text-align: justify;\">En una noche llena de orgullo patrio, el alcalde de Boca del R\u00edo, Juan Manuel Un\u00e1nue Abascal, encabez\u00f3 la Ceremonia Protocolaria del 215 Aniversario del Grito de Independencia de M\u00e9xico, recordando a los h\u00e9roes que les dieron Patria y Libertad a los mexicanos.<\/div>\n<div dir=\"auto\" style=\"text-align: justify;\"><\/div>\n<div dir=\"auto\" style=\"text-align: justify;\"><img loading=\"lazy\" decoding=\"async\" class=\"alignleft size-medium wp-image-3716\" src=\"https:\/\/revistaenfoquepolitico.com\/wp-content\/uploads\/2025\/09\/JM-215-ANIVERSARIO-2-300x200.jpg\" alt=\"\" width=\"300\" height=\"200\" srcset=\"https:\/\/revistaenfoquepolitico.com\/wp-content\/uploads\/2025\/09\/JM-215-ANIVERSARIO-2-300x200.jpg 300w, https:\/\/revistaenfoquepolitico.com\/wp-content\/uploads\/2025\/09\/JM-215-ANIVERSARIO-2-1024x682.jpg 1024w, https:\/\/revistaenfoquepolitico.com\/wp-content\/uploads\/2025\/09\/JM-215-ANIVERSARIO-2-768x512.jpg 768w, https:\/\/revistaenfoquepolitico.com\/wp-content\/uploads\/2025\/09\/JM-215-ANIVERSARIO-2-1170x780.jpg 1170w, https:\/\/revistaenfoquepolitico.com\/wp-content\/uploads\/2025\/09\/JM-215-ANIVERSARIO-2.jpg 1280w\" sizes=\"auto, (max-width: 300px) 100vw, 300px\" \/>Con una Plaza C\u00edvica llena con miles de asistentes, el acto comenz\u00f3 con el traslado del edil boque\u00f1o por los pasillos del Palacio Municipal, acompa\u00f1ado por la presidenta del DIF, Melina Rivera de Un\u00e1nue, y su peque\u00f1a hija Aitana rumbo al balc\u00f3n principal.<\/div>\n<div dir=\"auto\" style=\"text-align: justify;\"><\/div>\n<div dir=\"auto\" style=\"text-align: justify;\">Tras el toque de corneta, la s\u00edndica \u00fanica, Susana Tiburcio Galicia, entreg\u00f3 el l\u00e1baro patrio a la escolta de la Escuela N\u00e1utica Mercante Fernando Siliceo, que posteriormente lo condujo hacia el arco de acceso al balc\u00f3n para entregarlo al presidente municipal.<\/div>\n<div dir=\"auto\" style=\"text-align: justify;\"><\/div>\n<div dir=\"auto\" style=\"text-align: justify;\">Ya en el balc\u00f3n del palacio, el alcalde recibi\u00f3 la bandera nacional e hizo sonar la campana para iniciar la tradicional arenga:<\/div>\n<div dir=\"auto\" style=\"text-align: justify;\"><\/div>\n<div dir=\"auto\" style=\"text-align: justify;\"><img loading=\"lazy\" decoding=\"async\" class=\"alignright size-medium wp-image-3717\" src=\"https:\/\/revistaenfoquepolitico.com\/wp-content\/uploads\/2025\/09\/JM-215-ANIVERSARIO-3-300x200.jpg\" alt=\"\" width=\"300\" height=\"200\" srcset=\"https:\/\/revistaenfoquepolitico.com\/wp-content\/uploads\/2025\/09\/JM-215-ANIVERSARIO-3-300x200.jpg 300w, https:\/\/revistaenfoquepolitico.com\/wp-content\/uploads\/2025\/09\/JM-215-ANIVERSARIO-3-1024x682.jpg 1024w, https:\/\/revistaenfoquepolitico.com\/wp-content\/uploads\/2025\/09\/JM-215-ANIVERSARIO-3-768x512.jpg 768w, https:\/\/revistaenfoquepolitico.com\/wp-content\/uploads\/2025\/09\/JM-215-ANIVERSARIO-3-1170x780.jpg 1170w, https:\/\/revistaenfoquepolitico.com\/wp-content\/uploads\/2025\/09\/JM-215-ANIVERSARIO-3.jpg 1280w\" sizes=\"auto, (max-width: 300px) 100vw, 300px\" \/>\u201c\u00a1Boque\u00f1os y boque\u00f1as, vivan los h\u00e9roes que nos dieron patria y libertad, viva Hidalgo, viva Morelos, viva Josefa Ortiz de Dom\u00ednguez, viva Allende, viva Aldama, viva Galeana, viva Nicol\u00e1s Bravo, viva la Independencia nacional, viva Boca del R\u00edo, Veracruz, viva M\u00e9xico, viva M\u00e9xico, viva M\u00e9xico!\u201d.<\/div>\n<div dir=\"auto\" style=\"text-align: justify;\"><\/div>\n<div dir=\"auto\" style=\"text-align: justify;\">Al t\u00e9rmino del Grito se replic\u00f3 nuevamente la campana en seis ocasiones e inmediatamente se onde\u00f3 la bandera, mientras los presentes entonaron el Himno Nacional Mexicano.<\/div>\n<div dir=\"auto\" style=\"text-align: justify;\"><\/div>\n<div dir=\"auto\" style=\"text-align: justify;\">Posteriormente, el alcalde boque\u00f1o portando en sus manos el l\u00e1baro patrio, lo entreg\u00f3 a la escolta en se\u00f1al de respeto a los s\u00edmbolos nacionales.<\/div>\n<div dir=\"auto\" style=\"text-align: justify;\"><\/div>\n<div dir=\"auto\" style=\"text-align: justify;\"><img loading=\"lazy\" decoding=\"async\" class=\"alignleft size-medium wp-image-3719\" src=\"https:\/\/revistaenfoquepolitico.com\/wp-content\/uploads\/2025\/09\/JM-215-ANIVERSARIO-5-300x225.jpg\" alt=\"\" width=\"300\" height=\"225\" srcset=\"https:\/\/revistaenfoquepolitico.com\/wp-content\/uploads\/2025\/09\/JM-215-ANIVERSARIO-5-300x225.jpg 300w, https:\/\/revistaenfoquepolitico.com\/wp-content\/uploads\/2025\/09\/JM-215-ANIVERSARIO-5-1024x768.jpg 1024w, https:\/\/revistaenfoquepolitico.com\/wp-content\/uploads\/2025\/09\/JM-215-ANIVERSARIO-5-768x576.jpg 768w, https:\/\/revistaenfoquepolitico.com\/wp-content\/uploads\/2025\/09\/JM-215-ANIVERSARIO-5-1170x878.jpg 1170w, https:\/\/revistaenfoquepolitico.com\/wp-content\/uploads\/2025\/09\/JM-215-ANIVERSARIO-5.jpg 1280w\" sizes=\"auto, (max-width: 300px) 100vw, 300px\" \/>La noche continu\u00f3 con un espect\u00e1culo de pirotecnia que ilumin\u00f3 el cielo, acompa\u00f1ado por la participaci\u00f3n de la banda musical del CBTIS 79.<\/div>\n<div dir=\"auto\" style=\"text-align: justify;\"><\/div>\n<div dir=\"auto\" style=\"text-align: justify;\">Previamente, el p\u00fablico disfrut\u00f3 de un evento cultural y folcl\u00f3rico con estampas regionales de varios estados, as\u00ed como de la presentaci\u00f3n del imitador de Juan Gabriel y del cantante Jorge Flores con m\u00fasica de banda.<\/div>\n<div dir=\"auto\" style=\"text-align: justify;\"><\/div>\n<div dir=\"auto\" style=\"text-align: justify;\">Para cerrar la celebraci\u00f3n, los asistentes degustaron tacos al pastor y aguas frescas, compartiendo un momento de convivencia que reafirm\u00f3 el amor de Boca del R\u00edo por M\u00e9xico y su respeto hacia los h\u00e9roes que, con su valent\u00eda y pensamiento, forjaron la libertad e independencia de la naci\u00f3n.<\/div>\n<div dir=\"auto\"><img loading=\"lazy\" decoding=\"async\" class=\"alignleft size-medium wp-image-3718\" src=\"https:\/\/revistaenfoquepolitico.com\/wp-content\/uploads\/2025\/09\/JM-215-ANIVERSARIO-4-300x159.jpg\" alt=\"\" width=\"300\" height=\"159\" srcset=\"https:\/\/revistaenfoquepolitico.com\/wp-content\/uploads\/2025\/09\/JM-215-ANIVERSARIO-4-300x159.jpg 300w, https:\/\/revistaenfoquepolitico.com\/wp-content\/uploads\/2025\/09\/JM-215-ANIVERSARIO-4-1024x543.jpg 1024w, https:\/\/revistaenfoquepolitico.com\/wp-content\/uploads\/2025\/09\/JM-215-ANIVERSARIO-4-768x407.jpg 768w, https:\/\/revistaenfoquepolitico.com\/wp-content\/uploads\/2025\/09\/JM-215-ANIVERSARIO-4-1170x621.jpg 1170w, https:\/\/revistaenfoquepolitico.com\/wp-content\/uploads\/2025\/09\/JM-215-ANIVERSARIO-4.jpg 1280w\" sizes=\"auto, (max-width: 300px) 100vw, 300px\" \/><img loading=\"lazy\" decoding=\"async\" class=\"alignright size-medium wp-image-3720\" src=\"https:\/\/revistaenfoquepolitico.com\/wp-content\/uploads\/2025\/09\/JM-215-ANIVERSARIO-6-300x225.jpg\" alt=\"\" width=\"300\" height=\"225\" srcset=\"https:\/\/revistaenfoquepolitico.com\/wp-content\/uploads\/2025\/09\/JM-215-ANIVERSARIO-6-300x225.jpg 300w, https:\/\/revistaenfoquepolitico.com\/wp-content\/uploads\/2025\/09\/JM-215-ANIVERSARIO-6-1024x768.jpg 1024w, https:\/\/revistaenfoquepolitico.com\/wp-content\/uploads\/2025\/09\/JM-215-ANIVERSARIO-6-768x576.jpg 768w, https:\/\/revistaenfoquepolitico.com\/wp-content\/uploads\/2025\/09\/JM-215-ANIVERSARIO-6-1170x878.jpg 1170w, https:\/\/revistaenfoquepolitico.com\/wp-content\/uploads\/2025\/09\/JM-215-ANIVERSARIO-6.jpg 1280w\" sizes=\"auto, (max-width: 300px) 100vw, 300px\" \/><\/div>\n<div id=\"x_ms-outlook-mobile-body-separator-line\" dir=\"auto\" data-applydefaultfontstyles=\"true\">\n<div dir=\"auto\" style=\"text-align: justify;\"><\/div>\n<\/div>\n","protected":false},"excerpt":{"rendered":"<p>*Como cada a\u00f1o, los boque\u00f1os expresaron su amor por M\u00e9xico, su respeto y reconocimiento a los h\u00e9roes que forjaron la libertad e independencia de nuestra naci\u00f3n* Boca del R\u00edo, Ver., 15 de septiembre de 2025 En una noche llena de orgullo patrio, el alcalde de Boca del R\u00edo, Juan Manuel Un\u00e1nue Abascal, encabez\u00f3 la Ceremonia [&hellip;]<\/p>\n","protected":false},"author":1,"featured_media":3715,"comment_status":"closed","ping_status":"closed","sticky":false,"template":"","format":"standard","meta":{"_jetpack_memberships_contains_paid_content":false,"footnotes":"","jetpack_publicize_message":"","jetpack_publicize_feature_enabled":true,"jetpack_social_post_already_shared":false,"jetpack_social_options":{"image_generator_settings":{"template":"highway","default_image_id":0,"font":"","enabled":false},"version":2}},"categories":[4],"tags":[40],"class_list":["post-3714","post","type-post","status-publish","format-standard","has-post-thumbnail","hentry","category-noticia-politica","tag-jm-alcalde-2025"],"jetpack_publicize_connections":[],"jetpack_featured_media_url":"https:\/\/revistaenfoquepolitico.com\/wp-content\/uploads\/2025\/09\/JM-215-AMOVERSARIO-1.jpg","jetpack_sharing_enabled":true,"_links":{"self":[{"href":"https:\/\/revistaenfoquepolitico.com\/index.php\/wp-json\/wp\/v2\/posts\/3714","targetHints":{"allow":["GET"]}}],"collection":[{"href":"https:\/\/revistaenfoquepolitico.com\/index.php\/wp-json\/wp\/v2\/posts"}],"about":[{"href":"https:\/\/revistaenfoquepolitico.com\/index.php\/wp-json\/wp\/v2\/types\/post"}],"author":[{"embeddable":true,"href":"https:\/\/revistaenfoquepolitico.com\/index.php\/wp-json\/wp\/v2\/users\/1"}],"replies":[{"embeddable":true,"href":"https:\/\/revistaenfoquepolitico.com\/index.php\/wp-json\/wp\/v2\/comments?post=3714"}],"version-history":[{"count":1,"href":"https:\/\/revistaenfoquepolitico.com\/index.php\/wp-json\/wp\/v2\/posts\/3714\/revisions"}],"predecessor-version":[{"id":3721,"href":"https:\/\/revistaenfoquepolitico.com\/index.php\/wp-json\/wp\/v2\/posts\/3714\/revisions\/3721"}],"wp:featuredmedia":[{"embeddable":true,"href":"https:\/\/revistaenfoquepolitico.com\/index.php\/wp-json\/wp\/v2\/media\/3715"}],"wp:attachment":[{"href":"https:\/\/revistaenfoquepolitico.com\/index.php\/wp-json\/wp\/v2\/media?parent=3714"}],"wp:term":[{"taxonomy":"category","embeddable":true,"href":"https:\/\/revistaenfoquepolitico.com\/index.php\/wp-json\/wp\/v2\/categories?post=3714"},{"taxonomy":"post_tag","embeddable":true,"href":"https:\/\/revistaenfoquepolitico.com\/index.php\/wp-json\/wp\/v2\/tags?post=3714"}],"curies":[{"name":"wp","href":"https:\/\/api.w.org\/{rel}","templated":true}]}}