{"id":3724,"date":"2025-09-24T14:25:03","date_gmt":"2025-09-24T14:25:03","guid":{"rendered":"https:\/\/revistaenfoquepolitico.com\/?p=3724"},"modified":"2025-09-24T14:25:03","modified_gmt":"2025-09-24T14:25:03","slug":"entrega-alcalde-jm-unanue-cancha-rehabilitada-a-la-secundaria-general-6-belisario-dominguez","status":"publish","type":"post","link":"https:\/\/revistaenfoquepolitico.com\/index.php\/2025\/09\/24\/entrega-alcalde-jm-unanue-cancha-rehabilitada-a-la-secundaria-general-6-belisario-dominguez\/","title":{"rendered":"ENTREGA ALCALDE JM UN\u00c1NUE CANCHA REHABILITADA A LA SECUNDARIA GENERAL 6 BELISARIO DOM\u00cdNGUEZ"},"content":{"rendered":"<div dir=\"auto\"><strong>*Con estas acciones, el edil boque\u00f1o reafirma su apoyo a la educaci\u00f3n de Boca del R\u00edo*<\/strong><\/div>\n<div dir=\"auto\"><\/div>\n<div dir=\"auto\">Boca del R\u00edo, Ver., 23 de septiembre de 2025<\/div>\n<div dir=\"auto\"><\/div>\n<div dir=\"auto\" style=\"text-align: justify;\">La comunidad de la Secundaria General 6 Belisario Dom\u00ednguez, agradeci\u00f3 al alcalde de Boca del R\u00edo, Juan Manuel Un\u00e1nue Abascal, por la rehabilitaci\u00f3n de su cancha de usos m\u00faltiples, logrando as\u00ed un espacio digno para el uso y disfrute de estudiantes, personal docente y padres de familia.<\/div>\n<div dir=\"auto\" style=\"text-align: justify;\"><\/div>\n<div dir=\"auto\" style=\"text-align: justify;\">El presidente municipal expres\u00f3 su satisfacci\u00f3n por esta obra que impulsa el deporte y la sana convivencia.<\/div>\n<div dir=\"auto\" style=\"text-align: justify;\"><\/div>\n<div dir=\"auto\" style=\"text-align: justify;\"><img loading=\"lazy\" decoding=\"async\" class=\"alignleft size-medium wp-image-3728\" src=\"https:\/\/revistaenfoquepolitico.com\/wp-content\/uploads\/2025\/09\/SEC-GRAL-1-300x200.jpg\" alt=\"\" width=\"300\" height=\"200\" srcset=\"https:\/\/revistaenfoquepolitico.com\/wp-content\/uploads\/2025\/09\/SEC-GRAL-1-300x200.jpg 300w, https:\/\/revistaenfoquepolitico.com\/wp-content\/uploads\/2025\/09\/SEC-GRAL-1-1024x682.jpg 1024w, https:\/\/revistaenfoquepolitico.com\/wp-content\/uploads\/2025\/09\/SEC-GRAL-1-768x512.jpg 768w, https:\/\/revistaenfoquepolitico.com\/wp-content\/uploads\/2025\/09\/SEC-GRAL-1-1170x780.jpg 1170w, https:\/\/revistaenfoquepolitico.com\/wp-content\/uploads\/2025\/09\/SEC-GRAL-1.jpg 1280w\" sizes=\"auto, (max-width: 300px) 100vw, 300px\" \/>\u201cAgradezco a maestros y alumnos de la Escuela Secundaria General 6 Belisario Dom\u00ednguez, por el c\u00e1lido recibimiento que me dieron para supervisar juntos la rehabilitaci\u00f3n de la cancha de usos m\u00faltiples que qued\u00f3 lista para su uso y disfrute. Esta obra que beneficiar\u00e1 a estudiantes, personal administrativo y padres de familia, reafirma nuestro compromiso con la educaci\u00f3n de Boca del R\u00edo\u201d, destac\u00f3 Un\u00e1nue Abascal.<\/div>\n<div dir=\"auto\" style=\"text-align: justify;\"><\/div>\n<div dir=\"auto\" style=\"text-align: justify;\">El alcalde fue recibido y acompa\u00f1ado por directivos, maestros y alumnos para recorrer la obra que representa un impulso al deporte, la convivencia y los buenos h\u00e1bitos de salud dentro del plantel.<\/div>\n<div dir=\"auto\" style=\"text-align: justify;\"><\/div>\n<div dir=\"auto\" style=\"text-align: justify;\">La rehabilitaci\u00f3n incluy\u00f3 m\u00e1s de 400 metros cuadrados de pavimento de concreto premezclado de 12 cm de espesor, el uso de m\u00e1s de 60 metros c\u00fabicos de base hidr\u00e1ulica, la colocaci\u00f3n de 2 piezas de porter\u00edas-canastas y postes de voleibol, as\u00ed como la aplicaci\u00f3n de m\u00e1s de 400 metros cuadrados de pintura deportiva antiderrapante, entre otras acciones.<\/div>\n<div dir=\"auto\" style=\"text-align: justify;\"><\/div>\n<div dir=\"auto\" style=\"text-align: justify;\">Con este proyecto, el Gobierno Municipal reafirma su compromiso de seguir mejorando la infraestructura educativa de Boca del R\u00edo, generando espacios seguros y de calidad para la formaci\u00f3n integral de la juventud boque\u00f1a.<\/div>\n<div dir=\"auto\"><img loading=\"lazy\" decoding=\"async\" class=\"alignleft size-medium wp-image-3729\" src=\"https:\/\/revistaenfoquepolitico.com\/wp-content\/uploads\/2025\/09\/SEC-GRAL-2-300x200.jpg\" alt=\"\" width=\"300\" height=\"200\" srcset=\"https:\/\/revistaenfoquepolitico.com\/wp-content\/uploads\/2025\/09\/SEC-GRAL-2-300x200.jpg 300w, https:\/\/revistaenfoquepolitico.com\/wp-content\/uploads\/2025\/09\/SEC-GRAL-2-1024x682.jpg 1024w, https:\/\/revistaenfoquepolitico.com\/wp-content\/uploads\/2025\/09\/SEC-GRAL-2-768x512.jpg 768w, https:\/\/revistaenfoquepolitico.com\/wp-content\/uploads\/2025\/09\/SEC-GRAL-2-1170x780.jpg 1170w, https:\/\/revistaenfoquepolitico.com\/wp-content\/uploads\/2025\/09\/SEC-GRAL-2.jpg 1280w\" sizes=\"auto, (max-width: 300px) 100vw, 300px\" \/><img loading=\"lazy\" decoding=\"async\" class=\"alignright size-medium wp-image-3731\" src=\"https:\/\/revistaenfoquepolitico.com\/wp-content\/uploads\/2025\/09\/SEC-GRAL-4-300x200.jpg\" alt=\"\" width=\"300\" height=\"200\" srcset=\"https:\/\/revistaenfoquepolitico.com\/wp-content\/uploads\/2025\/09\/SEC-GRAL-4-300x200.jpg 300w, https:\/\/revistaenfoquepolitico.com\/wp-content\/uploads\/2025\/09\/SEC-GRAL-4-1024x682.jpg 1024w, https:\/\/revistaenfoquepolitico.com\/wp-content\/uploads\/2025\/09\/SEC-GRAL-4-768x512.jpg 768w, https:\/\/revistaenfoquepolitico.com\/wp-content\/uploads\/2025\/09\/SEC-GRAL-4-1170x780.jpg 1170w, https:\/\/revistaenfoquepolitico.com\/wp-content\/uploads\/2025\/09\/SEC-GRAL-4.jpg 1280w\" sizes=\"auto, (max-width: 300px) 100vw, 300px\" \/><\/div>\n<div id=\"x_ms-outlook-mobile-body-separator-line\" dir=\"auto\" data-applydefaultfontstyles=\"true\">\n<div dir=\"auto\" style=\"text-align: justify;\"><\/div>\n<\/div>\n","protected":false},"excerpt":{"rendered":"<p>*Con estas acciones, el edil boque\u00f1o reafirma su apoyo a la educaci\u00f3n de Boca del R\u00edo* Boca del R\u00edo, Ver., 23 de septiembre de 2025 La comunidad de la Secundaria General 6 Belisario Dom\u00ednguez, agradeci\u00f3 al alcalde de Boca del R\u00edo, Juan Manuel Un\u00e1nue Abascal, por la rehabilitaci\u00f3n de su cancha de usos m\u00faltiples, logrando [&hellip;]<\/p>\n","protected":false},"author":1,"featured_media":3730,"comment_status":"closed","ping_status":"closed","sticky":false,"template":"","format":"standard","meta":{"_jetpack_memberships_contains_paid_content":false,"footnotes":"","jetpack_publicize_message":"","jetpack_publicize_feature_enabled":true,"jetpack_social_post_already_shared":false,"jetpack_social_options":{"image_generator_settings":{"template":"highway","default_image_id":0,"font":"","enabled":false},"version":2}},"categories":[4],"tags":[],"class_list":["post-3724","post","type-post","status-publish","format-standard","has-post-thumbnail","hentry","category-noticia-politica"],"jetpack_publicize_connections":[],"jetpack_featured_media_url":"https:\/\/revistaenfoquepolitico.com\/wp-content\/uploads\/2025\/09\/SEC-GRAL-3.jpg","jetpack_sharing_enabled":true,"_links":{"self":[{"href":"https:\/\/revistaenfoquepolitico.com\/index.php\/wp-json\/wp\/v2\/posts\/3724","targetHints":{"allow":["GET"]}}],"collection":[{"href":"https:\/\/revistaenfoquepolitico.com\/index.php\/wp-json\/wp\/v2\/posts"}],"about":[{"href":"https:\/\/revistaenfoquepolitico.com\/index.php\/wp-json\/wp\/v2\/types\/post"}],"author":[{"embeddable":true,"href":"https:\/\/revistaenfoquepolitico.com\/index.php\/wp-json\/wp\/v2\/users\/1"}],"replies":[{"embeddable":true,"href":"https:\/\/revistaenfoquepolitico.com\/index.php\/wp-json\/wp\/v2\/comments?post=3724"}],"version-history":[{"count":1,"href":"https:\/\/revistaenfoquepolitico.com\/index.php\/wp-json\/wp\/v2\/posts\/3724\/revisions"}],"predecessor-version":[{"id":3732,"href":"https:\/\/revistaenfoquepolitico.com\/index.php\/wp-json\/wp\/v2\/posts\/3724\/revisions\/3732"}],"wp:featuredmedia":[{"embeddable":true,"href":"https:\/\/revistaenfoquepolitico.com\/index.php\/wp-json\/wp\/v2\/media\/3730"}],"wp:attachment":[{"href":"https:\/\/revistaenfoquepolitico.com\/index.php\/wp-json\/wp\/v2\/media?parent=3724"}],"wp:term":[{"taxonomy":"category","embeddable":true,"href":"https:\/\/revistaenfoquepolitico.com\/index.php\/wp-json\/wp\/v2\/categories?post=3724"},{"taxonomy":"post_tag","embeddable":true,"href":"https:\/\/revistaenfoquepolitico.com\/index.php\/wp-json\/wp\/v2\/tags?post=3724"}],"curies":[{"name":"wp","href":"https:\/\/api.w.org\/{rel}","templated":true}]}}