{"id":3742,"date":"2025-09-29T19:51:03","date_gmt":"2025-09-29T19:51:03","guid":{"rendered":"https:\/\/revistaenfoquepolitico.com\/?p=3742"},"modified":"2025-09-30T01:53:09","modified_gmt":"2025-09-30T01:53:09","slug":"anuncian-foros-por-la-transformacion-municipal-de-veracruz","status":"publish","type":"post","link":"https:\/\/revistaenfoquepolitico.com\/index.php\/2025\/09\/29\/anuncian-foros-por-la-transformacion-municipal-de-veracruz\/","title":{"rendered":"ANUNCIAN FOROS POR LA TRANSFORMACI\u00d3N MUNICIPAL DE VERACRUZ"},"content":{"rendered":"<div dir=\"auto\"><strong>*Se trata de un ejercicio ciudadano para recabar propuestas rumbo al Plan Municipal de Desarrollo 2026\u20132029, organizado por el Grupo Transforma Veracruz, en donde participar\u00e1n el Colegio de Economistas del Estado y organizaciones civiles*<\/strong><\/div>\n<div dir=\"auto\" aria-hidden=\"true\"><\/div>\n<div dir=\"auto\">Veracruz, Ver., 29 de septiembre de 2025<\/div>\n<div dir=\"auto\"><\/div>\n<div dir=\"auto\" style=\"text-align: justify;\">Con el prop\u00f3sito de reunir propuestas ciudadanas para la elaboraci\u00f3n del Plan Municipal de Desarrollo 2026\u20132029, dar\u00e1n inicio los Foros por la Transformaci\u00f3n Municipal, un ejercicio abierto de participaci\u00f3n en el que la sociedad podr\u00e1 definir prioridades y soluciones para el futuro de la ciudad.<\/div>\n<div dir=\"auto\" style=\"text-align: justify;\" aria-hidden=\"true\"><\/div>\n<div dir=\"auto\" style=\"text-align: justify;\">En un video difundido a trav\u00e9s de redes sociales, Rosa Mar\u00eda Hern\u00e1ndez Espejo, alcaldesa electa de Veracruz, y Edgard Gonz\u00e1lez Su\u00e1rez, coordinador del Grupo Transforma Veracruz, explicaron que esta iniciativa forma parte de los esfuerzos que realizan en conjunto con el Colegio de Economistas del Estado de Veracruz (COLECOVER) y diversas organizaciones civiles, con la finalidad de que la ciudadan\u00eda participe de manera directa en la definici\u00f3n de pol\u00edticas p\u00fablicas.<\/div>\n<div dir=\"auto\" style=\"text-align: justify;\" aria-hidden=\"true\"><\/div>\n<div dir=\"auto\" style=\"text-align: justify;\"><img loading=\"lazy\" decoding=\"async\" class=\"alignleft size-medium wp-image-3744\" src=\"https:\/\/revistaenfoquepolitico.com\/wp-content\/uploads\/2025\/09\/ROSA-FOROS-2-300x200.jpg\" alt=\"\" width=\"300\" height=\"200\" srcset=\"https:\/\/revistaenfoquepolitico.com\/wp-content\/uploads\/2025\/09\/ROSA-FOROS-2-300x200.jpg 300w, https:\/\/revistaenfoquepolitico.com\/wp-content\/uploads\/2025\/09\/ROSA-FOROS-2-1024x682.jpg 1024w, https:\/\/revistaenfoquepolitico.com\/wp-content\/uploads\/2025\/09\/ROSA-FOROS-2-768x512.jpg 768w, https:\/\/revistaenfoquepolitico.com\/wp-content\/uploads\/2025\/09\/ROSA-FOROS-2-1536x1023.jpg 1536w, https:\/\/revistaenfoquepolitico.com\/wp-content\/uploads\/2025\/09\/ROSA-FOROS-2-1170x780.jpg 1170w, https:\/\/revistaenfoquepolitico.com\/wp-content\/uploads\/2025\/09\/ROSA-FOROS-2.jpg 1600w\" sizes=\"auto, (max-width: 300px) 100vw, 300px\" \/>El primer foro se realizar\u00e1 el pr\u00f3ximo 3 de octubre y estar\u00e1 enfocado en el desarrollo econ\u00f3mico, comercial y tur\u00edstico, con ejes relacionados con la actividad portuaria y aduanal, el fortalecimiento de peque\u00f1as y medianas empresas y la promoci\u00f3n de los servicios tur\u00edsticos.<\/div>\n<div dir=\"auto\" style=\"text-align: justify;\" aria-hidden=\"true\"><\/div>\n<div dir=\"auto\" style=\"text-align: justify;\">\u201cAdem\u00e1s de la participaci\u00f3n de especialistas del Colegio de Economistas del Estado de Veracruz, se abrir\u00e1 un espacio para que la ciudadan\u00eda exponga sus propuestas de manera directa, mecanismo que responde a la visi\u00f3n de quien llevar\u00e1 las riendas del municipio a partir de enero, la -actualmente- alcaldesa electa Rosa Mar\u00eda Hern\u00e1ndez Espejo\u201d, abund\u00f3 Gonz\u00e1lez Su\u00e1rez.<\/div>\n<div dir=\"auto\" style=\"text-align: justify;\" aria-hidden=\"true\"><\/div>\n<div dir=\"auto\" style=\"text-align: justify;\">Bajo esta premisa de un futuro gobierno que se caracterizar\u00e1 por la cercan\u00eda con la gente y por impulsar consensos permanentes en la toma de decisiones, qued\u00f3 abierta la convocatoria para ciudadanos, empresarios, acad\u00e9micos y organizaciones sociales, a fin de sumar todas las voces en la construcci\u00f3n de una ciudad m\u00e1s justa, incluyente y sustentable.<\/div>\n<div dir=\"auto\" style=\"text-align: justify;\" aria-hidden=\"true\"><\/div>\n<div dir=\"auto\" style=\"text-align: justify;\">Los foros continuar\u00e1n en las siguientes semanas con distintos ejes tem\u00e1ticos: el 25 de octubre se abordar\u00e1 el desarrollo social, cultural y recreativo; el 8 de noviembre, el desarrollo urbano y el crecimiento poblacional; el 26 de noviembre, el desarrollo humano con enfoque equitativo y sustentable; y el 10 de diciembre, la gobernanza y gobernabilidad municipal.<\/div>\n<div dir=\"auto\" style=\"text-align: justify;\" aria-hidden=\"true\"><\/div>\n<div dir=\"auto\" style=\"text-align: justify;\">\u201cEstamos convencidos de que el futuro de la ciudad de Veracruz debe construirse desde la voz de la gente. Por ello invitamos a toda la sociedad a participar en este proceso hist\u00f3rico, pueden registrarse en el link: https:\/\/transformaveracruz.org\/\u201c, inform\u00f3\u00a0 Edgard Gonz\u00e1lez.<\/div>\n<div dir=\"auto\" style=\"text-align: justify;\" aria-hidden=\"true\"><\/div>\n<div dir=\"auto\"><strong>PROGRAMA DE FOROS<\/strong><\/div>\n<div dir=\"auto\" aria-hidden=\"true\"><\/div>\n<div dir=\"auto\"><strong>1er Foro<\/strong><\/div>\n<div dir=\"auto\">Desarrollo Econ\u00f3mico, Comercial y Tur\u00edstico.<\/div>\n<div dir=\"auto\">03 de octubre<\/div>\n<div dir=\"auto\">11 a 13 hrs.<\/div>\n<div dir=\"auto\">Gran Hotel Diligencias (sede confirmada)<\/div>\n<div dir=\"auto\" aria-hidden=\"true\"><\/div>\n<div dir=\"auto\"><strong>2o Foro<\/strong><\/div>\n<div dir=\"auto\">Desarrollo Social, Cultural y Recreativo<\/div>\n<div dir=\"auto\">25 de octubre<\/div>\n<div dir=\"auto\">11 a 13 hrs.<\/div>\n<div dir=\"auto\">Instituto Tecnol\u00f3gico de Veracruz (Sede por confirmar)<\/div>\n<div dir=\"auto\" aria-hidden=\"true\"><\/div>\n<div dir=\"auto\"><strong>3er Foro<\/strong><\/div>\n<div dir=\"auto\">Desarrollo Urbano y Crecimiento Poblacional<\/div>\n<div dir=\"auto\">07 de noviembre<\/div>\n<div dir=\"auto\">16 a 18 hrs.<\/div>\n<div dir=\"auto\">CANACO (Sede por confirmar)<\/div>\n<div dir=\"auto\" aria-hidden=\"true\"><\/div>\n<div dir=\"auto\"><strong>4o Foro<\/strong><\/div>\n<div dir=\"auto\">Desarrollo Humano, equitativo y sustentable<\/div>\n<div dir=\"auto\">26 de noviembre<\/div>\n<div dir=\"auto\">11 a 13 hrs.<\/div>\n<div dir=\"auto\">ASIPONA (Sede por confirmar)<\/div>\n<div dir=\"auto\" aria-hidden=\"true\"><\/div>\n<div dir=\"auto\"><strong>5o Foro<\/strong><\/div>\n<div dir=\"auto\">Gobernabilidad y Gobernanza municipal<\/div>\n<div dir=\"auto\">10 de diciembre<\/div>\n<div dir=\"auto\">11 a 13 hrs.<\/div>\n<div dir=\"auto\">IVEC (Sede por confirmar)<\/div>\n<div dir=\"auto\">\n<div style=\"width: 800px;\" class=\"wp-video\"><video class=\"wp-video-shortcode\" id=\"video-3742-1\" width=\"800\" height=\"453\" preload=\"metadata\" controls=\"controls\"><source type=\"video\/mp4\" src=\"https:\/\/revistaenfoquepolitico.com\/wp-content\/uploads\/2025\/09\/VID-20250929-WA0025-1.mp4?_=1\" \/><a href=\"https:\/\/revistaenfoquepolitico.com\/wp-content\/uploads\/2025\/09\/VID-20250929-WA0025-1.mp4\">https:\/\/revistaenfoquepolitico.com\/wp-content\/uploads\/2025\/09\/VID-20250929-WA0025-1.mp4<\/a><\/video><\/div>\n<\/div>\n","protected":false},"excerpt":{"rendered":"<p>*Se trata de un ejercicio ciudadano para recabar propuestas rumbo al Plan Municipal de Desarrollo 2026\u20132029, organizado por el Grupo Transforma Veracruz, en donde participar\u00e1n el Colegio de Economistas del Estado y organizaciones civiles* Veracruz, Ver., 29 de septiembre de 2025 Con el prop\u00f3sito de reunir propuestas ciudadanas para la elaboraci\u00f3n del Plan Municipal de [&hellip;]<\/p>\n","protected":false},"author":1,"featured_media":3743,"comment_status":"closed","ping_status":"closed","sticky":false,"template":"","format":"standard","meta":{"_jetpack_memberships_contains_paid_content":false,"footnotes":"","jetpack_publicize_message":"","jetpack_publicize_feature_enabled":true,"jetpack_social_post_already_shared":false,"jetpack_social_options":{"image_generator_settings":{"template":"highway","default_image_id":0,"font":"","enabled":false},"version":2}},"categories":[4],"tags":[42],"class_list":["post-3742","post","type-post","status-publish","format-standard","has-post-thumbnail","hentry","category-noticia-politica","tag-rosa-maria-hdez-espejo"],"jetpack_publicize_connections":[],"jetpack_featured_media_url":"https:\/\/revistaenfoquepolitico.com\/wp-content\/uploads\/2025\/09\/ROSA-FOROS-1.jpg","jetpack_sharing_enabled":true,"_links":{"self":[{"href":"https:\/\/revistaenfoquepolitico.com\/index.php\/wp-json\/wp\/v2\/posts\/3742","targetHints":{"allow":["GET"]}}],"collection":[{"href":"https:\/\/revistaenfoquepolitico.com\/index.php\/wp-json\/wp\/v2\/posts"}],"about":[{"href":"https:\/\/revistaenfoquepolitico.com\/index.php\/wp-json\/wp\/v2\/types\/post"}],"author":[{"embeddable":true,"href":"https:\/\/revistaenfoquepolitico.com\/index.php\/wp-json\/wp\/v2\/users\/1"}],"replies":[{"embeddable":true,"href":"https:\/\/revistaenfoquepolitico.com\/index.php\/wp-json\/wp\/v2\/comments?post=3742"}],"version-history":[{"count":3,"href":"https:\/\/revistaenfoquepolitico.com\/index.php\/wp-json\/wp\/v2\/posts\/3742\/revisions"}],"predecessor-version":[{"id":3750,"href":"https:\/\/revistaenfoquepolitico.com\/index.php\/wp-json\/wp\/v2\/posts\/3742\/revisions\/3750"}],"wp:featuredmedia":[{"embeddable":true,"href":"https:\/\/revistaenfoquepolitico.com\/index.php\/wp-json\/wp\/v2\/media\/3743"}],"wp:attachment":[{"href":"https:\/\/revistaenfoquepolitico.com\/index.php\/wp-json\/wp\/v2\/media?parent=3742"}],"wp:term":[{"taxonomy":"category","embeddable":true,"href":"https:\/\/revistaenfoquepolitico.com\/index.php\/wp-json\/wp\/v2\/categories?post=3742"},{"taxonomy":"post_tag","embeddable":true,"href":"https:\/\/revistaenfoquepolitico.com\/index.php\/wp-json\/wp\/v2\/tags?post=3742"}],"curies":[{"name":"wp","href":"https:\/\/api.w.org\/{rel}","templated":true}]}}