{"id":3885,"date":"2025-10-22T01:24:57","date_gmt":"2025-10-22T01:24:57","guid":{"rendered":"https:\/\/revistaenfoquepolitico.com\/?p=3885"},"modified":"2025-10-22T01:24:57","modified_gmt":"2025-10-22T01:24:57","slug":"amplian-plazo-de-inscripcion-para-la-corte-real-del-carnaval-de-veracruz-2026","status":"publish","type":"post","link":"https:\/\/revistaenfoquepolitico.com\/index.php\/2025\/10\/22\/amplian-plazo-de-inscripcion-para-la-corte-real-del-carnaval-de-veracruz-2026\/","title":{"rendered":"AMPL\u00cdAN PLAZO DE INSCRIPCI\u00d3N PARA LA CORTE REAL DEL CARNAVAL DE VERACRUZ 2026"},"content":{"rendered":"<div dir=\"auto\"><strong>*El Comit\u00e9 de Carnaval extiende el periodo de registro hasta el 23 de octubre a las 14:00 horas, ante las circunstancias extraordinarias por la contingencia en el norte del estado*<\/strong><\/div>\n<div dir=\"auto\"><\/div>\n<div dir=\"auto\">Veracruz, Ver., 20 de octubre de 2025<\/div>\n<div dir=\"auto\"><\/div>\n<div dir=\"auto\"><\/div>\n<div dir=\"auto\"><\/div>\n<div dir=\"auto\"><\/div>\n<div dir=\"auto\" style=\"text-align: justify;\">En solidaridad con nuestros hermanos del norte de la entidad veracruzana, el comit\u00e9 organizador del Carnaval de Veracruz 2026 anunci\u00f3 la ampliaci\u00f3n del plazo para la inscripci\u00f3n de candidaturas a la Corte Real.<\/div>\n<div dir=\"auto\" style=\"text-align: justify;\"><\/div>\n<div dir=\"auto\" style=\"text-align: justify;\">Dicha ampliaci\u00f3n vence el jueves 23 de octubre a las 14:00 horas y aplica para todas las categor\u00edas: Reina, Rey y Reyes infantiles.<\/div>\n<div dir=\"auto\" style=\"text-align: justify;\"><\/div>\n<div dir=\"auto\" style=\"text-align: justify;\"><img loading=\"lazy\" decoding=\"async\" class=\"alignleft size-medium wp-image-3887\" src=\"https:\/\/revistaenfoquepolitico.com\/wp-content\/uploads\/2025\/10\/CARNAVAL-26-AMPLIA-2-300x200.jpg\" alt=\"\" width=\"300\" height=\"200\" srcset=\"https:\/\/revistaenfoquepolitico.com\/wp-content\/uploads\/2025\/10\/CARNAVAL-26-AMPLIA-2-300x200.jpg 300w, https:\/\/revistaenfoquepolitico.com\/wp-content\/uploads\/2025\/10\/CARNAVAL-26-AMPLIA-2-1024x683.jpg 1024w, https:\/\/revistaenfoquepolitico.com\/wp-content\/uploads\/2025\/10\/CARNAVAL-26-AMPLIA-2-768x512.jpg 768w, https:\/\/revistaenfoquepolitico.com\/wp-content\/uploads\/2025\/10\/CARNAVAL-26-AMPLIA-2-1170x781.jpg 1170w, https:\/\/revistaenfoquepolitico.com\/wp-content\/uploads\/2025\/10\/CARNAVAL-26-AMPLIA-2.jpg 1280w\" sizes=\"auto, (max-width: 300px) 100vw, 300px\" \/>El regidor octavo del Ayuntamiento de Veracruz, con la comisi\u00f3n de Carnaval y Turismo, Daniel Mart\u00edn Lois, y Luis Vald\u00e9s Salamanca, presidente del Comit\u00e9 de Carnaval de Veracruz, informaron que esta decisi\u00f3n busca brindar una nueva oportunidad de inscripci\u00f3n a quienes no pudieron registrarse dentro del plazo inicial debido a la situaci\u00f3n extraordinaria que se ha vivido por la contingencia.<\/div>\n<div dir=\"auto\" style=\"text-align: justify;\"><\/div>\n<div dir=\"auto\" style=\"text-align: justify;\">De esta forma, se hace un cordial llamado a todas las personas interesadas a participar en la Corte Real de la fiesta m\u00e1s alegre del mundo, en su edici\u00f3n 102, que se celebrar\u00e1 del 10 al 18 de febrero de 2026, para representar con orgullo la alegr\u00eda y la cultura de la ciudad de Veracruz y compartir momentos inolvidables con la ciudadan\u00eda al ser parte de esta gran experiencia.<\/div>\n<div dir=\"auto\" style=\"text-align: justify;\"><\/div>\n<div dir=\"auto\" style=\"text-align: justify;\">Los requisitos para las candidatas a Reina son: ser mujer de nacimiento, veracruzana o hija de padres veracruzanos, tener entre 18 y 35 a\u00f1os, estatura libre y no haber sido electa Reina en los cinco a\u00f1os previos.<\/div>\n<div dir=\"auto\" style=\"text-align: justify;\"><\/div>\n<div dir=\"auto\" style=\"text-align: justify;\">En el caso del Rey del Carnaval, debe ser mayor de 18 a\u00f1os, \u00a0hombre de nacimiento, veracruzano o hijo de padres veracruzanos, estatura libre y no haber sido electo Rey en los \u00faltimos cinco a\u00f1os.<\/div>\n<div dir=\"auto\" style=\"text-align: justify;\"><\/div>\n<div dir=\"auto\" style=\"text-align: justify;\">Para los Reyes Infantiles, las y los candidatos deben tener de seis a 12 a\u00f1os, ser veracruzanos o hijos de padres veracruzanos y no haber sido electos como Rey o Reina Infantil en los \u00faltimos cinco a\u00f1os.<\/div>\n<div dir=\"auto\" style=\"text-align: justify;\"><\/div>\n<div dir=\"auto\"><strong>Todos los aspirantes deber\u00e1n comprometerse a participar en todos los eventos oficiales del Carnaval.<\/strong><\/div>\n<div dir=\"auto\"><\/div>\n<div dir=\"auto\">Hasta el momento, los aspirantes inscritos en las diferentes categor\u00edas son:<\/div>\n<div dir=\"auto\"><\/div>\n<div dir=\"auto\"><strong>Reina:<\/strong><\/div>\n<div dir=\"auto\"><\/div>\n<div dir=\"auto\">&#8211; Fernanda Pumar G\u00f3mez, distintivo blanco.<\/div>\n<div dir=\"auto\"><\/div>\n<div dir=\"auto\"><strong>Reyes de la Alegr\u00eda:<\/strong><\/div>\n<div dir=\"auto\"><\/div>\n<div dir=\"auto\">&#8211; Bernardino Jim\u00e9nez Revuelta, distintivo dorado.<\/div>\n<div dir=\"auto\">&#8211; Jorge Jair Torres, distintivo amarillo.<\/div>\n<div dir=\"auto\">&#8211; Mario Ucha, con el distintivo blanco.<\/div>\n<div dir=\"auto\"><\/div>\n<div dir=\"auto\"><strong>Rey Infantil:<\/strong><\/div>\n<div dir=\"auto\"><\/div>\n<div dir=\"auto\">&#8211; Gael Santiago Segura, distintivo rojo.<\/div>\n<div dir=\"auto\"><\/div>\n<div dir=\"auto\"><img loading=\"lazy\" decoding=\"async\" class=\"alignleft size-medium wp-image-3888\" src=\"https:\/\/revistaenfoquepolitico.com\/wp-content\/uploads\/2025\/10\/LOGO-CARNAVAL-2026-300x106.jpg\" alt=\"\" width=\"300\" height=\"106\" srcset=\"https:\/\/revistaenfoquepolitico.com\/wp-content\/uploads\/2025\/10\/LOGO-CARNAVAL-2026-300x106.jpg 300w, https:\/\/revistaenfoquepolitico.com\/wp-content\/uploads\/2025\/10\/LOGO-CARNAVAL-2026-768x271.jpg 768w, https:\/\/revistaenfoquepolitico.com\/wp-content\/uploads\/2025\/10\/LOGO-CARNAVAL-2026.jpg 931w\" sizes=\"auto, (max-width: 300px) 100vw, 300px\" \/><\/div>\n<div id=\"x_ms-outlook-mobile-body-separator-line\" dir=\"auto\" data-applydefaultfontstyles=\"true\">\n<div dir=\"auto\"><\/div>\n<\/div>\n","protected":false},"excerpt":{"rendered":"<p>*El Comit\u00e9 de Carnaval extiende el periodo de registro hasta el 23 de octubre a las 14:00 horas, ante las circunstancias extraordinarias por la contingencia en el norte del estado* Veracruz, Ver., 20 de octubre de 2025 En solidaridad con nuestros hermanos del norte de la entidad veracruzana, el comit\u00e9 organizador del Carnaval de Veracruz [&hellip;]<\/p>\n","protected":false},"author":1,"featured_media":3886,"comment_status":"closed","ping_status":"closed","sticky":false,"template":"","format":"standard","meta":{"_jetpack_memberships_contains_paid_content":false,"footnotes":"","jetpack_publicize_message":"","jetpack_publicize_feature_enabled":true,"jetpack_social_post_already_shared":false,"jetpack_social_options":{"image_generator_settings":{"template":"highway","default_image_id":0,"font":"","enabled":false},"version":2}},"categories":[4],"tags":[60],"class_list":["post-3885","post","type-post","status-publish","format-standard","has-post-thumbnail","hentry","category-noticia-politica","tag-carnaval-2026"],"jetpack_publicize_connections":[],"jetpack_featured_media_url":"https:\/\/revistaenfoquepolitico.com\/wp-content\/uploads\/2025\/10\/CARNAVAL-26-AMPLIA-1.jpg","jetpack_sharing_enabled":true,"_links":{"self":[{"href":"https:\/\/revistaenfoquepolitico.com\/index.php\/wp-json\/wp\/v2\/posts\/3885","targetHints":{"allow":["GET"]}}],"collection":[{"href":"https:\/\/revistaenfoquepolitico.com\/index.php\/wp-json\/wp\/v2\/posts"}],"about":[{"href":"https:\/\/revistaenfoquepolitico.com\/index.php\/wp-json\/wp\/v2\/types\/post"}],"author":[{"embeddable":true,"href":"https:\/\/revistaenfoquepolitico.com\/index.php\/wp-json\/wp\/v2\/users\/1"}],"replies":[{"embeddable":true,"href":"https:\/\/revistaenfoquepolitico.com\/index.php\/wp-json\/wp\/v2\/comments?post=3885"}],"version-history":[{"count":1,"href":"https:\/\/revistaenfoquepolitico.com\/index.php\/wp-json\/wp\/v2\/posts\/3885\/revisions"}],"predecessor-version":[{"id":3889,"href":"https:\/\/revistaenfoquepolitico.com\/index.php\/wp-json\/wp\/v2\/posts\/3885\/revisions\/3889"}],"wp:featuredmedia":[{"embeddable":true,"href":"https:\/\/revistaenfoquepolitico.com\/index.php\/wp-json\/wp\/v2\/media\/3886"}],"wp:attachment":[{"href":"https:\/\/revistaenfoquepolitico.com\/index.php\/wp-json\/wp\/v2\/media?parent=3885"}],"wp:term":[{"taxonomy":"category","embeddable":true,"href":"https:\/\/revistaenfoquepolitico.com\/index.php\/wp-json\/wp\/v2\/categories?post=3885"},{"taxonomy":"post_tag","embeddable":true,"href":"https:\/\/revistaenfoquepolitico.com\/index.php\/wp-json\/wp\/v2\/tags?post=3885"}],"curies":[{"name":"wp","href":"https:\/\/api.w.org\/{rel}","templated":true}]}}