{"id":3933,"date":"2025-10-26T04:08:57","date_gmt":"2025-10-26T04:08:57","guid":{"rendered":"https:\/\/revistaenfoquepolitico.com\/?p=3933"},"modified":"2025-10-26T04:08:57","modified_gmt":"2025-10-26T04:08:57","slug":"fiesta-y-solidaridad-en-la-rumbata-con-causa","status":"publish","type":"post","link":"https:\/\/revistaenfoquepolitico.com\/index.php\/2025\/10\/26\/fiesta-y-solidaridad-en-la-rumbata-con-causa\/","title":{"rendered":"FIESTA Y SOLIDARIDAD EN LA \u00abRUMBATA CON CAUSA\u00bb"},"content":{"rendered":"<div dir=\"auto\"><strong>*Los aspirantes a la Corte Real del Carnaval de Veracruz 2026 mostraron su esp\u00edritu solidario donando v\u00edveres para nuestros hermanos de la zona norte del estado*<\/strong><\/div>\n<div dir=\"auto\"><\/div>\n<div dir=\"auto\">Veracruz, Ver., 24 de octubre de 2025<\/div>\n<div dir=\"auto\"><\/div>\n<div dir=\"auto\" style=\"text-align: justify;\">Gran \u00e9xito la \u201cRumbata con Causa\u201d en la que los siete aspirantes a integrar la Corte Real del Carnaval de Veracruz 2026 demostraron su esp\u00edritu solidario al entregar v\u00edveres y productos de limpieza para apoyar a las personas afectadas por las recientes inundaciones en la zona norte del estado.<\/div>\n<div dir=\"auto\" style=\"text-align: justify;\"><\/div>\n<div dir=\"auto\" style=\"text-align: justify;\"><img loading=\"lazy\" decoding=\"async\" class=\"alignleft size-medium wp-image-3939\" src=\"https:\/\/revistaenfoquepolitico.com\/wp-content\/uploads\/2025\/10\/CARNAVAL-26-RUMBATA-8-300x200.jpg\" alt=\"\" width=\"300\" height=\"200\" srcset=\"https:\/\/revistaenfoquepolitico.com\/wp-content\/uploads\/2025\/10\/CARNAVAL-26-RUMBATA-8-300x200.jpg 300w, https:\/\/revistaenfoquepolitico.com\/wp-content\/uploads\/2025\/10\/CARNAVAL-26-RUMBATA-8-1024x682.jpg 1024w, https:\/\/revistaenfoquepolitico.com\/wp-content\/uploads\/2025\/10\/CARNAVAL-26-RUMBATA-8-768x511.jpg 768w, https:\/\/revistaenfoquepolitico.com\/wp-content\/uploads\/2025\/10\/CARNAVAL-26-RUMBATA-8-1536x1022.jpg 1536w, https:\/\/revistaenfoquepolitico.com\/wp-content\/uploads\/2025\/10\/CARNAVAL-26-RUMBATA-8-1170x779.jpg 1170w, https:\/\/revistaenfoquepolitico.com\/wp-content\/uploads\/2025\/10\/CARNAVAL-26-RUMBATA-8.jpg 1920w\" sizes=\"auto, (max-width: 300px) 100vw, 300px\" \/>El recorrido, que inici\u00f3 en la avenida Independencia rumbo al Z\u00f3calo, estuvo lleno de m\u00fasica, color y alegr\u00eda mientras los candidatos a Rey, Reina y Reyes Infantiles saludaban a la ciudadan\u00eda y compart\u00edan su entusiasmo por representar \u201cla fiesta de todos\u201d.<\/div>\n<div dir=\"auto\" style=\"text-align: justify;\"><\/div>\n<div dir=\"auto\" style=\"text-align: justify;\">Llegaron acompa\u00f1ados de sus porras y batucadas al estrado instalado junto al Palacio Municipal, donde estuvieron presentes Daniel Mart\u00edn Lois, Regidor Octavo del Ayuntamiento de Veracruz con la Comisi\u00f3n de Carnaval y Turismo, y Luis Francisco Vald\u00e9s Salamanca, presidente del Comit\u00e9 del Carnaval de Veracruz.<\/div>\n<div dir=\"auto\" style=\"text-align: justify;\"><\/div>\n<div dir=\"auto\" style=\"text-align: justify;\">De esta manera, los asistentes pudieron conocer a quienes competir\u00e1n por las coronas del Carnaval de Veracruz 2026:<\/div>\n<div dir=\"auto\" style=\"text-align: justify;\"><\/div>\n<div dir=\"auto\">Reina:<\/div>\n<div dir=\"auto\">\u2002\u2002\u2002\u2002\u2002\u2002\u2022\u2002\u2002\u2002\u2002\u2002Fernanda Pumar G\u00f3mez \u2013 Distintivo Blanco<\/div>\n<div dir=\"auto\"><\/div>\n<div dir=\"auto\">Reina Infantil:<\/div>\n<div dir=\"auto\">\u2002\u2002\u2002\u2002\u2002\u2002\u2022\u2002\u2002\u2002\u2002\u2002Maryelli Sabela Torres Delgado \u2013 Distintivo Rosa<\/div>\n<div dir=\"auto\">\u2002\u2002\u2002\u2002\u2002\u2002\u2022\u2002\u2002\u2002\u2002\u2002Regina Torrecilla Delgado \u2013 Distintivo Rojo<\/div>\n<div dir=\"auto\"><\/div>\n<div dir=\"auto\">Rey del Carnaval:<\/div>\n<div dir=\"auto\">\u2002\u2002\u2002\u2002\u2002\u2002\u2022\u2002\u2002\u2002\u2002\u2002Jos\u00e9 Mario S\u00e1nchez Ucha \u2013 Distintivo Blanco<\/div>\n<div dir=\"auto\">\u2002\u2002\u2002\u2002\u2002\u2002\u2022\u2002\u2002\u2002\u2002\u2002Bernardino Jim\u00e9nez Revuelta \u201cNayo\u201d \u2013 Distintivo Dorado<\/div>\n<div dir=\"auto\">\u2002\u2002\u2002\u2002\u2002\u2002\u2022\u2002\u2002\u2002\u2002\u2002Jorge Jair Torres Espejo \u201cChiliwily\u201d \u2013 Distintivo Amarillo<\/div>\n<div dir=\"auto\"><\/div>\n<div dir=\"auto\">Rey Infantil del Carnaval:<\/div>\n<div dir=\"auto\">\u2002\u2002\u2002\u2002\u2002\u2002\u2022\u2002\u2002\u2002\u2002\u2002Gael Santiago Segura Rangel \u2013 Distintivo Rojo<\/div>\n<div dir=\"auto\"><\/div>\n<div dir=\"auto\" style=\"text-align: justify;\">Asimismo, se inform\u00f3 que, a partir del pr\u00f3ximo lunes, de 9:00 a 15:00 horas, los ciudadanos podr\u00e1n participar depositando un peso equivalente a un voto en las urnas personalizadas con el color y nombre de su candidato favorito.<\/div>\n<div dir=\"auto\" style=\"text-align: justify;\"><\/div>\n<div dir=\"auto\" style=\"text-align: justify;\">Las urnas estar\u00e1n ubicadas afuera de las oficinas del Comit\u00e9 del Carnaval de Veracruz, en la calle Miguel Lerdo de Tejada, casi esquina con avenida Ignacio Zaragoza, en los bajos del Palacio Municipal de Veracruz.<\/div>\n<div dir=\"auto\"><img loading=\"lazy\" decoding=\"async\" class=\"alignleft size-medium wp-image-3934\" src=\"https:\/\/revistaenfoquepolitico.com\/wp-content\/uploads\/2025\/10\/CARNAVAL-26-RUMBATA-1-300x272.jpg\" alt=\"\" width=\"300\" height=\"272\" srcset=\"https:\/\/revistaenfoquepolitico.com\/wp-content\/uploads\/2025\/10\/CARNAVAL-26-RUMBATA-1-300x272.jpg 300w, https:\/\/revistaenfoquepolitico.com\/wp-content\/uploads\/2025\/10\/CARNAVAL-26-RUMBATA-1-1024x930.jpg 1024w, https:\/\/revistaenfoquepolitico.com\/wp-content\/uploads\/2025\/10\/CARNAVAL-26-RUMBATA-1-768x697.jpg 768w, https:\/\/revistaenfoquepolitico.com\/wp-content\/uploads\/2025\/10\/CARNAVAL-26-RUMBATA-1-1170x1062.jpg 1170w, https:\/\/revistaenfoquepolitico.com\/wp-content\/uploads\/2025\/10\/CARNAVAL-26-RUMBATA-1.jpg 1280w\" sizes=\"auto, (max-width: 300px) 100vw, 300px\" \/><img loading=\"lazy\" decoding=\"async\" class=\"alignright size-medium wp-image-3936\" src=\"https:\/\/revistaenfoquepolitico.com\/wp-content\/uploads\/2025\/10\/CARNAVAL-26-RUMBATA-4-300x200.jpg\" alt=\"\" width=\"300\" height=\"200\" srcset=\"https:\/\/revistaenfoquepolitico.com\/wp-content\/uploads\/2025\/10\/CARNAVAL-26-RUMBATA-4-300x200.jpg 300w, https:\/\/revistaenfoquepolitico.com\/wp-content\/uploads\/2025\/10\/CARNAVAL-26-RUMBATA-4-1024x682.jpg 1024w, https:\/\/revistaenfoquepolitico.com\/wp-content\/uploads\/2025\/10\/CARNAVAL-26-RUMBATA-4-768x511.jpg 768w, https:\/\/revistaenfoquepolitico.com\/wp-content\/uploads\/2025\/10\/CARNAVAL-26-RUMBATA-4-1536x1022.jpg 1536w, https:\/\/revistaenfoquepolitico.com\/wp-content\/uploads\/2025\/10\/CARNAVAL-26-RUMBATA-4-1170x779.jpg 1170w, https:\/\/revistaenfoquepolitico.com\/wp-content\/uploads\/2025\/10\/CARNAVAL-26-RUMBATA-4.jpg 1920w\" sizes=\"auto, (max-width: 300px) 100vw, 300px\" \/><\/div>\n<div dir=\"auto\"><\/div>\n<div dir=\"auto\"><\/div>\n<div dir=\"auto\"><\/div>\n<div dir=\"auto\"><\/div>\n<div dir=\"auto\"><\/div>\n<div dir=\"auto\"><\/div>\n<div dir=\"auto\"><\/div>\n<div dir=\"auto\"><\/div>\n<div dir=\"auto\"><\/div>\n<div dir=\"auto\"><\/div>\n<div dir=\"auto\"><\/div>\n<div dir=\"auto\"><\/div>\n<div dir=\"auto\"><img loading=\"lazy\" decoding=\"async\" class=\"alignleft size-medium wp-image-3937\" src=\"https:\/\/revistaenfoquepolitico.com\/wp-content\/uploads\/2025\/10\/CARNAVAL-26-RUMBATA-6-300x200.jpg\" alt=\"\" width=\"300\" height=\"200\" srcset=\"https:\/\/revistaenfoquepolitico.com\/wp-content\/uploads\/2025\/10\/CARNAVAL-26-RUMBATA-6-300x200.jpg 300w, https:\/\/revistaenfoquepolitico.com\/wp-content\/uploads\/2025\/10\/CARNAVAL-26-RUMBATA-6-1024x682.jpg 1024w, https:\/\/revistaenfoquepolitico.com\/wp-content\/uploads\/2025\/10\/CARNAVAL-26-RUMBATA-6-768x511.jpg 768w, https:\/\/revistaenfoquepolitico.com\/wp-content\/uploads\/2025\/10\/CARNAVAL-26-RUMBATA-6-1170x779.jpg 1170w, https:\/\/revistaenfoquepolitico.com\/wp-content\/uploads\/2025\/10\/CARNAVAL-26-RUMBATA-6.jpg 1280w\" sizes=\"auto, (max-width: 300px) 100vw, 300px\" \/><img loading=\"lazy\" decoding=\"async\" class=\"alignright size-medium wp-image-3935\" src=\"https:\/\/revistaenfoquepolitico.com\/wp-content\/uploads\/2025\/10\/CARNAVAL-26-RUMBATA-2-300x200.jpg\" alt=\"\" width=\"300\" height=\"200\" srcset=\"https:\/\/revistaenfoquepolitico.com\/wp-content\/uploads\/2025\/10\/CARNAVAL-26-RUMBATA-2-300x200.jpg 300w, https:\/\/revistaenfoquepolitico.com\/wp-content\/uploads\/2025\/10\/CARNAVAL-26-RUMBATA-2-1024x683.jpg 1024w, https:\/\/revistaenfoquepolitico.com\/wp-content\/uploads\/2025\/10\/CARNAVAL-26-RUMBATA-2-768x512.jpg 768w, https:\/\/revistaenfoquepolitico.com\/wp-content\/uploads\/2025\/10\/CARNAVAL-26-RUMBATA-2-1170x781.jpg 1170w, https:\/\/revistaenfoquepolitico.com\/wp-content\/uploads\/2025\/10\/CARNAVAL-26-RUMBATA-2.jpg 1280w\" sizes=\"auto, (max-width: 300px) 100vw, 300px\" \/><\/div>\n<div dir=\"auto\"><\/div>\n<div dir=\"auto\"><\/div>\n<div dir=\"auto\"><\/div>\n<div dir=\"auto\"><\/div>\n<div dir=\"auto\"><\/div>\n<div dir=\"auto\"><\/div>\n<div dir=\"auto\"><\/div>\n<div dir=\"auto\"><\/div>\n<div dir=\"auto\"><\/div>\n<div dir=\"auto\"><img loading=\"lazy\" decoding=\"async\" class=\"alignleft size-medium wp-image-3941\" src=\"https:\/\/revistaenfoquepolitico.com\/wp-content\/uploads\/2025\/10\/CARNAVAL-26-RUMBATA-10-200x300.jpg\" alt=\"\" width=\"200\" height=\"300\" srcset=\"https:\/\/revistaenfoquepolitico.com\/wp-content\/uploads\/2025\/10\/CARNAVAL-26-RUMBATA-10-200x300.jpg 200w, https:\/\/revistaenfoquepolitico.com\/wp-content\/uploads\/2025\/10\/CARNAVAL-26-RUMBATA-10-682x1024.jpg 682w, https:\/\/revistaenfoquepolitico.com\/wp-content\/uploads\/2025\/10\/CARNAVAL-26-RUMBATA-10-768x1154.jpg 768w, https:\/\/revistaenfoquepolitico.com\/wp-content\/uploads\/2025\/10\/CARNAVAL-26-RUMBATA-10.jpg 852w\" sizes=\"auto, (max-width: 200px) 100vw, 200px\" \/><img loading=\"lazy\" decoding=\"async\" class=\"alignright size-medium wp-image-3938\" src=\"https:\/\/revistaenfoquepolitico.com\/wp-content\/uploads\/2025\/10\/CARNAVAL-26-RUMBATA-7-300x200.jpg\" alt=\"\" width=\"300\" height=\"200\" srcset=\"https:\/\/revistaenfoquepolitico.com\/wp-content\/uploads\/2025\/10\/CARNAVAL-26-RUMBATA-7-300x200.jpg 300w, https:\/\/revistaenfoquepolitico.com\/wp-content\/uploads\/2025\/10\/CARNAVAL-26-RUMBATA-7-1024x682.jpg 1024w, https:\/\/revistaenfoquepolitico.com\/wp-content\/uploads\/2025\/10\/CARNAVAL-26-RUMBATA-7-768x511.jpg 768w, https:\/\/revistaenfoquepolitico.com\/wp-content\/uploads\/2025\/10\/CARNAVAL-26-RUMBATA-7-1170x779.jpg 1170w, https:\/\/revistaenfoquepolitico.com\/wp-content\/uploads\/2025\/10\/CARNAVAL-26-RUMBATA-7.jpg 1280w\" sizes=\"auto, (max-width: 300px) 100vw, 300px\" \/><\/div>\n<div id=\"x_ms-outlook-mobile-body-separator-line\" dir=\"auto\" data-applydefaultfontstyles=\"true\">\n<div dir=\"auto\" style=\"text-align: justify;\"><\/div>\n<\/div>\n","protected":false},"excerpt":{"rendered":"<p>*Los aspirantes a la Corte Real del Carnaval de Veracruz 2026 mostraron su esp\u00edritu solidario donando v\u00edveres para nuestros hermanos de la zona norte del estado* Veracruz, Ver., 24 de octubre de 2025 Gran \u00e9xito la \u201cRumbata con Causa\u201d en la que los siete aspirantes a integrar la Corte Real del Carnaval de Veracruz 2026 [&hellip;]<\/p>\n","protected":false},"author":1,"featured_media":3940,"comment_status":"closed","ping_status":"closed","sticky":false,"template":"","format":"standard","meta":{"_jetpack_memberships_contains_paid_content":false,"footnotes":"","jetpack_publicize_message":"","jetpack_publicize_feature_enabled":true,"jetpack_social_post_already_shared":false,"jetpack_social_options":{"image_generator_settings":{"template":"highway","default_image_id":0,"font":"","enabled":false},"version":2}},"categories":[4],"tags":[60],"class_list":["post-3933","post","type-post","status-publish","format-standard","has-post-thumbnail","hentry","category-noticia-politica","tag-carnaval-2026"],"jetpack_publicize_connections":[],"jetpack_featured_media_url":"https:\/\/revistaenfoquepolitico.com\/wp-content\/uploads\/2025\/10\/CARNAVAL-26-RUMBATA-9.jpg","jetpack_sharing_enabled":true,"_links":{"self":[{"href":"https:\/\/revistaenfoquepolitico.com\/index.php\/wp-json\/wp\/v2\/posts\/3933","targetHints":{"allow":["GET"]}}],"collection":[{"href":"https:\/\/revistaenfoquepolitico.com\/index.php\/wp-json\/wp\/v2\/posts"}],"about":[{"href":"https:\/\/revistaenfoquepolitico.com\/index.php\/wp-json\/wp\/v2\/types\/post"}],"author":[{"embeddable":true,"href":"https:\/\/revistaenfoquepolitico.com\/index.php\/wp-json\/wp\/v2\/users\/1"}],"replies":[{"embeddable":true,"href":"https:\/\/revistaenfoquepolitico.com\/index.php\/wp-json\/wp\/v2\/comments?post=3933"}],"version-history":[{"count":1,"href":"https:\/\/revistaenfoquepolitico.com\/index.php\/wp-json\/wp\/v2\/posts\/3933\/revisions"}],"predecessor-version":[{"id":3942,"href":"https:\/\/revistaenfoquepolitico.com\/index.php\/wp-json\/wp\/v2\/posts\/3933\/revisions\/3942"}],"wp:featuredmedia":[{"embeddable":true,"href":"https:\/\/revistaenfoquepolitico.com\/index.php\/wp-json\/wp\/v2\/media\/3940"}],"wp:attachment":[{"href":"https:\/\/revistaenfoquepolitico.com\/index.php\/wp-json\/wp\/v2\/media?parent=3933"}],"wp:term":[{"taxonomy":"category","embeddable":true,"href":"https:\/\/revistaenfoquepolitico.com\/index.php\/wp-json\/wp\/v2\/categories?post=3933"},{"taxonomy":"post_tag","embeddable":true,"href":"https:\/\/revistaenfoquepolitico.com\/index.php\/wp-json\/wp\/v2\/tags?post=3933"}],"curies":[{"name":"wp","href":"https:\/\/api.w.org\/{rel}","templated":true}]}}