{"id":400,"date":"2024-01-31T02:11:54","date_gmt":"2024-01-31T02:11:54","guid":{"rendered":"https:\/\/revistaenfoquepolitico.com\/?p=400"},"modified":"2024-01-31T02:11:54","modified_gmt":"2024-01-31T02:11:54","slug":"anuncia-alcalde-jm-unanue-campana-de-cirugias-de-labio-y-paladar-hendido-para-ninos-boquenos","status":"publish","type":"post","link":"https:\/\/revistaenfoquepolitico.com\/index.php\/2024\/01\/31\/anuncia-alcalde-jm-unanue-campana-de-cirugias-de-labio-y-paladar-hendido-para-ninos-boquenos\/","title":{"rendered":"ANUNCIA ALCALDE JM UN\u00c1NUE CAMPA\u00d1A DE CIRUG\u00cdAS DE LABIO Y PALADAR HENDIDO PARA NI\u00d1OS BOQUE\u00d1OS"},"content":{"rendered":"<div dir=\"auto\" style=\"text-align: justify;\"><strong>LAS CIRUG\u00cdAS EST\u00c1N DIRIGIDAS A NI\u00d1OS Y NI\u00d1AS DE 3 A\u00d1OS Y MENORES DE 15, LAS CUALES SE LLEVAR\u00c1N A CABO DEL 9 AL 14 DE JUNIO EN EL HOSPITAL COVADONGA DE BOCA DEL R\u00cdO<\/strong><\/div>\n<div dir=\"auto\"><\/div>\n<div dir=\"auto\">Boca del R\u00edo, Ver., 30 de enero de 2024<\/div>\n<div dir=\"auto\"><\/div>\n<div dir=\"auto\" style=\"text-align: justify;\">\n<div dir=\"auto\" style=\"text-align: justify;\">El alcalde Juan Manuel Un\u00e1nue Abascal y la presidenta del DIF municipal; Melina Rivera de Un\u00e1nue, presentaron la campa\u00f1a de cirug\u00edas gratuitas de labio y paladar hendido que se llevar\u00e1n a cabo del 9 al 14 de junio en el Hospital Covadonga de Boca del R\u00edo.<\/div>\n<div dir=\"auto\" style=\"text-align: justify;\"><\/div>\n<div dir=\"auto\" style=\"text-align: justify;\">Estas acciones ser\u00e1n posibles gracias a la asociaci\u00f3n Austin Smiles de Texas, del Club Rotario Boca del R\u00edo Costa de Oro, del Hospital Covadonga en colaboraci\u00f3n con diferentes patrocinadores y del DIF Municipal.<\/div>\n<div dir=\"auto\" style=\"text-align: justify;\"><\/div>\n<div dir=\"auto\" style=\"text-align: justify;\"><img loading=\"lazy\" decoding=\"async\" class=\"alignleft size-medium wp-image-402\" src=\"https:\/\/revistaenfoquepolitico.com\/wp-content\/uploads\/2024\/01\/JM-CIRUGIAS-2-300x200.jpg\" alt=\"\" width=\"300\" height=\"200\" \/>El alcalde Juan Manuel Un\u00e1nue destac\u00f3 la importancia de sumar esfuerzos entre el gobierno municipal, sociedad civil y organismos para llevar a cabo este tipo de apoyos en beneficio de quienes m\u00e1s lo necesitan.<\/div>\n<div dir=\"auto\" style=\"text-align: justify;\"><\/div>\n<div dir=\"auto\" style=\"text-align: justify;\">\u201cEsta no es una intervenci\u00f3n quir\u00fargica econ\u00f3mica y obviamente no est\u00e1 en las manos de los padres de familia y de los chiquitos que tienen este problema llevar a cabo por sus propios medios de esta operaci\u00f3n. Agradezco al Club Rotario, a Daniel Noriega (La Casona) y agradezco al Hospital Covadonga por sumarse a esta causa\u201d, expres\u00f3 el edil.<\/div>\n<div dir=\"auto\" style=\"text-align: justify;\"><\/div>\n<div dir=\"auto\" style=\"text-align: justify;\">Este es el segundo a\u00f1o consecutivo que la fundaci\u00f3n originaria de Austin, Texas en Estados Unidos elige a Boca del R\u00edo como sede para realizar esta jornada de cirug\u00edas enfocadas en mejorar la calidad de vida y salud de ni\u00f1os no solo del municipio, sino de todo el estado.<\/div>\n<div dir=\"auto\" style=\"text-align: justify;\" aria-hidden=\"true\"><\/div>\n<div dir=\"auto\" style=\"text-align: justify;\">*TARDEADA A BENEFICIO EN LA CASONA*<\/div>\n<div dir=\"auto\" style=\"text-align: justify;\"><\/div>\n<div dir=\"auto\" style=\"text-align: justify;\">Por su parte, la presidenta del DIF municipal, Melina Rivera de Un\u00e1nue, mencion\u00f3 que como parte de las acciones en apoyo a la campa\u00f1a de cirug\u00edas de labio y paladar hendido, realizar\u00e1n el 23 de febrero una tardeada a beneficio en La Casona; parte de lo recaudado ser\u00e1 destinado a este fin; los boletos tendr\u00e1n un costo de 300 pesos y podr\u00e1n ser adquiridos directamente en el DIF municipal.<\/div>\n<div dir=\"auto\" style=\"text-align: justify;\"><\/div>\n<div dir=\"auto\" style=\"text-align: justify;\">\u201cEste a\u00f1o decidimos sumarnos al Club Rotario Costa de Oro y a Austin Smiles para traer a Boca del R\u00edo la campa\u00f1a de cirug\u00edas gratuitas de labio y paladar hendido. Por ello, hemos organizado nuestro primer evento del a\u00f1o a beneficio el pr\u00f3ximo 23 de febrero a las 5 de la tarde en La Casona\u201d, coment\u00f3 Rivera de Un\u00e1nue.<\/div>\n<div dir=\"auto\" style=\"text-align: justify;\"><\/div>\n<div dir=\"auto\" style=\"text-align: justify;\">Cabe mencionar que a trav\u00e9s de esta campa\u00f1a se tiene estimado realizar al menos 50 cirug\u00edas.<\/div>\n<div dir=\"auto\" style=\"text-align: justify;\"><\/div>\n<div dir=\"auto\" style=\"text-align: justify;\">Por \u00faltimo, la presidenta del Club Rotario Boca del R\u00edo, Costa de Oro; Ariadna Ram\u00edrez Quevedo, detall\u00f3 que esta campa\u00f1a est\u00e1 dirigida a ni\u00f1os y ni\u00f1as mayores de 3 a\u00f1os de edad y menores de 15 a\u00f1os; las bases de la convocatoria podr\u00e1n encontrarlas en la p\u00e1gina de internet: austinsmiles.org\/veracruz\/ en donde podr\u00e1n ingresar directamente los datos del menor para ser evaluado y formar parte de esta jornada de cirug\u00edas gratuitas.<\/div>\n<div dir=\"auto\" style=\"text-align: justify;\"><\/div>\n<p>El alcalde estuvo acompa\u00f1ado de la s\u00edndica Susana Tiburcio, la directora del DIF municipal; Yamileth Herrera, del director del Hospital Covadonga; Marcelo Rodr\u00edguez Andrade y por Daniel Noriega Portilla; propietario La Casona.<\/p><\/div>\n<div id=\"x_ms-outlook-mobile-signature\" dir=\"auto\">\n<div style=\"text-align: justify;\"><\/div>\n<\/div>\n","protected":false},"excerpt":{"rendered":"<p>LAS CIRUG\u00cdAS EST\u00c1N DIRIGIDAS A NI\u00d1OS Y NI\u00d1AS DE 3 A\u00d1OS Y MENORES DE 15, LAS CUALES SE LLEVAR\u00c1N A CABO DEL 9 AL 14 DE JUNIO EN EL HOSPITAL COVADONGA DE BOCA DEL R\u00cdO Boca del R\u00edo, Ver., 30 de enero de 2024 El alcalde Juan Manuel Un\u00e1nue Abascal y la presidenta del DIF [&hellip;]<\/p>\n","protected":false},"author":1,"featured_media":0,"comment_status":"closed","ping_status":"closed","sticky":false,"template":"","format":"standard","meta":{"_jetpack_memberships_contains_paid_content":false,"footnotes":"","jetpack_publicize_message":"","jetpack_publicize_feature_enabled":true,"jetpack_social_post_already_shared":false,"jetpack_social_options":{"image_generator_settings":{"template":"highway","default_image_id":0,"font":"","enabled":false},"version":2}},"categories":[4],"tags":[15],"class_list":["post-400","post","type-post","status-publish","format-standard","hentry","category-noticia-politica","tag-jm-alcalde-2024"],"jetpack_publicize_connections":[],"jetpack_featured_media_url":"","jetpack_sharing_enabled":true,"_links":{"self":[{"href":"https:\/\/revistaenfoquepolitico.com\/index.php\/wp-json\/wp\/v2\/posts\/400","targetHints":{"allow":["GET"]}}],"collection":[{"href":"https:\/\/revistaenfoquepolitico.com\/index.php\/wp-json\/wp\/v2\/posts"}],"about":[{"href":"https:\/\/revistaenfoquepolitico.com\/index.php\/wp-json\/wp\/v2\/types\/post"}],"author":[{"embeddable":true,"href":"https:\/\/revistaenfoquepolitico.com\/index.php\/wp-json\/wp\/v2\/users\/1"}],"replies":[{"embeddable":true,"href":"https:\/\/revistaenfoquepolitico.com\/index.php\/wp-json\/wp\/v2\/comments?post=400"}],"version-history":[{"count":1,"href":"https:\/\/revistaenfoquepolitico.com\/index.php\/wp-json\/wp\/v2\/posts\/400\/revisions"}],"predecessor-version":[{"id":403,"href":"https:\/\/revistaenfoquepolitico.com\/index.php\/wp-json\/wp\/v2\/posts\/400\/revisions\/403"}],"wp:attachment":[{"href":"https:\/\/revistaenfoquepolitico.com\/index.php\/wp-json\/wp\/v2\/media?parent=400"}],"wp:term":[{"taxonomy":"category","embeddable":true,"href":"https:\/\/revistaenfoquepolitico.com\/index.php\/wp-json\/wp\/v2\/categories?post=400"},{"taxonomy":"post_tag","embeddable":true,"href":"https:\/\/revistaenfoquepolitico.com\/index.php\/wp-json\/wp\/v2\/tags?post=400"}],"curies":[{"name":"wp","href":"https:\/\/api.w.org\/{rel}","templated":true}]}}