{"id":405,"date":"2024-01-31T02:29:53","date_gmt":"2024-01-31T02:29:53","guid":{"rendered":"https:\/\/revistaenfoquepolitico.com\/?p=405"},"modified":"2024-01-31T02:29:53","modified_gmt":"2024-01-31T02:29:53","slug":"apoya-infonavit-a-jubilados-que-tengan-credito-vigente","status":"publish","type":"post","link":"https:\/\/revistaenfoquepolitico.com\/index.php\/2024\/01\/31\/apoya-infonavit-a-jubilados-que-tengan-credito-vigente\/","title":{"rendered":"APOYA INFONAVIT A JUBILADOS QUE TENGAN CR\u00c9DITO VIGENTE"},"content":{"rendered":"<div dir=\"auto\"><strong>APOYA INFONAVIT A JUBILADOS QUE TENGAN CR\u00c9DITO VIGENTE<\/strong><\/div>\n<div dir=\"auto\"><\/div>\n<div dir=\"auto\"><strong>Ciudad de M\u00e9xico, a 30 de enero de 2024.<\/strong><\/div>\n<div dir=\"auto\" aria-hidden=\"true\"><\/div>\n<div dir=\"auto\" style=\"text-align: justify;\"><strong>\u2022 Con Apoyo a Jubilados el pago mensual del cr\u00e9dito se ajustar\u00e1 al 25% del monto de la pensi\u00f3n de las personas, m\u00e1s los seguros y comisiones.<\/strong><\/div>\n<div dir=\"auto\" style=\"text-align: justify;\"><\/div>\n<div dir=\"auto\" style=\"text-align: justify;\"><strong>\u2022 M\u00e1s de 134 mil personas jubiladas o pensionadas que contin\u00faan pagando su cr\u00e9dito Infonavit podr\u00edan aplicar al programa, incluso si recientemente convirtieron su financiamiento de Veces Salario M\u00ednimo (VSM) a pesos.<\/strong><\/div>\n<div dir=\"auto\" style=\"text-align: justify;\" aria-hidden=\"true\"><\/div>\n<div dir=\"auto\" style=\"text-align: justify;\"><img loading=\"lazy\" decoding=\"async\" class=\"alignleft size-medium wp-image-407\" src=\"https:\/\/revistaenfoquepolitico.com\/wp-content\/uploads\/2024\/01\/INFONAVIT-F2-300x200.jpg\" alt=\"\" width=\"300\" height=\"200\" \/>Con el objetivo de apoyar a las personas que ya se pensionaron y que est\u00e1n pagando un Cr\u00e9dito Infonavit, el Instituto del Fondo Nacional de la Vivienda para los Trabajadores (Infonavit) flexibiliz\u00f3 los criterios de elegibilidad de Apoyo a Jubilados, programa que permite reducir el monto del pago mensual del financiamiento hasta un nivel de 25% respecto al monto de la pensi\u00f3n, m\u00e1s seguros y comisiones.<\/div>\n<div dir=\"auto\" style=\"text-align: justify;\" aria-hidden=\"true\"><\/div>\n<div dir=\"auto\" style=\"text-align: justify;\">Los ajustes realizados permitir\u00e1n que m\u00e1s de 134 mil personas jubiladas o pensionadas puedan adherirse al programa y obtengan un alivio en sus finanzas, ya que usualmente el monto de la pensi\u00f3n es menor al salario que obten\u00edan cuando todav\u00eda estaban trabajando y por lo tanto era complicado cumplir en tiempo y forma con el pago de su cr\u00e9dito.<\/div>\n<div dir=\"auto\" style=\"text-align: justify;\" aria-hidden=\"true\"><\/div>\n<div dir=\"auto\"><strong>Principales modificaciones:<\/strong><\/div>\n<div dir=\"auto\" aria-hidden=\"true\"><\/div>\n<div dir=\"auto\">ANTES<\/div>\n<div dir=\"auto\">AHORA<\/div>\n<div dir=\"auto\"><\/div>\n<div dir=\"auto\">El programa s\u00f3lo era aplicable a cr\u00e9ditos denominados en Veces Salario M\u00ednimo (VSM), originados antes del 29 de octubre de 1999.<\/div>\n<div dir=\"auto\">Aplica a todos los cr\u00e9ditos sin importar que est\u00e9 en VSM o en pesos, ni la fecha de originaci\u00f3n.<\/div>\n<div dir=\"auto\" aria-hidden=\"true\"><\/div>\n<div dir=\"auto\" style=\"text-align: justify;\">Con las modificaciones realizadas, incluso podr\u00e1n aplicar al programa las personas que recientemente convirtieron su financiamiento de Veces Salario M\u00ednimo a pesos, a trav\u00e9s de Responsabilidad Compartida.<\/div>\n<div dir=\"auto\" aria-hidden=\"true\"><\/div>\n<div dir=\"auto\">De las m\u00e1s de 134 mil personas que podr\u00edan acceder al nuevo Apoyo a Jubilados:<\/div>\n<div dir=\"auto\" aria-hidden=\"true\"><\/div>\n<div dir=\"auto\">\u2022 65 mil 319 a\u00fan tienen su cr\u00e9dito denominado en Veces Salario M\u00ednimo.<\/div>\n<div dir=\"auto\">\u2022 68 mil 799 ya lo convirtieron a pesos.<\/div>\n<div dir=\"auto\" aria-hidden=\"true\"><\/div>\n<div dir=\"auto\"><strong>Requisitos:<\/strong><\/div>\n<div dir=\"auto\" aria-hidden=\"true\"><\/div>\n<div dir=\"auto\">\u2022 Ser persona jubilada o pensionada.<\/div>\n<div dir=\"auto\">\u2022 No cotizar ante el IMSS.<\/div>\n<div dir=\"auto\">\u2022 Haber pagado al menos 120 mensualidades completas durante la vida del cr\u00e9dito.<\/div>\n<div dir=\"auto\">\u2022 Que el cr\u00e9dito no est\u00e9 en proceso jur\u00eddico por falta de pago.<\/div>\n<div dir=\"auto\">\u2022 Que el cr\u00e9dito no est\u00e9 pr\u00f3ximo a liquidarse.<\/div>\n<div dir=\"auto\" aria-hidden=\"true\"><\/div>\n<div dir=\"auto\"><strong>\u00bfD\u00f3nde y c\u00f3mo solicitarlo?<\/strong><\/div>\n<div dir=\"auto\" aria-hidden=\"true\"><\/div>\n<div dir=\"auto\" style=\"text-align: justify;\">Las personas jubiladas y pensionadas interesadas en solicitar Apoyo a Jubilados deben acudir al Centro de Servicio Infonavit (Cesi) o a la Delegaci\u00f3n del Infonavit m\u00e1s cercana, presentar una identificaci\u00f3n oficial vigente y entregar su dictamen o resoluci\u00f3n de jubilaci\u00f3n o pensi\u00f3n por vejez o cesant\u00eda en edad avanzada emitido por el IMSS, ISSSTE, Afore o aseguradora.<\/div>\n<div dir=\"auto\" style=\"text-align: justify;\" aria-hidden=\"true\"><\/div>\n<div dir=\"auto\" style=\"text-align: justify;\">Para agilizar el tr\u00e1mite, es recomendable generar una cita en Mi Cuenta Infonavit (micuenta.infonavit.org.mx).<\/div>\n<div dir=\"auto\" style=\"text-align: justify;\" aria-hidden=\"true\"><\/div>\n<div dir=\"auto\" style=\"text-align: justify;\">En caso de que el titular del cr\u00e9dito no pueda acudir a realizar el tr\u00e1mite, tambi\u00e9n podr\u00e1 ser realizado por otra persona; siempre y cuando presente un Poder Notarial o una Carta Poder y una identificaci\u00f3n oficial vigente.<\/div>\n<div dir=\"auto\" style=\"text-align: justify;\" aria-hidden=\"true\"><\/div>\n<div dir=\"auto\"><strong>Consideraciones:<\/strong><\/div>\n<div dir=\"auto\" aria-hidden=\"true\"><\/div>\n<div dir=\"auto\" style=\"text-align: justify;\">\u2022 Las personas acreditadas deben cumplir con sus pagos de manera completa y en los tiempos establecidos para no perder el beneficio de Apoyo a Jubilados; de no ser as\u00ed, su pago mensual ser\u00e1 el mismo que ten\u00edan antes de la reestructura.<\/div>\n<div dir=\"auto\" style=\"text-align: justify;\">\u2022 Si la persona acreditada regresa a cotizar al IMSS por tener una relaci\u00f3n laboral, se cancela de manera autom\u00e1tica el apoyo.<\/div>\n<div dir=\"auto\" style=\"text-align: justify;\">\u2022 Si el cr\u00e9dito tiene intereses pendientes por pagar, se sumar\u00e1n al capital de la deuda al aplicar Apoyo a Jubilados.<\/div>\n<div dir=\"auto\" style=\"text-align: justify;\" aria-hidden=\"true\"><\/div>\n<div dir=\"auto\" style=\"text-align: justify;\">Conoce todo lo que necesitas saber sobre cr\u00e9ditos, tr\u00e1mites y servicios del Infonavit, de manera sencilla y clara en infonavitfacil.mx.<\/div>\n<div dir=\"auto\" style=\"text-align: justify;\" aria-hidden=\"true\"><\/div>\n<div dir=\"auto\" style=\"text-align: justify;\">Infonavit es una instituci\u00f3n de seguridad social del Estado, que tiene como objetivo otorgar cr\u00e9dito barato y suficiente para que las y los trabajadores puedan acceder a una vivienda adecuada y formar un patrimonio. Desde su creaci\u00f3n en 1972 a la fecha, el organismo ha colocado m\u00e1s de 12 millones de cr\u00e9ditos.<\/div>\n<div dir=\"auto\" style=\"text-align: justify;\"><\/div>\n<div dir=\"auto\" style=\"text-align: justify;\"><\/div>\n<div dir=\"auto\">\u00a0<strong>#InfonavitVeracruz<\/strong><\/div>\n","protected":false},"excerpt":{"rendered":"<p>APOYA INFONAVIT A JUBILADOS QUE TENGAN CR\u00c9DITO VIGENTE Ciudad de M\u00e9xico, a 30 de enero de 2024. \u2022 Con Apoyo a Jubilados el pago mensual del cr\u00e9dito se ajustar\u00e1 al 25% del monto de la pensi\u00f3n de las personas, m\u00e1s los seguros y comisiones. \u2022 M\u00e1s de 134 mil personas jubiladas o pensionadas que contin\u00faan [&hellip;]<\/p>\n","protected":false},"author":1,"featured_media":0,"comment_status":"closed","ping_status":"closed","sticky":false,"template":"","format":"standard","meta":{"_jetpack_memberships_contains_paid_content":false,"footnotes":"","jetpack_publicize_message":"","jetpack_publicize_feature_enabled":true,"jetpack_social_post_already_shared":false,"jetpack_social_options":{"image_generator_settings":{"template":"highway","default_image_id":0,"font":"","enabled":false},"version":2}},"categories":[4],"tags":[21],"class_list":["post-405","post","type-post","status-publish","format-standard","hentry","category-noticia-politica","tag-infonavit-veracruz"],"jetpack_publicize_connections":[],"jetpack_featured_media_url":"","jetpack_sharing_enabled":true,"_links":{"self":[{"href":"https:\/\/revistaenfoquepolitico.com\/index.php\/wp-json\/wp\/v2\/posts\/405","targetHints":{"allow":["GET"]}}],"collection":[{"href":"https:\/\/revistaenfoquepolitico.com\/index.php\/wp-json\/wp\/v2\/posts"}],"about":[{"href":"https:\/\/revistaenfoquepolitico.com\/index.php\/wp-json\/wp\/v2\/types\/post"}],"author":[{"embeddable":true,"href":"https:\/\/revistaenfoquepolitico.com\/index.php\/wp-json\/wp\/v2\/users\/1"}],"replies":[{"embeddable":true,"href":"https:\/\/revistaenfoquepolitico.com\/index.php\/wp-json\/wp\/v2\/comments?post=405"}],"version-history":[{"count":1,"href":"https:\/\/revistaenfoquepolitico.com\/index.php\/wp-json\/wp\/v2\/posts\/405\/revisions"}],"predecessor-version":[{"id":408,"href":"https:\/\/revistaenfoquepolitico.com\/index.php\/wp-json\/wp\/v2\/posts\/405\/revisions\/408"}],"wp:attachment":[{"href":"https:\/\/revistaenfoquepolitico.com\/index.php\/wp-json\/wp\/v2\/media?parent=405"}],"wp:term":[{"taxonomy":"category","embeddable":true,"href":"https:\/\/revistaenfoquepolitico.com\/index.php\/wp-json\/wp\/v2\/categories?post=405"},{"taxonomy":"post_tag","embeddable":true,"href":"https:\/\/revistaenfoquepolitico.com\/index.php\/wp-json\/wp\/v2\/tags?post=405"}],"curies":[{"name":"wp","href":"https:\/\/api.w.org\/{rel}","templated":true}]}}