{"id":4099,"date":"2025-11-11T17:19:03","date_gmt":"2025-11-11T17:19:03","guid":{"rendered":"https:\/\/revistaenfoquepolitico.com\/?p=4099"},"modified":"2025-11-11T17:19:03","modified_gmt":"2025-11-11T17:19:03","slug":"pri-y-su-registro-en-veracruz","status":"publish","type":"post","link":"https:\/\/revistaenfoquepolitico.com\/index.php\/2025\/11\/11\/pri-y-su-registro-en-veracruz\/","title":{"rendered":"PRI Y SU REGISTRO EN VERACRUZ"},"content":{"rendered":"<div id=\"x_ms-outlook-mobile-body-separator-line\" dir=\"auto\" data-applydefaultfontstyles=\"true\">\n<div dir=\"auto\" data-olk-copy-source=\"MessageBody\">Por: Ricardo Chua<\/div>\n<div dir=\"auto\"><\/div>\n<div dir=\"auto\">PRI Y SU REGISTRO EN VERACRUZ<\/div>\n<\/div>\n<div dir=\"auto\"><\/div>\n<div dir=\"auto\">Veracruz, Ver., 10 de noviembre de 2025<\/div>\n<div id=\"x_ms-outlook-mobile-body-separator-line\" dir=\"auto\" data-applydefaultfontstyles=\"true\">\n<div dir=\"auto\"><\/div>\n<div dir=\"auto\" style=\"text-align: justify;\">Seg\u00fan los an\u00e1lisis pol\u00edticos de personajes ligados al \u00abC\u00edrculo Rojo\u00bb de la oposici\u00f3n.. Se\u00f1alan que, al menos, en la elecci\u00f3n intermedia tanto federal como local en Veracruz.. El PRI NO PERDER\u00c1 SU REGISTRO como partido pol\u00edtico.. Ya que con la cantidad de alcaldes que tendr\u00e1 para el pr\u00f3ximo cuatrienio lo podr\u00e1 sostener.. Adem\u00e1s, se puede dar la posibilidad de que el priismo, pueda triunfar en 2 o 3 distritos electorales locales y dos federales en esa elecci\u00f3n..Con eso se mantendr\u00eda \u00abvivo\u00bb en el Estado.. M\u00e1s no fuerte.. Que es una situaci\u00f3n muy distinta..<\/div>\n<div dir=\"auto\" style=\"text-align: justify;\"><\/div>\n<div dir=\"auto\" style=\"text-align: justify;\">Sin embargo, estos mismos personajes sostienen que los mismos alcaldes, que ser\u00e1n operadores de esta futura elecci\u00f3n, no el dirigente estatal priista, Adolfo \u00abFofo\u00bb Ram\u00edrez Arana.. Son lo que sacaran estos triunfos, pero lo har\u00e1n con ALIANZAS DE FACTO con organizaciones o partidos pol\u00edticos, donde en esos distritos, los personajes con arraigo no hayan sido nominados candidatos porque hubo imposiciones desde el centro del Estado.. Posiblemente con MORENA o con Movimiento Ciudadano.. Pero estos presidentes municipales priistas estar\u00edan dispuestos en ir en alianza..<\/div>\n<div dir=\"auto\" style=\"text-align: justify;\"><\/div>\n<div dir=\"auto\" style=\"text-align: justify;\">Ya que es la \u00fanica manera que el PRI pueda subsistir en 2027.. Debido a que ning\u00fan otro partido pol\u00edtico de oposici\u00f3n, quiere hacer alianza con este priismo manejando por Alejandro Moreno C\u00e1rdenas \u00abAlito\u00bb y el \u00abFofo\u00bb Ram\u00edrez Arana, que no ha sido capaz de emprender, una estrategia pol\u00edtica y hasta de comunicaci\u00f3n para poder ser atractivo para el electorado y los dem\u00e1s organismos busquen aliarse con ellos.. Sucede todo lo contrario en Veracruz.. Al priismo lo ven con m\u00e1s resquemor que al PAN de Federico Salom\u00f3n.. Y eso ya es decir mucho..<\/div>\n<div dir=\"auto\" style=\"text-align: justify;\"><\/div>\n<div dir=\"auto\" style=\"text-align: justify;\">Es m\u00e1s con todo lo que est\u00e1 sucediendo actualmente en M\u00e9xico.. En un escenario pol\u00edtico se ve m\u00e1s posibilidades de que Movimiento Ciudadano y el PAN puedan ir en COALICI\u00d3N, por lo menos, en la elecci\u00f3n local en Veracruz.. Posiblemente en la federal.. Y NO INVITAR AL PRI a ser parte de esta alianza pol\u00edtica.. As\u00ed que posiblemente estemos viendo para la elecci\u00f3n intermedia ir al PRI s\u00f3lo como partidos para este proceso.. Por todo lo que significa \u00abAlito\u00bb Moreno.. El \u00abEfecto derechazo\u00bb a Gerardo Fern\u00e1ndez Noro\u00f1a, ya est\u00e1 dejando de ser un tema atractivo para la sociedad..<\/div>\n<div dir=\"auto\" style=\"text-align: justify;\"><\/div>\n<div dir=\"auto\" style=\"text-align: justify;\">Mientras que los gobernadores priistas de Coahuila y Durango.. Seguramente tambi\u00e9n har\u00e1n alianzas locales para enfrentar sus procesos en sus estados, pero nada que tenga que ver con el comit\u00e9 nacional de \u00abAlito\u00bb Moreno.. Lo mismo puede suceder en Nuevo Le\u00f3n, donde el alcalde de Monterrey, \u00a0Adri\u00e1n de la Garza, se la puede \u00abjugar\u00bb solo con el PRI.. Pero sin la injerencia del comit\u00e9 nacional y puede ganar la elecci\u00f3n y quitarle a Movimiento Ciudadano la gubernatura de ese estado.. Pero sin \u00abAlito\u00bb.. Cada uno operando su estado con priistas pero sin el CEN..<\/div>\n<div dir=\"auto\" style=\"text-align: justify;\"><\/div>\n<div dir=\"auto\" style=\"text-align: justify;\">El \u00fanico sitio donde a Movimiento Ciudadano y PAN.. Le hace falta el PRI de \u00abAlito\u00bb es, sin duda, en Campeche y Colima para poder ganar esas gubernaturas. Si MC quiere quedarse con el control de esas entidades tendr\u00e1 que ir con PRI que maneja su dirigente nacional.. El PAN en esos dos estados no \u00abpinta\u00bb nada bien y una coalici\u00f3n para los procesos a las gubernaturas en esos sitios, no tendr\u00edan la fuerza necesaria para ganar estas elecciones.. As\u00ed como Nuevo Le\u00f3n.. Pero ah\u00ed el PRI gana solo.. En Campeche y Colima si no van juntos PRI, MC y PAN, MORENA se queda con esas gubernaturas..<\/div>\n<div dir=\"auto\" style=\"text-align: justify;\"><\/div>\n<div dir=\"auto\" style=\"text-align: justify;\">Algo parecido puede pasar en Veracruz con Ram\u00edrez Arana.. Los alcaldes como Orizaba, Perote y Cosoleacaque pueden operar la elecci\u00f3n de sus candidatos a diputados locales.. Presionando a Ram\u00edrez Arana con las candidaturas.. El \u00abFofo\u00bb estar\u00eda presionado porque necesita ganar por lo menos un distrito para asegurar el registro del PRI estatal.. Y que \u00e9l pueda lograr una diputaci\u00f3n plurinominal y prerrogativas para los pr\u00f3ximos 3 a\u00f1os.. Estar\u00eda \u00abatado de manos\u00bb a sus alcaldes.. No le queda de otra y s\u00f3lo cambiar\u00eda candidaturas por votos y registro del CDE priista&#8230; BUEN NEGOCIO..<\/div>\n<div dir=\"auto\" style=\"text-align: justify;\"><\/div>\n<div dir=\"auto\" style=\"text-align: justify;\">Se puede se\u00f1alar que en este momento.. Lo que representa el PRI para los dem\u00e1s organismos pol\u00edticos.. Es algo parecido, a lo que es el PVEM para la coalici\u00f3n oficialista de MORENA con PT.. Ahorita se puede decir, que el priismo es el \u00abVerde\u00bb de la oposici\u00f3n.. Con esos porcentajes peque\u00f1os que a\u00fan conserva en algunos estados del pa\u00eds, son la diferencia para los movimientos de oposici\u00f3n, para darte el triunfo por esos m\u00e1rgenes que tiene o te representa la derrota porque no te los da y la oposici\u00f3n \u00abfracciona\u00bb el voto.. As\u00ed de sencillo..<\/div>\n<div dir=\"auto\" style=\"text-align: justify;\"><\/div>\n<div dir=\"auto\" style=\"text-align: justify;\">VANIA L\u00d3PEZ AL PVEM..<\/div>\n<div dir=\"auto\" style=\"text-align: justify;\"><\/div>\n<div dir=\"auto\" style=\"text-align: justify;\">No cabe duda, que hay partidos pol\u00edticos, que ya se est\u00e1n reestructurando y prepar\u00e1ndose para la elecci\u00f3n intermedia local del 2027 en Veracruz.. Uno de ellos es el PVEM, que acaba de incluir en sus filas como integrante de su comit\u00e9 estatal, a la s\u00edndica del ayuntamiento de C\u00f3rdoba, Vania L\u00f3pez, que ha tomado posesi\u00f3n como secretaria de la Mujer del comit\u00e9 estatal.. Con este cargo lo que har\u00e1 ser\u00e1 impulsar a todo ese sector femenino, que le gusta la participaci\u00f3n pol\u00edtica y que puedan hacer crecer la presencia de la mujer en la entidad..<\/div>\n<div dir=\"auto\" style=\"text-align: justify;\"><\/div>\n<div dir=\"auto\" style=\"text-align: justify;\">Vania L\u00f3pez se ha destacado por ser una mujer participativa en el activismo pol\u00edtico del PVEM.. Lo que le da las \u00abtablas\u00bb suficientes para desempe\u00f1ar bien su tarea en este cargo partidista.. Y con eso tambi\u00e9n queda claro que la s\u00edndica de C\u00f3rdoba.. Es una de las mujeres m\u00e1s cercanas al l\u00edder moral de los \u00abVerdes\u00bb en Veracruz, Javier Herrera Borunda y cuenta con el aval de su dirigente estatal de partido, Edgar Herrera Lendechy.. Ahora le toca a Vania responder con trabajo esa confianza y fortalecer al sector femenino del PVEM rumbo a la elecci\u00f3n del 2027.. AMEN..<\/div>\n<\/div>\n","protected":false},"excerpt":{"rendered":"<p>Por: Ricardo Chua PRI Y SU REGISTRO EN VERACRUZ Veracruz, Ver., 10 de noviembre de 2025 Seg\u00fan los an\u00e1lisis pol\u00edticos de personajes ligados al \u00abC\u00edrculo Rojo\u00bb de la oposici\u00f3n.. Se\u00f1alan que, al menos, en la elecci\u00f3n intermedia tanto federal como local en Veracruz.. El PRI NO PERDER\u00c1 SU REGISTRO como partido pol\u00edtico.. Ya que con [&hellip;]<\/p>\n","protected":false},"author":1,"featured_media":4100,"comment_status":"closed","ping_status":"closed","sticky":false,"template":"","format":"standard","meta":{"_jetpack_memberships_contains_paid_content":false,"footnotes":"","jetpack_publicize_message":"","jetpack_publicize_feature_enabled":true,"jetpack_social_post_already_shared":false,"jetpack_social_options":{"image_generator_settings":{"template":"highway","default_image_id":0,"font":"","enabled":false},"version":2}},"categories":[4],"tags":[63],"class_list":["post-4099","post","type-post","status-publish","format-standard","has-post-thumbnail","hentry","category-noticia-politica","tag-ricardo-chua"],"jetpack_publicize_connections":[],"jetpack_featured_media_url":"https:\/\/revistaenfoquepolitico.com\/wp-content\/uploads\/2025\/11\/COLUMNA-PRI.jpg","jetpack_sharing_enabled":true,"_links":{"self":[{"href":"https:\/\/revistaenfoquepolitico.com\/index.php\/wp-json\/wp\/v2\/posts\/4099","targetHints":{"allow":["GET"]}}],"collection":[{"href":"https:\/\/revistaenfoquepolitico.com\/index.php\/wp-json\/wp\/v2\/posts"}],"about":[{"href":"https:\/\/revistaenfoquepolitico.com\/index.php\/wp-json\/wp\/v2\/types\/post"}],"author":[{"embeddable":true,"href":"https:\/\/revistaenfoquepolitico.com\/index.php\/wp-json\/wp\/v2\/users\/1"}],"replies":[{"embeddable":true,"href":"https:\/\/revistaenfoquepolitico.com\/index.php\/wp-json\/wp\/v2\/comments?post=4099"}],"version-history":[{"count":1,"href":"https:\/\/revistaenfoquepolitico.com\/index.php\/wp-json\/wp\/v2\/posts\/4099\/revisions"}],"predecessor-version":[{"id":4101,"href":"https:\/\/revistaenfoquepolitico.com\/index.php\/wp-json\/wp\/v2\/posts\/4099\/revisions\/4101"}],"wp:featuredmedia":[{"embeddable":true,"href":"https:\/\/revistaenfoquepolitico.com\/index.php\/wp-json\/wp\/v2\/media\/4100"}],"wp:attachment":[{"href":"https:\/\/revistaenfoquepolitico.com\/index.php\/wp-json\/wp\/v2\/media?parent=4099"}],"wp:term":[{"taxonomy":"category","embeddable":true,"href":"https:\/\/revistaenfoquepolitico.com\/index.php\/wp-json\/wp\/v2\/categories?post=4099"},{"taxonomy":"post_tag","embeddable":true,"href":"https:\/\/revistaenfoquepolitico.com\/index.php\/wp-json\/wp\/v2\/tags?post=4099"}],"curies":[{"name":"wp","href":"https:\/\/api.w.org\/{rel}","templated":true}]}}