{"id":4102,"date":"2025-11-11T18:35:13","date_gmt":"2025-11-11T18:35:13","guid":{"rendered":"https:\/\/revistaenfoquepolitico.com\/?p=4102"},"modified":"2025-11-11T18:35:13","modified_gmt":"2025-11-11T18:35:13","slug":"restablecio-imss-veracruz-norte-servicios-en-unidad-de-medicina-familiar-no-47-en-alamo-temapache","status":"publish","type":"post","link":"https:\/\/revistaenfoquepolitico.com\/index.php\/2025\/11\/11\/restablecio-imss-veracruz-norte-servicios-en-unidad-de-medicina-familiar-no-47-en-alamo-temapache\/","title":{"rendered":"RESTABLECI\u00d3 IMSS VERACRUZ NORTE SERVICIOS EN UNIDAD DE MEDICINA FAMILIAR No. 47 EN \u00c1LAMO TEMAPACHE"},"content":{"rendered":"<div dir=\"auto\">Veracruz, Ver., 10 de noviembre de 2025<\/div>\n<div dir=\"auto\"><\/div>\n<div dir=\"auto\">\uf0b7\u2002\u2002\u2002\u2002\u2002Atender\u00e1 120 pacientes por jornada en fines de semana y 90 por d\u00eda de lunes a viernes.<\/div>\n<div dir=\"auto\"><\/div>\n<div dir=\"auto\" style=\"text-align: justify;\">El Instituto Mexicano del Seguro Social (IMSS) en Veracruz Norte concluy\u00f3 la rehabilitaci\u00f3n de la Unidad de Medicina Familiar (UMF) No. 47 de \u00c1lamo Temapache, por lo que, a menos de un mes de las inundaciones provocadas por la Tormenta Tropical Raymond, reinici\u00f3 operaciones este 8 de noviembre de 2025.<\/div>\n<div dir=\"auto\" style=\"text-align: justify;\"><\/div>\n<div dir=\"auto\" style=\"text-align: justify;\"><img loading=\"lazy\" decoding=\"async\" class=\"alignleft size-medium wp-image-4105\" src=\"https:\/\/revistaenfoquepolitico.com\/wp-content\/uploads\/2025\/11\/IMSS-ALAMO-3-300x225.jpg\" alt=\"\" width=\"300\" height=\"225\" srcset=\"https:\/\/revistaenfoquepolitico.com\/wp-content\/uploads\/2025\/11\/IMSS-ALAMO-3-300x225.jpg 300w, https:\/\/revistaenfoquepolitico.com\/wp-content\/uploads\/2025\/11\/IMSS-ALAMO-3-1024x768.jpg 1024w, https:\/\/revistaenfoquepolitico.com\/wp-content\/uploads\/2025\/11\/IMSS-ALAMO-3-768x576.jpg 768w, https:\/\/revistaenfoquepolitico.com\/wp-content\/uploads\/2025\/11\/IMSS-ALAMO-3-1170x878.jpg 1170w, https:\/\/revistaenfoquepolitico.com\/wp-content\/uploads\/2025\/11\/IMSS-ALAMO-3.jpg 1280w\" sizes=\"auto, (max-width: 300px) 100vw, 300px\" \/>Dicha unidad fue severamente afectada por las inundaciones; sin embargo, gracias al compromiso y solidaridad de los trabajadores del IMSS que participaron en su rehabilitaci\u00f3n, ya se encuentra lista para seguir brindando sus servicios de atenci\u00f3n m\u00e9dica a la poblaci\u00f3n derechohabiente.<\/div>\n<div dir=\"auto\" style=\"text-align: justify;\"><\/div>\n<div dir=\"auto\" style=\"text-align: justify;\">\u00abA partir de este s\u00e1bado iniciamos con servicios de Medicina Familiar, en la denominada Unidad de tiempo Completo, es decir s\u00e1bados y domingos, con capacidad de atenci\u00f3n de 112 pacientes por d\u00eda; tambi\u00e9n tenemos Atenci\u00f3n M\u00e9dica Contin\u00faa (Urgencias), Medicina Preventiva y Farmacia; de lunes a viernes la consulta de Medicina Familiar brinda atenci\u00f3n a 90 pacientes por jornada, adem\u00e1s de los dem\u00e1s servicios antes mencionados\u201d, explic\u00f3 el director de la UMF, doctor Carlos Mois\u00e9s Meza Iglesias.<\/div>\n<div dir=\"auto\" style=\"text-align: justify;\"><\/div>\n<div dir=\"auto\" style=\"text-align: justify;\"><img loading=\"lazy\" decoding=\"async\" class=\"alignright size-medium wp-image-4104\" src=\"https:\/\/revistaenfoquepolitico.com\/wp-content\/uploads\/2025\/11\/IMSS-ALAMO-2-300x169.jpg\" alt=\"\" width=\"300\" height=\"169\" srcset=\"https:\/\/revistaenfoquepolitico.com\/wp-content\/uploads\/2025\/11\/IMSS-ALAMO-2-300x169.jpg 300w, https:\/\/revistaenfoquepolitico.com\/wp-content\/uploads\/2025\/11\/IMSS-ALAMO-2-1024x576.jpg 1024w, https:\/\/revistaenfoquepolitico.com\/wp-content\/uploads\/2025\/11\/IMSS-ALAMO-2-768x432.jpg 768w, https:\/\/revistaenfoquepolitico.com\/wp-content\/uploads\/2025\/11\/IMSS-ALAMO-2-1536x864.jpg 1536w, https:\/\/revistaenfoquepolitico.com\/wp-content\/uploads\/2025\/11\/IMSS-ALAMO-2-1170x658.jpg 1170w, https:\/\/revistaenfoquepolitico.com\/wp-content\/uploads\/2025\/11\/IMSS-ALAMO-2.jpg 1600w\" sizes=\"auto, (max-width: 300px) 100vw, 300px\" \/>Asimismo, el m\u00e9dico recalc\u00f3 que la unidad continuar\u00e1 con la tarea de concientizar a la poblaci\u00f3n sobre la importancia de los chequeos preventivos y de vacunaci\u00f3n, por lo que por el momento cuenta con un puesto para esta tarea en la entrada, fortaleciendo la inmunizaci\u00f3n por temporada invernal.<\/div>\n<div dir=\"auto\" style=\"text-align: justify;\"><\/div>\n<div dir=\"auto\" style=\"text-align: justify;\">Cabe enfatizar que durante el proceso de rehabilitaci\u00f3n se cont\u00f3 con la supervisi\u00f3n del director general del IMSS, maestro Zo\u00e9 Robledo Aburto; del director de Operaci\u00f3n y Evaluaci\u00f3n, maestro Javier Guerrero Garc\u00eda; del coordinador de Conservaci\u00f3n y Servicios Generales \u00c1ngel Annuar Rubio Moreno; adem\u00e1s del titular de la Divisi\u00f3n de Protecci\u00f3n Civil, licenciado N\u00e9stor Dami\u00e1n Del Pino Le\u00f3n y la titular de la representaci\u00f3n del IMSS en Veracruz Norte, doctora Edith Jim\u00e9nez Mart\u00ednez.<\/div>\n<div dir=\"auto\" style=\"text-align: justify;\"><\/div>\n<div dir=\"auto\" style=\"text-align: justify;\"><\/div>\n<div dir=\"auto\" style=\"text-align: justify;\"><img loading=\"lazy\" decoding=\"async\" class=\"alignleft size-medium wp-image-4107\" src=\"https:\/\/revistaenfoquepolitico.com\/wp-content\/uploads\/2025\/11\/IMSS-ALAMO-5-300x225.jpg\" alt=\"\" width=\"300\" height=\"225\" srcset=\"https:\/\/revistaenfoquepolitico.com\/wp-content\/uploads\/2025\/11\/IMSS-ALAMO-5-300x225.jpg 300w, https:\/\/revistaenfoquepolitico.com\/wp-content\/uploads\/2025\/11\/IMSS-ALAMO-5-1024x768.jpg 1024w, https:\/\/revistaenfoquepolitico.com\/wp-content\/uploads\/2025\/11\/IMSS-ALAMO-5-768x576.jpg 768w, https:\/\/revistaenfoquepolitico.com\/wp-content\/uploads\/2025\/11\/IMSS-ALAMO-5-1170x878.jpg 1170w, https:\/\/revistaenfoquepolitico.com\/wp-content\/uploads\/2025\/11\/IMSS-ALAMO-5.jpg 1280w\" sizes=\"auto, (max-width: 300px) 100vw, 300px\" \/>En ese sentido, el doctor Mois\u00e9s Meza agreg\u00f3: \u201chubo un gran trabajo, la unidad nunca estuvo sola, todo el IMSS estuvo presente, agradezco fraternalmente el sentir de la calidad del maestro Zo\u00e9 Robledo y todo el equipo que conforma a esta instituci\u00f3n. Me complace que estemos reanudando los servicios, porque nuestra poblaci\u00f3n requiere del IMSS\u201d.<\/div>\n<div dir=\"auto\" style=\"text-align: justify;\"><\/div>\n<div dir=\"auto\" style=\"text-align: justify;\">De esta manera el Seguro Social se consolida como una instituci\u00f3n s\u00f3lida y estable, manteniendo acciones en favor de la poblaci\u00f3n, a\u00fan en momentos cr\u00edticos, logrando que la salud y el bienestar se encuentren al alcance de todos.<\/div>\n<div dir=\"auto\"><\/div>\n<div dir=\"auto\"><img loading=\"lazy\" decoding=\"async\" class=\"alignright size-medium wp-image-4108\" src=\"https:\/\/revistaenfoquepolitico.com\/wp-content\/uploads\/2025\/11\/IMSS-ALAMO-6-300x225.jpg\" alt=\"\" width=\"300\" height=\"225\" srcset=\"https:\/\/revistaenfoquepolitico.com\/wp-content\/uploads\/2025\/11\/IMSS-ALAMO-6-300x225.jpg 300w, https:\/\/revistaenfoquepolitico.com\/wp-content\/uploads\/2025\/11\/IMSS-ALAMO-6-1024x768.jpg 1024w, https:\/\/revistaenfoquepolitico.com\/wp-content\/uploads\/2025\/11\/IMSS-ALAMO-6-768x576.jpg 768w, https:\/\/revistaenfoquepolitico.com\/wp-content\/uploads\/2025\/11\/IMSS-ALAMO-6-1536x1152.jpg 1536w, https:\/\/revistaenfoquepolitico.com\/wp-content\/uploads\/2025\/11\/IMSS-ALAMO-6-1170x878.jpg 1170w, https:\/\/revistaenfoquepolitico.com\/wp-content\/uploads\/2025\/11\/IMSS-ALAMO-6.jpg 1600w\" sizes=\"auto, (max-width: 300px) 100vw, 300px\" \/><\/div>\n<div dir=\"auto\" style=\"text-align: justify;\"><\/div>\n","protected":false},"excerpt":{"rendered":"<p>Veracruz, Ver., 10 de noviembre de 2025 \uf0b7\u2002\u2002\u2002\u2002\u2002Atender\u00e1 120 pacientes por jornada en fines de semana y 90 por d\u00eda de lunes a viernes. El Instituto Mexicano del Seguro Social (IMSS) en Veracruz Norte concluy\u00f3 la rehabilitaci\u00f3n de la Unidad de Medicina Familiar (UMF) No. 47 de \u00c1lamo Temapache, por lo que, a menos de [&hellip;]<\/p>\n","protected":false},"author":1,"featured_media":4103,"comment_status":"closed","ping_status":"closed","sticky":false,"template":"","format":"standard","meta":{"_jetpack_memberships_contains_paid_content":false,"footnotes":"","jetpack_publicize_message":"","jetpack_publicize_feature_enabled":true,"jetpack_social_post_already_shared":false,"jetpack_social_options":{"image_generator_settings":{"template":"highway","default_image_id":0,"font":"","enabled":false},"version":2}},"categories":[4],"tags":[27],"class_list":["post-4102","post","type-post","status-publish","format-standard","has-post-thumbnail","hentry","category-noticia-politica","tag-imss-veracruz-norte"],"jetpack_publicize_connections":[],"jetpack_featured_media_url":"https:\/\/revistaenfoquepolitico.com\/wp-content\/uploads\/2025\/11\/IMSS-ALAMO-1.jpg","jetpack_sharing_enabled":true,"_links":{"self":[{"href":"https:\/\/revistaenfoquepolitico.com\/index.php\/wp-json\/wp\/v2\/posts\/4102","targetHints":{"allow":["GET"]}}],"collection":[{"href":"https:\/\/revistaenfoquepolitico.com\/index.php\/wp-json\/wp\/v2\/posts"}],"about":[{"href":"https:\/\/revistaenfoquepolitico.com\/index.php\/wp-json\/wp\/v2\/types\/post"}],"author":[{"embeddable":true,"href":"https:\/\/revistaenfoquepolitico.com\/index.php\/wp-json\/wp\/v2\/users\/1"}],"replies":[{"embeddable":true,"href":"https:\/\/revistaenfoquepolitico.com\/index.php\/wp-json\/wp\/v2\/comments?post=4102"}],"version-history":[{"count":1,"href":"https:\/\/revistaenfoquepolitico.com\/index.php\/wp-json\/wp\/v2\/posts\/4102\/revisions"}],"predecessor-version":[{"id":4109,"href":"https:\/\/revistaenfoquepolitico.com\/index.php\/wp-json\/wp\/v2\/posts\/4102\/revisions\/4109"}],"wp:featuredmedia":[{"embeddable":true,"href":"https:\/\/revistaenfoquepolitico.com\/index.php\/wp-json\/wp\/v2\/media\/4103"}],"wp:attachment":[{"href":"https:\/\/revistaenfoquepolitico.com\/index.php\/wp-json\/wp\/v2\/media?parent=4102"}],"wp:term":[{"taxonomy":"category","embeddable":true,"href":"https:\/\/revistaenfoquepolitico.com\/index.php\/wp-json\/wp\/v2\/categories?post=4102"},{"taxonomy":"post_tag","embeddable":true,"href":"https:\/\/revistaenfoquepolitico.com\/index.php\/wp-json\/wp\/v2\/tags?post=4102"}],"curies":[{"name":"wp","href":"https:\/\/api.w.org\/{rel}","templated":true}]}}