{"id":4364,"date":"2025-12-01T19:24:26","date_gmt":"2025-12-01T19:24:26","guid":{"rendered":"https:\/\/revistaenfoquepolitico.com\/?p=4364"},"modified":"2025-12-01T19:24:26","modified_gmt":"2025-12-01T19:24:26","slug":"entrega-alcalde-jm-unanue-cuatrimotos-a-proteccion-civil-municipal-de-boca-del-rio","status":"publish","type":"post","link":"https:\/\/revistaenfoquepolitico.com\/index.php\/2025\/12\/01\/entrega-alcalde-jm-unanue-cuatrimotos-a-proteccion-civil-municipal-de-boca-del-rio\/","title":{"rendered":"ENTREGA ALCALDE JM UN\u00c1NUE CUATRIMOTOS A PROTECCI\u00d3N CIVIL MUNICIPAL DE BOCA DEL R\u00cdO"},"content":{"rendered":"<div dir=\"auto\">Boca del R\u00edo, Ver., 01 de diciembre de 2025<\/div>\n<div dir=\"auto\"><\/div>\n<div dir=\"auto\"><strong>*Con la finalidad de garantizar la seguridad de boque\u00f1os y turistas ante cualquier situaci\u00f3n de riesgo*<\/strong><\/div>\n<div dir=\"auto\" aria-hidden=\"true\"><\/div>\n<div dir=\"auto\" style=\"text-align: justify;\">Para garantizar la seguridad de los boque\u00f1os y de los visitantes que llegan desde distintas regiones de M\u00e9xico, se contin\u00faa con la modernizaci\u00f3n de la Direcci\u00f3n de Protecci\u00f3n Civil Municipal, con el objetivo de contar con una Fuerza de Tarea plenamente operativa.<\/div>\n<div dir=\"auto\" style=\"text-align: justify;\"><\/div>\n<div dir=\"auto\" style=\"text-align: justify;\"><img loading=\"lazy\" decoding=\"async\" class=\"alignleft size-medium wp-image-4369\" src=\"https:\/\/revistaenfoquepolitico.com\/wp-content\/uploads\/2025\/12\/JM-CUATRIMOTOS-2-300x200.jpg\" alt=\"\" width=\"300\" height=\"200\" srcset=\"https:\/\/revistaenfoquepolitico.com\/wp-content\/uploads\/2025\/12\/JM-CUATRIMOTOS-2-300x200.jpg 300w, https:\/\/revistaenfoquepolitico.com\/wp-content\/uploads\/2025\/12\/JM-CUATRIMOTOS-2-1024x682.jpg 1024w, https:\/\/revistaenfoquepolitico.com\/wp-content\/uploads\/2025\/12\/JM-CUATRIMOTOS-2-768x512.jpg 768w, https:\/\/revistaenfoquepolitico.com\/wp-content\/uploads\/2025\/12\/JM-CUATRIMOTOS-2-1536x1023.jpg 1536w, https:\/\/revistaenfoquepolitico.com\/wp-content\/uploads\/2025\/12\/JM-CUATRIMOTOS-2-1170x780.jpg 1170w, https:\/\/revistaenfoquepolitico.com\/wp-content\/uploads\/2025\/12\/JM-CUATRIMOTOS-2.jpg 1600w\" sizes=\"auto, (max-width: 300px) 100vw, 300px\" \/>\u201cEntregamos cuatrimotos y nuevo equipo a la Direcci\u00f3n de Protecci\u00f3n Civil para seguir cuidando a Boca del R\u00edo y responder mejor ante cualquier situaci\u00f3n de riesgo\u201d, coment\u00f3 el alcalde Juan Manuel Un\u00e1nue.<\/div>\n<div dir=\"auto\" style=\"text-align: justify;\"><\/div>\n<div dir=\"auto\" style=\"text-align: justify;\">Estas seis cuatrimotos permiten el acceso a zonas de dif\u00edcil ingreso o terrenos irregulares donde no es posible entrar con otro tipo de veh\u00edculos.<\/div>\n<div dir=\"auto\" style=\"text-align: justify;\"><\/div>\n<div dir=\"auto\" style=\"text-align: justify;\">Son unidades 4&#215;4 con capacidad de arrastre para movilizar motos acu\u00e1ticas e incluso apoyar en el rescate de veh\u00edculos que quedan atascados en la playa, adem\u00e1s de trasladar de manera r\u00e1pida a personal de Protecci\u00f3n Civil.<\/div>\n<div dir=\"auto\" style=\"text-align: justify;\"><\/div>\n<div dir=\"auto\" style=\"text-align: justify;\">Su uso ser\u00e1 fundamental para:<\/div>\n<div dir=\"auto\" style=\"text-align: justify;\">-Vigilancia preventiva y labores de rescate.<\/div>\n<div dir=\"auto\" style=\"text-align: justify;\">-Recorridos en los 12 kil\u00f3metros de costa del municipio.<\/div>\n<div dir=\"auto\" style=\"text-align: justify;\">-Atenci\u00f3n durante eventos masivos.<\/div>\n<div dir=\"auto\" style=\"text-align: justify;\">-Operativos ante fen\u00f3menos meteorol\u00f3gicos que impactan a la ciudad a lo largo del a\u00f1o.<\/div>\n<div dir=\"auto\" style=\"text-align: justify;\">-Refuerzos durante los periodos vacacionales.<\/div>\n<div dir=\"auto\" style=\"text-align: justify;\"><\/div>\n<div dir=\"auto\" style=\"text-align: justify;\">Cabe mencionar que durante los cuatro a\u00f1os de esta administraci\u00f3n, se ha realizado una importante inversi\u00f3n en el \u00e1rea de Protecci\u00f3n Civil, incorporando uniformes, chalecos de seguridad, equipos de radiocomunicaci\u00f3n port\u00e1tiles, boyas para delimitar zonas de escolleras, binoculares, meg\u00e1fonos, malla pl\u00e1stica, banderas para se\u00f1alizaci\u00f3n de playa, entre otros insumos esenciales.<\/div>\n<div dir=\"auto\"><img loading=\"lazy\" decoding=\"async\" class=\"alignleft size-medium wp-image-4366\" src=\"https:\/\/revistaenfoquepolitico.com\/wp-content\/uploads\/2025\/12\/JM-CUATRIMOTOS-3-300x200.jpg\" alt=\"\" width=\"300\" height=\"200\" srcset=\"https:\/\/revistaenfoquepolitico.com\/wp-content\/uploads\/2025\/12\/JM-CUATRIMOTOS-3-300x200.jpg 300w, https:\/\/revistaenfoquepolitico.com\/wp-content\/uploads\/2025\/12\/JM-CUATRIMOTOS-3-1024x682.jpg 1024w, https:\/\/revistaenfoquepolitico.com\/wp-content\/uploads\/2025\/12\/JM-CUATRIMOTOS-3-768x512.jpg 768w, https:\/\/revistaenfoquepolitico.com\/wp-content\/uploads\/2025\/12\/JM-CUATRIMOTOS-3-1170x780.jpg 1170w, https:\/\/revistaenfoquepolitico.com\/wp-content\/uploads\/2025\/12\/JM-CUATRIMOTOS-3.jpg 1280w\" sizes=\"auto, (max-width: 300px) 100vw, 300px\" \/><img loading=\"lazy\" decoding=\"async\" class=\"alignright size-medium wp-image-4367\" src=\"https:\/\/revistaenfoquepolitico.com\/wp-content\/uploads\/2025\/12\/JM-CUATRIMOTOS-4-300x200.jpg\" alt=\"\" width=\"300\" height=\"200\" srcset=\"https:\/\/revistaenfoquepolitico.com\/wp-content\/uploads\/2025\/12\/JM-CUATRIMOTOS-4-300x200.jpg 300w, https:\/\/revistaenfoquepolitico.com\/wp-content\/uploads\/2025\/12\/JM-CUATRIMOTOS-4-1024x682.jpg 1024w, https:\/\/revistaenfoquepolitico.com\/wp-content\/uploads\/2025\/12\/JM-CUATRIMOTOS-4-768x512.jpg 768w, https:\/\/revistaenfoquepolitico.com\/wp-content\/uploads\/2025\/12\/JM-CUATRIMOTOS-4-1170x780.jpg 1170w, https:\/\/revistaenfoquepolitico.com\/wp-content\/uploads\/2025\/12\/JM-CUATRIMOTOS-4.jpg 1280w\" sizes=\"auto, (max-width: 300px) 100vw, 300px\" \/><\/div>\n<div dir=\"auto\"><\/div>\n<div dir=\"auto\"><\/div>\n<div dir=\"auto\"><\/div>\n<div dir=\"auto\"><\/div>\n<div dir=\"auto\"><\/div>\n<div dir=\"auto\"><\/div>\n<div dir=\"auto\"><\/div>\n<div dir=\"auto\"><\/div>\n<div dir=\"auto\"><\/div>\n<div dir=\"auto\"><img loading=\"lazy\" decoding=\"async\" class=\"aligncenter size-medium wp-image-4368\" src=\"https:\/\/revistaenfoquepolitico.com\/wp-content\/uploads\/2025\/12\/JM-CUATRIMOTOS-5-200x300.jpg\" alt=\"\" width=\"200\" height=\"300\" srcset=\"https:\/\/revistaenfoquepolitico.com\/wp-content\/uploads\/2025\/12\/JM-CUATRIMOTOS-5-200x300.jpg 200w, https:\/\/revistaenfoquepolitico.com\/wp-content\/uploads\/2025\/12\/JM-CUATRIMOTOS-5-682x1024.jpg 682w, https:\/\/revistaenfoquepolitico.com\/wp-content\/uploads\/2025\/12\/JM-CUATRIMOTOS-5-768x1152.jpg 768w, https:\/\/revistaenfoquepolitico.com\/wp-content\/uploads\/2025\/12\/JM-CUATRIMOTOS-5.jpg 853w\" sizes=\"auto, (max-width: 200px) 100vw, 200px\" \/><\/div>\n<div id=\"x_ms-outlook-mobile-body-separator-line\" dir=\"auto\" data-applydefaultfontstyles=\"true\">\n<div dir=\"auto\" style=\"text-align: justify;\"><\/div>\n<\/div>\n","protected":false},"excerpt":{"rendered":"<p>Boca del R\u00edo, Ver., 01 de diciembre de 2025 *Con la finalidad de garantizar la seguridad de boque\u00f1os y turistas ante cualquier situaci\u00f3n de riesgo* Para garantizar la seguridad de los boque\u00f1os y de los visitantes que llegan desde distintas regiones de M\u00e9xico, se contin\u00faa con la modernizaci\u00f3n de la Direcci\u00f3n de Protecci\u00f3n Civil Municipal, [&hellip;]<\/p>\n","protected":false},"author":1,"featured_media":4365,"comment_status":"closed","ping_status":"closed","sticky":false,"template":"","format":"standard","meta":{"_jetpack_memberships_contains_paid_content":false,"footnotes":"","jetpack_publicize_message":"","jetpack_publicize_feature_enabled":true,"jetpack_social_post_already_shared":false,"jetpack_social_options":{"image_generator_settings":{"template":"highway","default_image_id":0,"font":"","enabled":false},"version":2}},"categories":[4],"tags":[40],"class_list":["post-4364","post","type-post","status-publish","format-standard","has-post-thumbnail","hentry","category-noticia-politica","tag-jm-alcalde-2025"],"jetpack_publicize_connections":[],"jetpack_featured_media_url":"https:\/\/revistaenfoquepolitico.com\/wp-content\/uploads\/2025\/12\/JM-CUATRIMOTOS-1.jpg","jetpack_sharing_enabled":true,"_links":{"self":[{"href":"https:\/\/revistaenfoquepolitico.com\/index.php\/wp-json\/wp\/v2\/posts\/4364","targetHints":{"allow":["GET"]}}],"collection":[{"href":"https:\/\/revistaenfoquepolitico.com\/index.php\/wp-json\/wp\/v2\/posts"}],"about":[{"href":"https:\/\/revistaenfoquepolitico.com\/index.php\/wp-json\/wp\/v2\/types\/post"}],"author":[{"embeddable":true,"href":"https:\/\/revistaenfoquepolitico.com\/index.php\/wp-json\/wp\/v2\/users\/1"}],"replies":[{"embeddable":true,"href":"https:\/\/revistaenfoquepolitico.com\/index.php\/wp-json\/wp\/v2\/comments?post=4364"}],"version-history":[{"count":1,"href":"https:\/\/revistaenfoquepolitico.com\/index.php\/wp-json\/wp\/v2\/posts\/4364\/revisions"}],"predecessor-version":[{"id":4370,"href":"https:\/\/revistaenfoquepolitico.com\/index.php\/wp-json\/wp\/v2\/posts\/4364\/revisions\/4370"}],"wp:featuredmedia":[{"embeddable":true,"href":"https:\/\/revistaenfoquepolitico.com\/index.php\/wp-json\/wp\/v2\/media\/4365"}],"wp:attachment":[{"href":"https:\/\/revistaenfoquepolitico.com\/index.php\/wp-json\/wp\/v2\/media?parent=4364"}],"wp:term":[{"taxonomy":"category","embeddable":true,"href":"https:\/\/revistaenfoquepolitico.com\/index.php\/wp-json\/wp\/v2\/categories?post=4364"},{"taxonomy":"post_tag","embeddable":true,"href":"https:\/\/revistaenfoquepolitico.com\/index.php\/wp-json\/wp\/v2\/tags?post=4364"}],"curies":[{"name":"wp","href":"https:\/\/api.w.org\/{rel}","templated":true}]}}