{"id":4372,"date":"2025-12-03T00:54:58","date_gmt":"2025-12-03T00:54:58","guid":{"rendered":"https:\/\/revistaenfoquepolitico.com\/?p=4372"},"modified":"2025-12-03T00:54:58","modified_gmt":"2025-12-03T00:54:58","slug":"proximo-viernes-se-definira-a-la-reina-infantil-y-al-rey-de-la-alegria-del-carnaval-de-veracruz-2026","status":"publish","type":"post","link":"https:\/\/revistaenfoquepolitico.com\/index.php\/2025\/12\/03\/proximo-viernes-se-definira-a-la-reina-infantil-y-al-rey-de-la-alegria-del-carnaval-de-veracruz-2026\/","title":{"rendered":"PR\u00d3XIMO VIERNES SE DEFINIR\u00c1 A LA REINA INFANTIL Y AL REY DE LA ALEGR\u00cdA DEL CARNAVAL DE VERACRUZ 2026"},"content":{"rendered":"<div dir=\"auto\"><strong>*El c\u00f3mputo final se realizar\u00e1 el 5 de diciembre a las 12:00 horas afuera de las oficinas del Comit\u00e9 de Carnaval y se invita a toda la ciudadan\u00eda a presenciar el conteo de votos*<\/strong><\/div>\n<div dir=\"auto\"><\/div>\n<div dir=\"auto\">Veracruz, Ver., 01 de diciembre de 2025<\/div>\n<div dir=\"auto\"><\/div>\n<div dir=\"auto\" style=\"text-align: justify;\">El Comit\u00e9 del Carnaval de Veracruz 2026 realizar\u00e1 este viernes 5 de diciembre, a las 12 del d\u00eda, el c\u00f3mputo final para elegir a la Reina infantil y al Rey de la fiesta de todos, que celebrar\u00e1 su edici\u00f3n 102, del 10 al 18 de febrero.<\/div>\n<div dir=\"auto\" style=\"text-align: justify;\"><\/div>\n<div dir=\"auto\" style=\"text-align: justify;\"><img loading=\"lazy\" decoding=\"async\" class=\"alignleft size-medium wp-image-3888\" src=\"https:\/\/revistaenfoquepolitico.com\/wp-content\/uploads\/2025\/10\/LOGO-CARNAVAL-2026-300x106.jpg\" alt=\"\" width=\"300\" height=\"106\" srcset=\"https:\/\/revistaenfoquepolitico.com\/wp-content\/uploads\/2025\/10\/LOGO-CARNAVAL-2026-300x106.jpg 300w, https:\/\/revistaenfoquepolitico.com\/wp-content\/uploads\/2025\/10\/LOGO-CARNAVAL-2026-768x271.jpg 768w, https:\/\/revistaenfoquepolitico.com\/wp-content\/uploads\/2025\/10\/LOGO-CARNAVAL-2026.jpg 931w\" sizes=\"auto, (max-width: 300px) 100vw, 300px\" \/>El regidor octavo del Ayuntamiento de Veracruz, con la comisi\u00f3n de Turismo y Carnaval, Daniel Mart\u00edn Lois, invit\u00f3 a la ciudadan\u00eda a acompa\u00f1ar este evento y disfrutar del ambiente festivo, con batucadas, alegr\u00eda y la energ\u00eda que caracteriza a la tradici\u00f3n carnestolendas.<\/div>\n<div dir=\"auto\" style=\"text-align: justify;\"><\/div>\n<div dir=\"auto\" style=\"text-align: justify;\">En la categor\u00eda de Reina Infantil participan Maryelli Sabela Torres Delgado, con el distintivo color rosa, y Regina Torrecilla Delgado, con el distintivo color rojo; el conteo de votos se realizar\u00e1 a las 12:00 horas afuera de la oficina del Comit\u00e9 del Carnaval, donde la ciudadan\u00eda podr\u00e1 presenciar de cerca la apertura de urnas y conocer oficialmente a la ganadora.<\/div>\n<div dir=\"auto\" style=\"text-align: justify;\"><\/div>\n<div dir=\"auto\" style=\"text-align: justify;\">Para el t\u00edtulo de Rey de la Alegr\u00eda compiten Jos\u00e9 Mario S\u00e1nchez Ucha, con el distintivo blanco; Bernardino \u201cNayo\u201d Jim\u00e9nez Revuelta, con el color dorado; y Jorge Jair \u201cChiliwily\u201d Torres Espejo, identificado con el color amarillo.<\/div>\n<div dir=\"auto\" style=\"text-align: justify;\"><\/div>\n<div dir=\"auto\" style=\"text-align: justify;\">Con el c\u00f3mputo de votos se dar\u00e1 a conocer oficialmente qui\u00e9nes portar\u00e1n la corona y formar\u00e1n parte de la Corte Real 2026, que acompa\u00f1ar\u00e1 a la Reina electa, Fernanda Pumar G\u00f3mez, y al Rey Infantil Electo, Gael Santiago Segura Rangel.<\/div>\n<div dir=\"auto\" style=\"text-align: justify;\"><\/div>\n<div dir=\"auto\" style=\"text-align: justify;\">Cada vez falta menos para vivir el Carnaval de Veracruz 2026, la fiesta m\u00e1s alegre del mundo, donde se desbordar\u00e1n la alegr\u00eda, la m\u00fasica y la identidad jarocha.<\/div>\n<div id=\"x_ms-outlook-mobile-body-separator-line\" dir=\"auto\" data-applydefaultfontstyles=\"true\">\n<div dir=\"auto\" style=\"text-align: justify;\"><\/div>\n<\/div>\n","protected":false},"excerpt":{"rendered":"<p>*El c\u00f3mputo final se realizar\u00e1 el 5 de diciembre a las 12:00 horas afuera de las oficinas del Comit\u00e9 de Carnaval y se invita a toda la ciudadan\u00eda a presenciar el conteo de votos* Veracruz, Ver., 01 de diciembre de 2025 El Comit\u00e9 del Carnaval de Veracruz 2026 realizar\u00e1 este viernes 5 de diciembre, a [&hellip;]<\/p>\n","protected":false},"author":1,"featured_media":4373,"comment_status":"closed","ping_status":"closed","sticky":false,"template":"","format":"standard","meta":{"_jetpack_memberships_contains_paid_content":false,"footnotes":"","jetpack_publicize_message":"","jetpack_publicize_feature_enabled":true,"jetpack_social_post_already_shared":false,"jetpack_social_options":{"image_generator_settings":{"template":"highway","default_image_id":0,"font":"","enabled":false},"version":2}},"categories":[4],"tags":[60],"class_list":["post-4372","post","type-post","status-publish","format-standard","has-post-thumbnail","hentry","category-noticia-politica","tag-carnaval-2026"],"jetpack_publicize_connections":[],"jetpack_featured_media_url":"https:\/\/revistaenfoquepolitico.com\/wp-content\/uploads\/2025\/12\/CARNAVAL-COMP-FINAL.jpg","jetpack_sharing_enabled":true,"_links":{"self":[{"href":"https:\/\/revistaenfoquepolitico.com\/index.php\/wp-json\/wp\/v2\/posts\/4372","targetHints":{"allow":["GET"]}}],"collection":[{"href":"https:\/\/revistaenfoquepolitico.com\/index.php\/wp-json\/wp\/v2\/posts"}],"about":[{"href":"https:\/\/revistaenfoquepolitico.com\/index.php\/wp-json\/wp\/v2\/types\/post"}],"author":[{"embeddable":true,"href":"https:\/\/revistaenfoquepolitico.com\/index.php\/wp-json\/wp\/v2\/users\/1"}],"replies":[{"embeddable":true,"href":"https:\/\/revistaenfoquepolitico.com\/index.php\/wp-json\/wp\/v2\/comments?post=4372"}],"version-history":[{"count":1,"href":"https:\/\/revistaenfoquepolitico.com\/index.php\/wp-json\/wp\/v2\/posts\/4372\/revisions"}],"predecessor-version":[{"id":4374,"href":"https:\/\/revistaenfoquepolitico.com\/index.php\/wp-json\/wp\/v2\/posts\/4372\/revisions\/4374"}],"wp:featuredmedia":[{"embeddable":true,"href":"https:\/\/revistaenfoquepolitico.com\/index.php\/wp-json\/wp\/v2\/media\/4373"}],"wp:attachment":[{"href":"https:\/\/revistaenfoquepolitico.com\/index.php\/wp-json\/wp\/v2\/media?parent=4372"}],"wp:term":[{"taxonomy":"category","embeddable":true,"href":"https:\/\/revistaenfoquepolitico.com\/index.php\/wp-json\/wp\/v2\/categories?post=4372"},{"taxonomy":"post_tag","embeddable":true,"href":"https:\/\/revistaenfoquepolitico.com\/index.php\/wp-json\/wp\/v2\/tags?post=4372"}],"curies":[{"name":"wp","href":"https:\/\/api.w.org\/{rel}","templated":true}]}}