{"id":4558,"date":"2026-01-01T01:44:04","date_gmt":"2026-01-01T01:44:04","guid":{"rendered":"https:\/\/revistaenfoquepolitico.com\/?p=4558"},"modified":"2026-01-01T01:44:04","modified_gmt":"2026-01-01T01:44:04","slug":"rinde-protesta-rosa-maria-hernandez-espejo-como-presidenta-municipal-de-veracruz-2026-2029","status":"publish","type":"post","link":"https:\/\/revistaenfoquepolitico.com\/index.php\/2026\/01\/01\/rinde-protesta-rosa-maria-hernandez-espejo-como-presidenta-municipal-de-veracruz-2026-2029\/","title":{"rendered":"RINDE PROTESTA ROSA MAR\u00cdA HERN\u00c1NDEZ ESPEJO COMO PRESIDENTA MUNICIPAL DE VERACRUZ 2026-2029"},"content":{"rendered":"<div dir=\"auto\">Veracruz, Ver., 31 de diciembre de 2025<\/div>\n<div dir=\"auto\"><\/div>\n<div dir=\"auto\" style=\"text-align: justify;\"><strong>*Con la presencia de la gobernadora de Veracruz, Roc\u00edo Nahle Garc\u00eda, y ante m\u00e1s de 1300<\/strong><\/div>\n<div dir=\"auto\" style=\"text-align: justify;\"><strong>personas reunidas en el Teatro de la Reforma, deline\u00f3 los ejes del nuevo gobierno municipal, en un acto protocolario previo al inicio de funciones el 1 de enero de 2026*<\/strong><\/div>\n<div dir=\"auto\" style=\"text-align: justify;\" aria-hidden=\"true\"><\/div>\n<div dir=\"auto\" style=\"text-align: justify;\"><img loading=\"lazy\" decoding=\"async\" class=\"alignleft size-medium wp-image-4559\" src=\"https:\/\/revistaenfoquepolitico.com\/wp-content\/uploads\/2026\/01\/ROSA-RINDE-PROTESTA-1-300x200.jpg\" alt=\"\" width=\"300\" height=\"200\" srcset=\"https:\/\/revistaenfoquepolitico.com\/wp-content\/uploads\/2026\/01\/ROSA-RINDE-PROTESTA-1-300x200.jpg 300w, https:\/\/revistaenfoquepolitico.com\/wp-content\/uploads\/2026\/01\/ROSA-RINDE-PROTESTA-1-1024x682.jpg 1024w, https:\/\/revistaenfoquepolitico.com\/wp-content\/uploads\/2026\/01\/ROSA-RINDE-PROTESTA-1-768x512.jpg 768w, https:\/\/revistaenfoquepolitico.com\/wp-content\/uploads\/2026\/01\/ROSA-RINDE-PROTESTA-1-1536x1023.jpg 1536w, https:\/\/revistaenfoquepolitico.com\/wp-content\/uploads\/2026\/01\/ROSA-RINDE-PROTESTA-1-1170x780.jpg 1170w, https:\/\/revistaenfoquepolitico.com\/wp-content\/uploads\/2026\/01\/ROSA-RINDE-PROTESTA-1.jpg 1600w\" sizes=\"auto, (max-width: 300px) 100vw, 300px\" \/>En sesi\u00f3n solemne celebrada en el Teatro de la Reforma, y ante miles de personas, Rosa Mar\u00eda<\/div>\n<div dir=\"auto\" style=\"text-align: justify;\">Hern\u00e1ndez Espejo rindi\u00f3 protesta como presidenta municipal de Veracruz para el periodo 2026\u20132029, acompa\u00f1ada por la gobernadora de Veracruz, Roc\u00edo Nahle Garc\u00eda, en un acto protocolario previo al inicio de funciones de la nueva administraci\u00f3n municipal, el 1 de enero.<\/div>\n<div dir=\"auto\" style=\"text-align: justify;\" aria-hidden=\"true\"><\/div>\n<div dir=\"auto\" style=\"text-align: justify;\">Durante la ceremonia, Rosa Mar\u00eda tom\u00f3 protesta al Cabildo que la acompa\u00f1ar\u00e1 en esta gesti\u00f3n,<\/div>\n<div dir=\"auto\" style=\"text-align: justify;\">integrado por el s\u00edndico Alfonso Cruz Corona, as\u00ed como por las y los trece regidores, garantizando una representaci\u00f3n plural y comprometida con el inter\u00e9s de la ciudadan\u00eda.<\/div>\n<div dir=\"auto\" style=\"text-align: justify;\" aria-hidden=\"true\"><\/div>\n<div dir=\"auto\" style=\"text-align: justify;\"><img loading=\"lazy\" decoding=\"async\" class=\"alignright size-medium wp-image-4560\" src=\"https:\/\/revistaenfoquepolitico.com\/wp-content\/uploads\/2026\/01\/ROSA-RINDE-PROTESTA-2-300x200.jpg\" alt=\"\" width=\"300\" height=\"200\" srcset=\"https:\/\/revistaenfoquepolitico.com\/wp-content\/uploads\/2026\/01\/ROSA-RINDE-PROTESTA-2-300x200.jpg 300w, https:\/\/revistaenfoquepolitico.com\/wp-content\/uploads\/2026\/01\/ROSA-RINDE-PROTESTA-2-1024x682.jpg 1024w, https:\/\/revistaenfoquepolitico.com\/wp-content\/uploads\/2026\/01\/ROSA-RINDE-PROTESTA-2-768x511.jpg 768w, https:\/\/revistaenfoquepolitico.com\/wp-content\/uploads\/2026\/01\/ROSA-RINDE-PROTESTA-2-1170x779.jpg 1170w, https:\/\/revistaenfoquepolitico.com\/wp-content\/uploads\/2026\/01\/ROSA-RINDE-PROTESTA-2.jpg 1280w\" sizes=\"auto, (max-width: 300px) 100vw, 300px\" \/>En su mensaje, subray\u00f3 que el inicio de su gobierno representa una victoria colectiva del pueblo veracruzano. \u201c\u00c9ste no es un logro personal; es una victoria colectiva de un pueblo heroico y politizado que decidi\u00f3 tener un gobierno m\u00e1s justo, m\u00e1s igualitario y m\u00e1s humano\u201d, afirm\u00f3.<\/div>\n<div dir=\"auto\" style=\"text-align: justify;\" aria-hidden=\"true\"><\/div>\n<div dir=\"auto\" style=\"text-align: justify;\">Uno de los ejes centrales de su mensaje fue el rescate de los servicios p\u00fablicos, particularmente el acceso al agua. Hern\u00e1ndez Espejo se\u00f1al\u00f3 que los veracruzanos han padecido la privatizaci\u00f3n del servicio, por lo que solicit\u00f3 al Cabildo su respaldo para rescatar el Sistema de Distribuci\u00f3n de Agua del municipio. \u201cEl agua no es una mercanc\u00eda, es un derecho\u201d, dijo.<\/div>\n<div dir=\"auto\" style=\"text-align: justify;\" aria-hidden=\"true\"><\/div>\n<div dir=\"auto\" style=\"text-align: justify;\">Asimismo, confirm\u00f3 el rescate del servicio de alumbrado p\u00fablico concesionado por anteriores<\/div>\n<div dir=\"auto\" style=\"text-align: justify;\">administraciones, dejando en claro que su administraci\u00f3n actuar\u00e1 con legalidad y firmeza. \u201cNo<\/div>\n<div dir=\"auto\" style=\"text-align: justify;\">venimos a perseguir a nadie, pero tampoco a encubrir a nadie. La ciudad no puede ser reh\u00e9n de intereses particulares\u201d, sostuvo.<\/div>\n<div dir=\"auto\" style=\"text-align: justify;\" aria-hidden=\"true\"><\/div>\n<div dir=\"auto\" style=\"text-align: justify;\"><img loading=\"lazy\" decoding=\"async\" class=\"alignleft size-medium wp-image-4561\" src=\"https:\/\/revistaenfoquepolitico.com\/wp-content\/uploads\/2026\/01\/ROSA-RINDE-PROTESTA-3-300x225.jpg\" alt=\"\" width=\"300\" height=\"225\" srcset=\"https:\/\/revistaenfoquepolitico.com\/wp-content\/uploads\/2026\/01\/ROSA-RINDE-PROTESTA-3-300x225.jpg 300w, https:\/\/revistaenfoquepolitico.com\/wp-content\/uploads\/2026\/01\/ROSA-RINDE-PROTESTA-3-1024x768.jpg 1024w, https:\/\/revistaenfoquepolitico.com\/wp-content\/uploads\/2026\/01\/ROSA-RINDE-PROTESTA-3-768x576.jpg 768w, https:\/\/revistaenfoquepolitico.com\/wp-content\/uploads\/2026\/01\/ROSA-RINDE-PROTESTA-3-1536x1152.jpg 1536w, https:\/\/revistaenfoquepolitico.com\/wp-content\/uploads\/2026\/01\/ROSA-RINDE-PROTESTA-3-1170x878.jpg 1170w, https:\/\/revistaenfoquepolitico.com\/wp-content\/uploads\/2026\/01\/ROSA-RINDE-PROTESTA-3.jpg 1600w\" sizes=\"auto, (max-width: 300px) 100vw, 300px\" \/>Al referirse al ejercicio del poder p\u00fablico, la presidenta municipal afirm\u00f3 que \u201cla honestidad no se negocia: es el alma de este gobierno\u201d, y reiter\u00f3 que su gesti\u00f3n se conducir\u00e1 con transparencia y responsabilidad.<\/div>\n<div dir=\"auto\" style=\"text-align: justify;\" aria-hidden=\"true\"><\/div>\n<div dir=\"auto\" style=\"text-align: justify;\">En el \u00e1mbito social, la alcaldesa refrend\u00f3 su compromiso con la igualdad sustantiva y el apoyo a las familias veracruzanas, anunciando la implementaci\u00f3n de un Sistema Municipal de Apoyo<\/div>\n<div dir=\"auto\" style=\"text-align: justify;\">Alimentario para Familias Vulnerables.<\/div>\n<div dir=\"auto\" style=\"text-align: justify;\" aria-hidden=\"true\"><\/div>\n<div dir=\"auto\" style=\"text-align: justify;\">Asimismo, inform\u00f3 que se impulsar\u00e1 una beca de transporte para estudiantes universitarios que vivan y estudien en el municipio, destacando que un gobierno justo tambi\u00e9n se mide por c\u00f3mo cuida a sus mujeres, ni\u00f1as, ni\u00f1os y j\u00f3venes.<\/div>\n<div dir=\"auto\"><\/div>\n<div dir=\"auto\"><img loading=\"lazy\" decoding=\"async\" class=\"alignright size-medium wp-image-4562\" src=\"https:\/\/revistaenfoquepolitico.com\/wp-content\/uploads\/2026\/01\/ROSA-RINDE-PROTESTA-4-300x200.jpg\" alt=\"\" width=\"300\" height=\"200\" srcset=\"https:\/\/revistaenfoquepolitico.com\/wp-content\/uploads\/2026\/01\/ROSA-RINDE-PROTESTA-4-300x200.jpg 300w, https:\/\/revistaenfoquepolitico.com\/wp-content\/uploads\/2026\/01\/ROSA-RINDE-PROTESTA-4-1024x682.jpg 1024w, https:\/\/revistaenfoquepolitico.com\/wp-content\/uploads\/2026\/01\/ROSA-RINDE-PROTESTA-4-768x512.jpg 768w, https:\/\/revistaenfoquepolitico.com\/wp-content\/uploads\/2026\/01\/ROSA-RINDE-PROTESTA-4-1536x1023.jpg 1536w, https:\/\/revistaenfoquepolitico.com\/wp-content\/uploads\/2026\/01\/ROSA-RINDE-PROTESTA-4-1170x780.jpg 1170w, https:\/\/revistaenfoquepolitico.com\/wp-content\/uploads\/2026\/01\/ROSA-RINDE-PROTESTA-4.jpg 1600w\" sizes=\"auto, (max-width: 300px) 100vw, 300px\" \/>Hern\u00e1ndez Espejo destac\u00f3 que su administraci\u00f3n tendr\u00e1 un enfoque de gobierno cercano y en<\/div>\n<div dir=\"auto\">territorio, mediante acciones como los lunes ciudadano y jueves en la colonia, as\u00ed como la creaci\u00f3n de las Oficinas Locales de Atenci\u00f3n Ciudadana, para acercar los servicios municipales a la poblaci\u00f3n. En ese mismo sentido, anunci\u00f3 la puesta en marcha del Proyecto Esperanza, que ofrecer\u00e1 servicios gratuitos de cuidado para adultos mayores y para ni\u00f1as y ni\u00f1os hijos de madres y padres trabajadores, adem\u00e1s de espacios de convivencia, cultura y salud emocional para fortalecer el tejido social.<\/div>\n<div dir=\"auto\" aria-hidden=\"true\"><\/div>\n<div dir=\"auto\" style=\"text-align: justify;\">Entre los compromisos adicionales del nuevo gobierno municipal se encuentran la modernizaci\u00f3n de la infraestructura urbana, brigadas de limpieza y rescate de espacios p\u00fablicos mediante el programa \u201cMi Bello Barrio\u201d, as\u00ed como jornadas dominicales de descacharrizaci\u00f3n para mejorar la imagen urbana y la salud p\u00fablica.<\/div>\n<div dir=\"auto\" style=\"text-align: justify;\" aria-hidden=\"true\"><\/div>\n<div dir=\"auto\" style=\"text-align: justify;\"><img loading=\"lazy\" decoding=\"async\" class=\"alignleft size-medium wp-image-4564\" src=\"https:\/\/revistaenfoquepolitico.com\/wp-content\/uploads\/2026\/01\/ROSA-RINDE-PROTESTA-6-300x200.jpg\" alt=\"\" width=\"300\" height=\"200\" srcset=\"https:\/\/revistaenfoquepolitico.com\/wp-content\/uploads\/2026\/01\/ROSA-RINDE-PROTESTA-6-300x200.jpg 300w, https:\/\/revistaenfoquepolitico.com\/wp-content\/uploads\/2026\/01\/ROSA-RINDE-PROTESTA-6-1024x682.jpg 1024w, https:\/\/revistaenfoquepolitico.com\/wp-content\/uploads\/2026\/01\/ROSA-RINDE-PROTESTA-6-768x512.jpg 768w, https:\/\/revistaenfoquepolitico.com\/wp-content\/uploads\/2026\/01\/ROSA-RINDE-PROTESTA-6-1536x1023.jpg 1536w, https:\/\/revistaenfoquepolitico.com\/wp-content\/uploads\/2026\/01\/ROSA-RINDE-PROTESTA-6-1170x780.jpg 1170w, https:\/\/revistaenfoquepolitico.com\/wp-content\/uploads\/2026\/01\/ROSA-RINDE-PROTESTA-6.jpg 1600w\" sizes=\"auto, (max-width: 300px) 100vw, 300px\" \/>En materia de desarrollo urbano, la presidenta municipal solicit\u00f3 p\u00fablicamente el apoyo de la<\/div>\n<div dir=\"auto\" style=\"text-align: justify;\">gobernadora Roc\u00edo Nahle Garc\u00eda para que, con respaldo del Gobierno Federal, se atienda la<\/div>\n<div dir=\"auto\" style=\"text-align: justify;\">problem\u00e1tica heredada de unidades habitacionales, colonias y predios irregulares sin servicios<\/div>\n<div dir=\"auto\" style=\"text-align: justify;\">p\u00fablicos, y se avance en su regularizaci\u00f3n.<\/div>\n<div dir=\"auto\" style=\"text-align: justify;\" aria-hidden=\"true\"><\/div>\n<div dir=\"auto\" style=\"text-align: justify;\">Finalmente, Rosa Mar\u00eda Hern\u00e1ndez Espejo reiter\u00f3 que su gobierno se conducir\u00e1 bajo los principios de austeridad, orden y transparencia, priorizando el uso responsable de los recursos p\u00fablicos y la eliminaci\u00f3n de privilegios para fortalecer los servicios municipales.<\/div>\n<div dir=\"auto\" style=\"text-align: justify;\" aria-hidden=\"true\"><\/div>\n<div dir=\"auto\" style=\"text-align: justify;\">Al recordar la historia y el orgullo de Veracruz como ciudad Cuatro Veces Heroica, convoc\u00f3 a la<\/div>\n<div dir=\"auto\" style=\"text-align: justify;\">unidad y a la participaci\u00f3n ciudadana para reconstruir juntos el municipio y consolidar la<\/div>\n<div dir=\"auto\" style=\"text-align: justify;\">transformaci\u00f3n desde lo local. \u201cViva la Cuarta Transformaci\u00f3n. Viva Veracruz. Viva M\u00e9xico\u201d,<\/div>\n<div dir=\"auto\" style=\"text-align: justify;\">concluy\u00f3.<\/div>\n<div id=\"x_ms-outlook-mobile-body-separator-line\" dir=\"auto\" data-applydefaultfontstyles=\"true\">\n<div dir=\"auto\" style=\"text-align: justify;\"><img loading=\"lazy\" decoding=\"async\" class=\"alignleft size-medium wp-image-4563\" src=\"https:\/\/revistaenfoquepolitico.com\/wp-content\/uploads\/2026\/01\/ROSA-RINDE-PROTESTA-5-300x200.jpg\" alt=\"\" width=\"300\" height=\"200\" srcset=\"https:\/\/revistaenfoquepolitico.com\/wp-content\/uploads\/2026\/01\/ROSA-RINDE-PROTESTA-5-300x200.jpg 300w, https:\/\/revistaenfoquepolitico.com\/wp-content\/uploads\/2026\/01\/ROSA-RINDE-PROTESTA-5-1024x683.jpg 1024w, https:\/\/revistaenfoquepolitico.com\/wp-content\/uploads\/2026\/01\/ROSA-RINDE-PROTESTA-5-768x512.jpg 768w, https:\/\/revistaenfoquepolitico.com\/wp-content\/uploads\/2026\/01\/ROSA-RINDE-PROTESTA-5-1170x781.jpg 1170w, https:\/\/revistaenfoquepolitico.com\/wp-content\/uploads\/2026\/01\/ROSA-RINDE-PROTESTA-5.jpg 1280w\" sizes=\"auto, (max-width: 300px) 100vw, 300px\" \/><\/div>\n<\/div>\n","protected":false},"excerpt":{"rendered":"<p>Veracruz, Ver., 31 de diciembre de 2025 *Con la presencia de la gobernadora de Veracruz, Roc\u00edo Nahle Garc\u00eda, y ante m\u00e1s de 1300 personas reunidas en el Teatro de la Reforma, deline\u00f3 los ejes del nuevo gobierno municipal, en un acto protocolario previo al inicio de funciones el 1 de enero de 2026* En sesi\u00f3n [&hellip;]<\/p>\n","protected":false},"author":1,"featured_media":4565,"comment_status":"closed","ping_status":"closed","sticky":false,"template":"","format":"standard","meta":{"_jetpack_memberships_contains_paid_content":false,"footnotes":"","jetpack_publicize_message":"","jetpack_publicize_feature_enabled":true,"jetpack_social_post_already_shared":false,"jetpack_social_options":{"image_generator_settings":{"template":"highway","default_image_id":0,"font":"","enabled":false},"version":2}},"categories":[4],"tags":[42],"class_list":["post-4558","post","type-post","status-publish","format-standard","has-post-thumbnail","hentry","category-noticia-politica","tag-rosa-maria-hdez-espejo"],"jetpack_publicize_connections":[],"jetpack_featured_media_url":"https:\/\/revistaenfoquepolitico.com\/wp-content\/uploads\/2026\/01\/ROSA-RINDE-PROTESTA-7.jpg","jetpack_sharing_enabled":true,"_links":{"self":[{"href":"https:\/\/revistaenfoquepolitico.com\/index.php\/wp-json\/wp\/v2\/posts\/4558","targetHints":{"allow":["GET"]}}],"collection":[{"href":"https:\/\/revistaenfoquepolitico.com\/index.php\/wp-json\/wp\/v2\/posts"}],"about":[{"href":"https:\/\/revistaenfoquepolitico.com\/index.php\/wp-json\/wp\/v2\/types\/post"}],"author":[{"embeddable":true,"href":"https:\/\/revistaenfoquepolitico.com\/index.php\/wp-json\/wp\/v2\/users\/1"}],"replies":[{"embeddable":true,"href":"https:\/\/revistaenfoquepolitico.com\/index.php\/wp-json\/wp\/v2\/comments?post=4558"}],"version-history":[{"count":1,"href":"https:\/\/revistaenfoquepolitico.com\/index.php\/wp-json\/wp\/v2\/posts\/4558\/revisions"}],"predecessor-version":[{"id":4566,"href":"https:\/\/revistaenfoquepolitico.com\/index.php\/wp-json\/wp\/v2\/posts\/4558\/revisions\/4566"}],"wp:featuredmedia":[{"embeddable":true,"href":"https:\/\/revistaenfoquepolitico.com\/index.php\/wp-json\/wp\/v2\/media\/4565"}],"wp:attachment":[{"href":"https:\/\/revistaenfoquepolitico.com\/index.php\/wp-json\/wp\/v2\/media?parent=4558"}],"wp:term":[{"taxonomy":"category","embeddable":true,"href":"https:\/\/revistaenfoquepolitico.com\/index.php\/wp-json\/wp\/v2\/categories?post=4558"},{"taxonomy":"post_tag","embeddable":true,"href":"https:\/\/revistaenfoquepolitico.com\/index.php\/wp-json\/wp\/v2\/tags?post=4558"}],"curies":[{"name":"wp","href":"https:\/\/api.w.org\/{rel}","templated":true}]}}