{"id":4591,"date":"2026-01-02T00:54:28","date_gmt":"2026-01-02T00:54:28","guid":{"rendered":"https:\/\/revistaenfoquepolitico.com\/?p=4591"},"modified":"2026-01-02T00:54:28","modified_gmt":"2026-01-02T00:54:28","slug":"samuel-acosta-da-el-banderazo-de-inicio-a-limpia-publica-en-medellin-de-bravo","status":"publish","type":"post","link":"https:\/\/revistaenfoquepolitico.com\/index.php\/2026\/01\/02\/samuel-acosta-da-el-banderazo-de-inicio-a-limpia-publica-en-medellin-de-bravo\/","title":{"rendered":"SAMUEL ACOSTA DA EL BANDERAZO DE INICIO A LIMPIA P\u00daBLICA EN MEDELL\u00cdN DE BRAVO"},"content":{"rendered":"<div dir=\"auto\">Medell\u00edn de Bravo, Veracruz, 01 de enero de 2026<\/div>\n<div dir=\"auto\"><\/div>\n<div dir=\"auto\" style=\"text-align: justify;\">Como una de las primeras acciones de la administraci\u00f3n municipal 2026\u20132029, el alcalde Samuel Acosta encabez\u00f3 la ma\u00f1ana de este jueves el banderazo de arranque a las labores del personal de Limpia P\u00fablica, marcando as\u00ed el inicio formal de los trabajos de recolecci\u00f3n de residuos en el municipio.<\/div>\n<div dir=\"auto\" style=\"text-align: justify;\"><\/div>\n<div dir=\"auto\" style=\"text-align: justify;\"><img loading=\"lazy\" decoding=\"async\" class=\"alignleft size-medium wp-image-4593\" src=\"https:\/\/revistaenfoquepolitico.com\/wp-content\/uploads\/2026\/01\/S-ACOSTA-BANDERAZO-2-300x222.jpg\" alt=\"\" width=\"300\" height=\"222\" srcset=\"https:\/\/revistaenfoquepolitico.com\/wp-content\/uploads\/2026\/01\/S-ACOSTA-BANDERAZO-2-300x222.jpg 300w, https:\/\/revistaenfoquepolitico.com\/wp-content\/uploads\/2026\/01\/S-ACOSTA-BANDERAZO-2-1024x757.jpg 1024w, https:\/\/revistaenfoquepolitico.com\/wp-content\/uploads\/2026\/01\/S-ACOSTA-BANDERAZO-2-768x568.jpg 768w, https:\/\/revistaenfoquepolitico.com\/wp-content\/uploads\/2026\/01\/S-ACOSTA-BANDERAZO-2.jpg 1170w\" sizes=\"auto, (max-width: 300px) 100vw, 300px\" \/>Desde temprana hora, en la cabecera municipal, se congregaron las cuadrillas de trabajadores que integran esta \u00e1rea estrat\u00e9gica para el bienestar y la salud p\u00fablica de la poblaci\u00f3n. La Direcci\u00f3n de Limpia P\u00fablica, ahora a cargo del C. Mario Alberto Peralta Le\u00f3n, inicia funciones con una plantilla de 50 trabajadores y un parque vehicular de 10 camiones completamente renovados, con el objetivo de ofrecer un servicio m\u00e1s eficiente y continuo.<\/div>\n<div dir=\"auto\" style=\"text-align: justify;\"><\/div>\n<div dir=\"auto\" style=\"text-align: justify;\">Las rutas de recolecci\u00f3n comenzaron a operar desde este mismo d\u00eda en todo el municipio, dando prioridad a las zonas con mayor densidad poblacional y generaci\u00f3n de residuos, entre ellas Lagos de Puente Moreno, Puente Moreno, Arboleda San Ram\u00f3n y la localidad de El Tejar, sin descuidar el resto de las comunidades.<\/div>\n<div dir=\"auto\" style=\"text-align: justify;\"><\/div>\n<div dir=\"auto\" style=\"text-align: justify;\"><img loading=\"lazy\" decoding=\"async\" class=\"alignright size-medium wp-image-4595\" src=\"https:\/\/revistaenfoquepolitico.com\/wp-content\/uploads\/2026\/01\/S-ACOSTA-BANDERAZO-4-300x225.jpg\" alt=\"\" width=\"300\" height=\"225\" srcset=\"https:\/\/revistaenfoquepolitico.com\/wp-content\/uploads\/2026\/01\/S-ACOSTA-BANDERAZO-4-300x225.jpg 300w, https:\/\/revistaenfoquepolitico.com\/wp-content\/uploads\/2026\/01\/S-ACOSTA-BANDERAZO-4-1024x768.jpg 1024w, https:\/\/revistaenfoquepolitico.com\/wp-content\/uploads\/2026\/01\/S-ACOSTA-BANDERAZO-4-768x576.jpg 768w, https:\/\/revistaenfoquepolitico.com\/wp-content\/uploads\/2026\/01\/S-ACOSTA-BANDERAZO-4-1170x878.jpg 1170w, https:\/\/revistaenfoquepolitico.com\/wp-content\/uploads\/2026\/01\/S-ACOSTA-BANDERAZO-4.jpg 1280w\" sizes=\"auto, (max-width: 300px) 100vw, 300px\" \/>De acuerdo con estimaciones de la propia direcci\u00f3n, el equipo de Limpia P\u00fablica recolecta de manera regular entre 120 y 130 toneladas de residuos diariamente; sin embargo, con motivo de las celebraciones de A\u00f1o Nuevo, se prev\u00e9 que esta cifra se incremente hasta en un 50 por ciento durante este d\u00eda y el siguiente.<\/div>\n<div dir=\"auto\" style=\"text-align: justify;\"><\/div>\n<div dir=\"auto\" style=\"text-align: justify;\">Durante su mensaje, el alcalde Samuel Acosta reconoci\u00f3 el compromiso, la entrega y la responsabilidad de las y los trabajadores de Limpia P\u00fablica, quienes dijo desempe\u00f1an una labor fundamental para mantener en condiciones \u00f3ptimas al municipio, incluso en fechas y circunstancias complejas. Asimismo, reiter\u00f3 que su administraci\u00f3n mantendr\u00e1 un respaldo permanente a este equipo, dot\u00e1ndolo de las herramientas necesarias para cumplir con su funci\u00f3n.<\/div>\n<div dir=\"auto\" style=\"text-align: justify;\"><\/div>\n<div dir=\"auto\" style=\"text-align: justify;\">Con estas acciones, el Ayuntamiento de Medell\u00edn de Bravo refrenda su compromiso de iniciar el nuevo periodo de gobierno con trabajo, orden y atenci\u00f3n directa a los servicios b\u00e1sicos que impactan de manera inmediata en la calidad de vida de la ciudadan\u00eda.<\/div>\n<div id=\"x_ms-outlook-mobile-body-separator-line\" dir=\"auto\" data-applydefaultfontstyles=\"true\">\n<div dir=\"auto\" style=\"text-align: justify;\"><img loading=\"lazy\" decoding=\"async\" class=\"alignleft size-medium wp-image-4592\" src=\"https:\/\/revistaenfoquepolitico.com\/wp-content\/uploads\/2026\/01\/S-ACOSTA-BANDERAZO-1-300x225.jpg\" alt=\"\" width=\"300\" height=\"225\" srcset=\"https:\/\/revistaenfoquepolitico.com\/wp-content\/uploads\/2026\/01\/S-ACOSTA-BANDERAZO-1-300x225.jpg 300w, https:\/\/revistaenfoquepolitico.com\/wp-content\/uploads\/2026\/01\/S-ACOSTA-BANDERAZO-1-1024x768.jpg 1024w, https:\/\/revistaenfoquepolitico.com\/wp-content\/uploads\/2026\/01\/S-ACOSTA-BANDERAZO-1-768x576.jpg 768w, https:\/\/revistaenfoquepolitico.com\/wp-content\/uploads\/2026\/01\/S-ACOSTA-BANDERAZO-1-1170x878.jpg 1170w, https:\/\/revistaenfoquepolitico.com\/wp-content\/uploads\/2026\/01\/S-ACOSTA-BANDERAZO-1.jpg 1280w\" sizes=\"auto, (max-width: 300px) 100vw, 300px\" \/><img loading=\"lazy\" decoding=\"async\" class=\"alignright size-medium wp-image-4597\" src=\"https:\/\/revistaenfoquepolitico.com\/wp-content\/uploads\/2026\/01\/S-ACOSTA-BANDERAZO-6-300x200.jpg\" alt=\"\" width=\"300\" height=\"200\" srcset=\"https:\/\/revistaenfoquepolitico.com\/wp-content\/uploads\/2026\/01\/S-ACOSTA-BANDERAZO-6-300x200.jpg 300w, https:\/\/revistaenfoquepolitico.com\/wp-content\/uploads\/2026\/01\/S-ACOSTA-BANDERAZO-6-1024x682.jpg 1024w, https:\/\/revistaenfoquepolitico.com\/wp-content\/uploads\/2026\/01\/S-ACOSTA-BANDERAZO-6-768x512.jpg 768w, https:\/\/revistaenfoquepolitico.com\/wp-content\/uploads\/2026\/01\/S-ACOSTA-BANDERAZO-6-1170x780.jpg 1170w, https:\/\/revistaenfoquepolitico.com\/wp-content\/uploads\/2026\/01\/S-ACOSTA-BANDERAZO-6.jpg 1280w\" sizes=\"auto, (max-width: 300px) 100vw, 300px\" \/><\/div>\n<\/div>\n<div dir=\"auto\"><\/div>\n<div dir=\"auto\"><\/div>\n<div dir=\"auto\"><\/div>\n<div dir=\"auto\"><\/div>\n<div dir=\"auto\"><\/div>\n<div dir=\"auto\"><\/div>\n<div dir=\"auto\"><\/div>\n<div dir=\"auto\"><\/div>\n<div dir=\"auto\"><\/div>\n<div dir=\"auto\"><\/div>\n<div dir=\"auto\"><\/div>\n<div dir=\"auto\"><img loading=\"lazy\" decoding=\"async\" class=\"alignleft size-medium wp-image-4596\" src=\"https:\/\/revistaenfoquepolitico.com\/wp-content\/uploads\/2026\/01\/S-ACOSTA-BANDERAZO-5-300x225.jpg\" alt=\"\" width=\"300\" height=\"225\" srcset=\"https:\/\/revistaenfoquepolitico.com\/wp-content\/uploads\/2026\/01\/S-ACOSTA-BANDERAZO-5-300x225.jpg 300w, https:\/\/revistaenfoquepolitico.com\/wp-content\/uploads\/2026\/01\/S-ACOSTA-BANDERAZO-5-1024x768.jpg 1024w, https:\/\/revistaenfoquepolitico.com\/wp-content\/uploads\/2026\/01\/S-ACOSTA-BANDERAZO-5-768x576.jpg 768w, https:\/\/revistaenfoquepolitico.com\/wp-content\/uploads\/2026\/01\/S-ACOSTA-BANDERAZO-5-1170x878.jpg 1170w, https:\/\/revistaenfoquepolitico.com\/wp-content\/uploads\/2026\/01\/S-ACOSTA-BANDERAZO-5.jpg 1280w\" sizes=\"auto, (max-width: 300px) 100vw, 300px\" \/><img loading=\"lazy\" decoding=\"async\" class=\"alignright size-medium wp-image-4594\" src=\"https:\/\/revistaenfoquepolitico.com\/wp-content\/uploads\/2026\/01\/S-ACOSTA-BANDERAZO-3-300x225.jpg\" alt=\"\" width=\"300\" height=\"225\" srcset=\"https:\/\/revistaenfoquepolitico.com\/wp-content\/uploads\/2026\/01\/S-ACOSTA-BANDERAZO-3-300x225.jpg 300w, https:\/\/revistaenfoquepolitico.com\/wp-content\/uploads\/2026\/01\/S-ACOSTA-BANDERAZO-3-1024x768.jpg 1024w, https:\/\/revistaenfoquepolitico.com\/wp-content\/uploads\/2026\/01\/S-ACOSTA-BANDERAZO-3-768x576.jpg 768w, https:\/\/revistaenfoquepolitico.com\/wp-content\/uploads\/2026\/01\/S-ACOSTA-BANDERAZO-3-1170x878.jpg 1170w, https:\/\/revistaenfoquepolitico.com\/wp-content\/uploads\/2026\/01\/S-ACOSTA-BANDERAZO-3.jpg 1280w\" sizes=\"auto, (max-width: 300px) 100vw, 300px\" \/><\/div>\n","protected":false},"excerpt":{"rendered":"<p>Medell\u00edn de Bravo, Veracruz, 01 de enero de 2026 Como una de las primeras acciones de la administraci\u00f3n municipal 2026\u20132029, el alcalde Samuel Acosta encabez\u00f3 la ma\u00f1ana de este jueves el banderazo de arranque a las labores del personal de Limpia P\u00fablica, marcando as\u00ed el inicio formal de los trabajos de recolecci\u00f3n de residuos en [&hellip;]<\/p>\n","protected":false},"author":1,"featured_media":4598,"comment_status":"closed","ping_status":"closed","sticky":false,"template":"","format":"standard","meta":{"_jetpack_memberships_contains_paid_content":false,"footnotes":"","jetpack_publicize_message":"","jetpack_publicize_feature_enabled":true,"jetpack_social_post_already_shared":false,"jetpack_social_options":{"image_generator_settings":{"template":"highway","default_image_id":0,"font":"","enabled":false},"version":2}},"categories":[4],"tags":[73],"class_list":["post-4591","post","type-post","status-publish","format-standard","has-post-thumbnail","hentry","category-noticia-politica","tag-samuel-acosta-alcalde-de-medellin"],"jetpack_publicize_connections":[],"jetpack_featured_media_url":"https:\/\/revistaenfoquepolitico.com\/wp-content\/uploads\/2026\/01\/S-ACOSTA-BANDERAZO-7.jpg","jetpack_sharing_enabled":true,"_links":{"self":[{"href":"https:\/\/revistaenfoquepolitico.com\/index.php\/wp-json\/wp\/v2\/posts\/4591","targetHints":{"allow":["GET"]}}],"collection":[{"href":"https:\/\/revistaenfoquepolitico.com\/index.php\/wp-json\/wp\/v2\/posts"}],"about":[{"href":"https:\/\/revistaenfoquepolitico.com\/index.php\/wp-json\/wp\/v2\/types\/post"}],"author":[{"embeddable":true,"href":"https:\/\/revistaenfoquepolitico.com\/index.php\/wp-json\/wp\/v2\/users\/1"}],"replies":[{"embeddable":true,"href":"https:\/\/revistaenfoquepolitico.com\/index.php\/wp-json\/wp\/v2\/comments?post=4591"}],"version-history":[{"count":1,"href":"https:\/\/revistaenfoquepolitico.com\/index.php\/wp-json\/wp\/v2\/posts\/4591\/revisions"}],"predecessor-version":[{"id":4599,"href":"https:\/\/revistaenfoquepolitico.com\/index.php\/wp-json\/wp\/v2\/posts\/4591\/revisions\/4599"}],"wp:featuredmedia":[{"embeddable":true,"href":"https:\/\/revistaenfoquepolitico.com\/index.php\/wp-json\/wp\/v2\/media\/4598"}],"wp:attachment":[{"href":"https:\/\/revistaenfoquepolitico.com\/index.php\/wp-json\/wp\/v2\/media?parent=4591"}],"wp:term":[{"taxonomy":"category","embeddable":true,"href":"https:\/\/revistaenfoquepolitico.com\/index.php\/wp-json\/wp\/v2\/categories?post=4591"},{"taxonomy":"post_tag","embeddable":true,"href":"https:\/\/revistaenfoquepolitico.com\/index.php\/wp-json\/wp\/v2\/tags?post=4591"}],"curies":[{"name":"wp","href":"https:\/\/api.w.org\/{rel}","templated":true}]}}