{"id":4699,"date":"2026-01-05T19:29:14","date_gmt":"2026-01-05T19:29:14","guid":{"rendered":"https:\/\/revistaenfoquepolitico.com\/?p=4699"},"modified":"2026-01-05T19:29:14","modified_gmt":"2026-01-05T19:29:14","slug":"asiste-alcalde-de-medellin-de-bravo-samuel-acosta-a-la-reunion-de-la-mesa-interinstitucional-para-la-construccion-de-la-paz","status":"publish","type":"post","link":"https:\/\/revistaenfoquepolitico.com\/index.php\/2026\/01\/05\/asiste-alcalde-de-medellin-de-bravo-samuel-acosta-a-la-reunion-de-la-mesa-interinstitucional-para-la-construccion-de-la-paz\/","title":{"rendered":"ASISTE ALCALDE DE MEDELL\u00cdN DE BRAVO, SAMUEL ACOSTA, A LA REUNI\u00d3N DE LA MESA INTERINSTITUCIONAL PARA LA CONSTRUCCI\u00d3N DE LA PAZ"},"content":{"rendered":"<div dir=\"auto\">Medell\u00edn de Bravo, Veracruz, 05 de enero de 2026<\/div>\n<div dir=\"auto\"><\/div>\n<div dir=\"auto\" style=\"text-align: justify;\">El alcalde de Medell\u00edn de Bravo, Samuel Acosta Mart\u00ednez, particip\u00f3 la ma\u00f1ana de este lunes en la reuni\u00f3n de la Mesa Interinstitucional para la Construcci\u00f3n de la Paz, en la que estuvieron presentes la alcaldesa de Veracruz, Rosa Mar\u00eda Hern\u00e1ndez Espejo; la alcaldesa de Boca del R\u00edo, Mar\u00eda Josefina Gamboa Torales; la presidenta municipal de Manlio Fabio Altamirano, Yuliana Neva Quirazco; as\u00ed como el alcalde de Jamapa, Reynaldo Fern\u00e1ndez Ortiz.<\/div>\n<div dir=\"auto\" style=\"text-align: justify;\"><\/div>\n<div dir=\"auto\" style=\"text-align: justify;\"><img loading=\"lazy\" decoding=\"async\" class=\"alignleft size-medium wp-image-4700\" src=\"https:\/\/revistaenfoquepolitico.com\/wp-content\/uploads\/2026\/01\/SAMUEL-ASISTE-MESA-1-300x225.jpg\" alt=\"\" width=\"300\" height=\"225\" srcset=\"https:\/\/revistaenfoquepolitico.com\/wp-content\/uploads\/2026\/01\/SAMUEL-ASISTE-MESA-1-300x225.jpg 300w, https:\/\/revistaenfoquepolitico.com\/wp-content\/uploads\/2026\/01\/SAMUEL-ASISTE-MESA-1-1024x768.jpg 1024w, https:\/\/revistaenfoquepolitico.com\/wp-content\/uploads\/2026\/01\/SAMUEL-ASISTE-MESA-1-768x576.jpg 768w, https:\/\/revistaenfoquepolitico.com\/wp-content\/uploads\/2026\/01\/SAMUEL-ASISTE-MESA-1-1170x878.jpg 1170w, https:\/\/revistaenfoquepolitico.com\/wp-content\/uploads\/2026\/01\/SAMUEL-ASISTE-MESA-1.jpg 1280w\" sizes=\"auto, (max-width: 300px) 100vw, 300px\" \/>Durante el encuentro, las y los asistentes refrendaron su disposici\u00f3n, al igual que la de sus respectivos gobiernos, para trabajar de manera coordinada en favor de la seguridad y el bienestar de la ciudadan\u00eda.<\/div>\n<div dir=\"auto\" style=\"text-align: justify;\"><\/div>\n<div dir=\"auto\" style=\"text-align: justify;\">El alcalde de Medell\u00edn de Bravo destac\u00f3 que la coordinaci\u00f3n entre las distintas instituciones que conforman esta mesa de trabajo es un eje fundamental para garantizar resultados efectivos, subrayando que todas las dependencias deben avanzar en un mismo sentido, siendo la coordinaci\u00f3n el punto clave para el \u00e9xito de las acciones emprendidas.<\/div>\n<div dir=\"auto\" style=\"text-align: justify;\"><\/div>\n<div dir=\"auto\" style=\"text-align: justify;\">Asimismo, resalt\u00f3 la importancia de mantener una comunicaci\u00f3n permanente y un trabajo conjunto entre las corporaciones y dependencias involucradas, con el objetivo de fortalecer una estrategia integral en beneficio de las y los ciudadanos.<\/div>\n<div dir=\"auto\" style=\"text-align: justify;\"><\/div>\n<div dir=\"auto\" style=\"text-align: justify;\"><img loading=\"lazy\" decoding=\"async\" class=\"alignright size-medium wp-image-4701\" src=\"https:\/\/revistaenfoquepolitico.com\/wp-content\/uploads\/2026\/01\/SAMUEL-ASISTE-MESA-2-300x200.jpg\" alt=\"\" width=\"300\" height=\"200\" srcset=\"https:\/\/revistaenfoquepolitico.com\/wp-content\/uploads\/2026\/01\/SAMUEL-ASISTE-MESA-2-300x200.jpg 300w, https:\/\/revistaenfoquepolitico.com\/wp-content\/uploads\/2026\/01\/SAMUEL-ASISTE-MESA-2-1024x681.jpg 1024w, https:\/\/revistaenfoquepolitico.com\/wp-content\/uploads\/2026\/01\/SAMUEL-ASISTE-MESA-2-768x511.jpg 768w, https:\/\/revistaenfoquepolitico.com\/wp-content\/uploads\/2026\/01\/SAMUEL-ASISTE-MESA-2-1536x1021.jpg 1536w, https:\/\/revistaenfoquepolitico.com\/wp-content\/uploads\/2026\/01\/SAMUEL-ASISTE-MESA-2-1170x778.jpg 1170w, https:\/\/revistaenfoquepolitico.com\/wp-content\/uploads\/2026\/01\/SAMUEL-ASISTE-MESA-2.jpg 1600w\" sizes=\"auto, (max-width: 300px) 100vw, 300px\" \/>Al finalizar la reuni\u00f3n, en entrevista, el presidente municipal inform\u00f3 que ya se cuenta con diversos planes para reforzar la seguridad en el municipio. Entre ellos, destac\u00f3 el incremento de c\u00e1maras de videovigilancia en puntos estrat\u00e9gicos de Medell\u00edn de Bravo, como una medida prioritaria para la prevenci\u00f3n del delito y la mejora en la capacidad de respuesta.<\/div>\n<div dir=\"auto\" style=\"text-align: justify;\"><\/div>\n<div dir=\"auto\" style=\"text-align: justify;\">Finalmente, se\u00f1al\u00f3 que conforme avance la implementaci\u00f3n de estas acciones y de acuerdo con la evaluaci\u00f3n de resultados, se ir\u00e1n incorporando m\u00e1s programas y estrategias, siempre enfocados en brindar mayor tranquilidad y bienestar a las familias medellinenses.<\/div>\n<div dir=\"auto\" style=\"text-align: justify;\"><\/div>\n<div dir=\"auto\" style=\"text-align: justify;\">El Gobierno Municipal reafirma con estas acciones su compromiso de trabajar de manera coordinada, responsable y permanente para fortalecer la seguridad y el desarrollo del municipio.<\/div>\n<div id=\"x_ms-outlook-mobile-body-separator-line\" dir=\"auto\" data-applydefaultfontstyles=\"true\">\n<div dir=\"auto\" style=\"text-align: justify;\"><img loading=\"lazy\" decoding=\"async\" class=\"alignleft size-medium wp-image-4702\" src=\"https:\/\/revistaenfoquepolitico.com\/wp-content\/uploads\/2026\/01\/SAMUEL-ASISTE-MESA-3-300x225.jpg\" alt=\"\" width=\"300\" height=\"225\" srcset=\"https:\/\/revistaenfoquepolitico.com\/wp-content\/uploads\/2026\/01\/SAMUEL-ASISTE-MESA-3-300x225.jpg 300w, https:\/\/revistaenfoquepolitico.com\/wp-content\/uploads\/2026\/01\/SAMUEL-ASISTE-MESA-3-1024x768.jpg 1024w, https:\/\/revistaenfoquepolitico.com\/wp-content\/uploads\/2026\/01\/SAMUEL-ASISTE-MESA-3-768x576.jpg 768w, https:\/\/revistaenfoquepolitico.com\/wp-content\/uploads\/2026\/01\/SAMUEL-ASISTE-MESA-3-1170x878.jpg 1170w, https:\/\/revistaenfoquepolitico.com\/wp-content\/uploads\/2026\/01\/SAMUEL-ASISTE-MESA-3.jpg 1280w\" sizes=\"auto, (max-width: 300px) 100vw, 300px\" \/><\/div>\n<\/div>\n","protected":false},"excerpt":{"rendered":"<p>Medell\u00edn de Bravo, Veracruz, 05 de enero de 2026 El alcalde de Medell\u00edn de Bravo, Samuel Acosta Mart\u00ednez, particip\u00f3 la ma\u00f1ana de este lunes en la reuni\u00f3n de la Mesa Interinstitucional para la Construcci\u00f3n de la Paz, en la que estuvieron presentes la alcaldesa de Veracruz, Rosa Mar\u00eda Hern\u00e1ndez Espejo; la alcaldesa de Boca del [&hellip;]<\/p>\n","protected":false},"author":1,"featured_media":4703,"comment_status":"closed","ping_status":"closed","sticky":false,"template":"","format":"standard","meta":{"_jetpack_memberships_contains_paid_content":false,"footnotes":"","jetpack_publicize_message":"","jetpack_publicize_feature_enabled":true,"jetpack_social_post_already_shared":false,"jetpack_social_options":{"image_generator_settings":{"template":"highway","default_image_id":0,"font":"","enabled":false},"version":2}},"categories":[4],"tags":[73],"class_list":["post-4699","post","type-post","status-publish","format-standard","has-post-thumbnail","hentry","category-noticia-politica","tag-samuel-acosta-alcalde-de-medellin"],"jetpack_publicize_connections":[],"jetpack_featured_media_url":"https:\/\/revistaenfoquepolitico.com\/wp-content\/uploads\/2026\/01\/SAMUEL-ASISTE-MESA-4.jpg","jetpack_sharing_enabled":true,"_links":{"self":[{"href":"https:\/\/revistaenfoquepolitico.com\/index.php\/wp-json\/wp\/v2\/posts\/4699","targetHints":{"allow":["GET"]}}],"collection":[{"href":"https:\/\/revistaenfoquepolitico.com\/index.php\/wp-json\/wp\/v2\/posts"}],"about":[{"href":"https:\/\/revistaenfoquepolitico.com\/index.php\/wp-json\/wp\/v2\/types\/post"}],"author":[{"embeddable":true,"href":"https:\/\/revistaenfoquepolitico.com\/index.php\/wp-json\/wp\/v2\/users\/1"}],"replies":[{"embeddable":true,"href":"https:\/\/revistaenfoquepolitico.com\/index.php\/wp-json\/wp\/v2\/comments?post=4699"}],"version-history":[{"count":1,"href":"https:\/\/revistaenfoquepolitico.com\/index.php\/wp-json\/wp\/v2\/posts\/4699\/revisions"}],"predecessor-version":[{"id":4704,"href":"https:\/\/revistaenfoquepolitico.com\/index.php\/wp-json\/wp\/v2\/posts\/4699\/revisions\/4704"}],"wp:featuredmedia":[{"embeddable":true,"href":"https:\/\/revistaenfoquepolitico.com\/index.php\/wp-json\/wp\/v2\/media\/4703"}],"wp:attachment":[{"href":"https:\/\/revistaenfoquepolitico.com\/index.php\/wp-json\/wp\/v2\/media?parent=4699"}],"wp:term":[{"taxonomy":"category","embeddable":true,"href":"https:\/\/revistaenfoquepolitico.com\/index.php\/wp-json\/wp\/v2\/categories?post=4699"},{"taxonomy":"post_tag","embeddable":true,"href":"https:\/\/revistaenfoquepolitico.com\/index.php\/wp-json\/wp\/v2\/tags?post=4699"}],"curies":[{"name":"wp","href":"https:\/\/api.w.org\/{rel}","templated":true}]}}