{"id":4737,"date":"2026-01-08T01:37:19","date_gmt":"2026-01-08T01:37:19","guid":{"rendered":"https:\/\/revistaenfoquepolitico.com\/?p=4737"},"modified":"2026-01-08T01:37:19","modified_gmt":"2026-01-08T01:37:19","slug":"alcalde-samuel-acosta-y-jessica-duran-presidenta-del-dif-municipal-despiden-a-los-reyes-magos","status":"publish","type":"post","link":"https:\/\/revistaenfoquepolitico.com\/index.php\/2026\/01\/08\/alcalde-samuel-acosta-y-jessica-duran-presidenta-del-dif-municipal-despiden-a-los-reyes-magos\/","title":{"rendered":"ALCALDE SAMUEL ACOSTA Y JESSICA DUR\u00c1N, PRESIDENTA DEL DIF MUNICIPAL, DESPIDEN A LOS REYES MAGOS"},"content":{"rendered":"<div dir=\"auto\">Medell\u00edn de Bravo, Veracruz, 07 de enero de 2026<\/div>\n<div dir=\"auto\"><\/div>\n<div dir=\"auto\" style=\"text-align: justify;\">En un ambiente lleno de alegr\u00eda, luces y sonrisas, el H. Ayuntamiento de Medell\u00edn de Bravo concluy\u00f3 las festividades de los Reyes Magos con un magno evento familiar, despidi\u00e9ndolos entre aplausos y entusiasmo, encabezado por el alcalde Samuel Acosta y la presidenta del DIF Municipal, Jessica Dur\u00e1n, en el fraccionamiento Puente Moreno.<\/div>\n<div dir=\"auto\" style=\"text-align: justify;\"><\/div>\n<div dir=\"auto\" style=\"text-align: justify;\"><img loading=\"lazy\" decoding=\"async\" class=\"alignleft size-medium wp-image-4739\" src=\"https:\/\/revistaenfoquepolitico.com\/wp-content\/uploads\/2026\/01\/SAMUEL-Y-DIF-DESP-A-LOS-REYES-2-300x200.jpg\" alt=\"\" width=\"300\" height=\"200\" srcset=\"https:\/\/revistaenfoquepolitico.com\/wp-content\/uploads\/2026\/01\/SAMUEL-Y-DIF-DESP-A-LOS-REYES-2-300x200.jpg 300w, https:\/\/revistaenfoquepolitico.com\/wp-content\/uploads\/2026\/01\/SAMUEL-Y-DIF-DESP-A-LOS-REYES-2-1024x682.jpg 1024w, https:\/\/revistaenfoquepolitico.com\/wp-content\/uploads\/2026\/01\/SAMUEL-Y-DIF-DESP-A-LOS-REYES-2-768x512.jpg 768w, https:\/\/revistaenfoquepolitico.com\/wp-content\/uploads\/2026\/01\/SAMUEL-Y-DIF-DESP-A-LOS-REYES-2-1536x1023.jpg 1536w, https:\/\/revistaenfoquepolitico.com\/wp-content\/uploads\/2026\/01\/SAMUEL-Y-DIF-DESP-A-LOS-REYES-2-1170x780.jpg 1170w, https:\/\/revistaenfoquepolitico.com\/wp-content\/uploads\/2026\/01\/SAMUEL-Y-DIF-DESP-A-LOS-REYES-2.jpg 1600w\" sizes=\"auto, (max-width: 300px) 100vw, 300px\" \/>Desde la tarde-noche del pasado martes, decenas de familias medellinenses se dieron cita para disfrutar de esta celebraci\u00f3n dedicada especialmente a las ni\u00f1as y los ni\u00f1os del municipio, quienes acompa\u00f1ados de sus familiares vivieron una noche llena de emoci\u00f3n, sorpresas y sana convivencia.<\/div>\n<div dir=\"auto\" style=\"text-align: justify;\"><\/div>\n<div dir=\"auto\" style=\"text-align: justify;\">A la llegada de los asistentes, el alcalde Samuel Acosta, junto con integrantes del cuerpo edilicio: la regidora primera, Ana Karen Rangel Mata; la regidora segunda, Mar\u00eda del Carmen Hern\u00e1ndez Aguilar; y la regidora tercera, Nubia Padr\u00f3n Lara, dieron la bienvenida a las y los asistentes, compartiendo momentos de cercan\u00eda y entregando juguetes a las ni\u00f1as y los ni\u00f1os, reafirmando el compromiso de un gobierno cercano a su gente.<\/div>\n<div dir=\"auto\" style=\"text-align: justify;\"><\/div>\n<div dir=\"auto\" style=\"text-align: justify;\"><img loading=\"lazy\" decoding=\"async\" class=\"alignright size-medium wp-image-4740\" src=\"https:\/\/revistaenfoquepolitico.com\/wp-content\/uploads\/2026\/01\/SAMUEL-Y-DIF-DESP-A-LOS-REYES-3-300x200.jpg\" alt=\"\" width=\"300\" height=\"200\" srcset=\"https:\/\/revistaenfoquepolitico.com\/wp-content\/uploads\/2026\/01\/SAMUEL-Y-DIF-DESP-A-LOS-REYES-3-300x200.jpg 300w, https:\/\/revistaenfoquepolitico.com\/wp-content\/uploads\/2026\/01\/SAMUEL-Y-DIF-DESP-A-LOS-REYES-3-1024x682.jpg 1024w, https:\/\/revistaenfoquepolitico.com\/wp-content\/uploads\/2026\/01\/SAMUEL-Y-DIF-DESP-A-LOS-REYES-3-768x512.jpg 768w, https:\/\/revistaenfoquepolitico.com\/wp-content\/uploads\/2026\/01\/SAMUEL-Y-DIF-DESP-A-LOS-REYES-3-1536x1023.jpg 1536w, https:\/\/revistaenfoquepolitico.com\/wp-content\/uploads\/2026\/01\/SAMUEL-Y-DIF-DESP-A-LOS-REYES-3-1170x780.jpg 1170w, https:\/\/revistaenfoquepolitico.com\/wp-content\/uploads\/2026\/01\/SAMUEL-Y-DIF-DESP-A-LOS-REYES-3.jpg 1600w\" sizes=\"auto, (max-width: 300px) 100vw, 300px\" \/>Como parte del programa art\u00edstico, grandes figuras de la lucha libre AAA, as\u00ed como un luchador especial de la reconocida WWE, se presentaron en el cuadril\u00e1tero, ofreciendo un espect\u00e1culo lleno de adrenalina y emoci\u00f3n que fue ovacionado por el p\u00fablico presente. Asimismo, las familias disfrutaron de un din\u00e1mico show a cargo de imitadoras de las populares Guerreras K-pop, que puso a vibrar a chicos y grandes.<\/div>\n<div dir=\"auto\" style=\"text-align: justify;\"><\/div>\n<div dir=\"auto\" style=\"text-align: justify;\">Durante su mensaje, el alcalde Samuel Acosta destac\u00f3 que estas acciones forman parte de una visi\u00f3n integral de gobierno enfocada en generar bienestar social, fortalecer el tejido familiar y brindar espacios de alegr\u00eda y desarrollo para la ni\u00f1ez medellinense.<\/div>\n<div dir=\"auto\" style=\"text-align: justify;\"><\/div>\n<div dir=\"auto\" style=\"text-align: justify;\">\u201cEn Medell\u00edn de Bravo estamos construyendo un gobierno que trabaja para que las familias vivan mejor, con m\u00e1s oportunidades, espacios dignos y actividades que fortalezcan la uni\u00f3n y la felicidad de nuestra gente. Cada acci\u00f3n que emprendemos tiene como objetivo mejorar la calidad de vida de las y los ciudadanos, con responsabilidad, transparencia y resultados que se sientan en cada colonia y comunidad\u201d, expres\u00f3 el mun\u00edcipe.<\/div>\n<div dir=\"auto\" style=\"text-align: justify;\"><\/div>\n<div dir=\"auto\" style=\"text-align: justify;\">Con este tipo de eventos, el Gobierno Municipal de Medell\u00edn de Bravo reafirma su compromiso de promover la convivencia familiar, el sano esparcimiento y el bienestar social, colocando siempre a la ni\u00f1ez y a las familias en el centro de las pol\u00edticas p\u00fablicas.<\/div>\n<div id=\"x_ms-outlook-mobile-body-separator-line\" dir=\"auto\" data-applydefaultfontstyles=\"true\">\n<div dir=\"auto\" style=\"text-align: justify;\"><img loading=\"lazy\" decoding=\"async\" class=\"alignleft size-medium wp-image-4741\" src=\"https:\/\/revistaenfoquepolitico.com\/wp-content\/uploads\/2026\/01\/SAMUEL-Y-DIF-DESP-A-LOS-REYES-4-300x200.jpg\" alt=\"\" width=\"300\" height=\"200\" srcset=\"https:\/\/revistaenfoquepolitico.com\/wp-content\/uploads\/2026\/01\/SAMUEL-Y-DIF-DESP-A-LOS-REYES-4-300x200.jpg 300w, https:\/\/revistaenfoquepolitico.com\/wp-content\/uploads\/2026\/01\/SAMUEL-Y-DIF-DESP-A-LOS-REYES-4-1024x682.jpg 1024w, https:\/\/revistaenfoquepolitico.com\/wp-content\/uploads\/2026\/01\/SAMUEL-Y-DIF-DESP-A-LOS-REYES-4-768x512.jpg 768w, https:\/\/revistaenfoquepolitico.com\/wp-content\/uploads\/2026\/01\/SAMUEL-Y-DIF-DESP-A-LOS-REYES-4-1536x1023.jpg 1536w, https:\/\/revistaenfoquepolitico.com\/wp-content\/uploads\/2026\/01\/SAMUEL-Y-DIF-DESP-A-LOS-REYES-4-1170x780.jpg 1170w, https:\/\/revistaenfoquepolitico.com\/wp-content\/uploads\/2026\/01\/SAMUEL-Y-DIF-DESP-A-LOS-REYES-4.jpg 1600w\" sizes=\"auto, (max-width: 300px) 100vw, 300px\" \/><img loading=\"lazy\" decoding=\"async\" class=\"alignright size-medium wp-image-4742\" src=\"https:\/\/revistaenfoquepolitico.com\/wp-content\/uploads\/2026\/01\/SAMUEL-Y-DIF-DESP-A-LOS-REYES-5-300x200.jpg\" alt=\"\" width=\"300\" height=\"200\" srcset=\"https:\/\/revistaenfoquepolitico.com\/wp-content\/uploads\/2026\/01\/SAMUEL-Y-DIF-DESP-A-LOS-REYES-5-300x200.jpg 300w, https:\/\/revistaenfoquepolitico.com\/wp-content\/uploads\/2026\/01\/SAMUEL-Y-DIF-DESP-A-LOS-REYES-5-1024x682.jpg 1024w, https:\/\/revistaenfoquepolitico.com\/wp-content\/uploads\/2026\/01\/SAMUEL-Y-DIF-DESP-A-LOS-REYES-5-768x512.jpg 768w, https:\/\/revistaenfoquepolitico.com\/wp-content\/uploads\/2026\/01\/SAMUEL-Y-DIF-DESP-A-LOS-REYES-5-1536x1023.jpg 1536w, https:\/\/revistaenfoquepolitico.com\/wp-content\/uploads\/2026\/01\/SAMUEL-Y-DIF-DESP-A-LOS-REYES-5-1170x780.jpg 1170w, https:\/\/revistaenfoquepolitico.com\/wp-content\/uploads\/2026\/01\/SAMUEL-Y-DIF-DESP-A-LOS-REYES-5.jpg 1600w\" sizes=\"auto, (max-width: 300px) 100vw, 300px\" \/><\/div>\n<\/div>\n","protected":false},"excerpt":{"rendered":"<p>Medell\u00edn de Bravo, Veracruz, 07 de enero de 2026 En un ambiente lleno de alegr\u00eda, luces y sonrisas, el H. Ayuntamiento de Medell\u00edn de Bravo concluy\u00f3 las festividades de los Reyes Magos con un magno evento familiar, despidi\u00e9ndolos entre aplausos y entusiasmo, encabezado por el alcalde Samuel Acosta y la presidenta del DIF Municipal, Jessica [&hellip;]<\/p>\n","protected":false},"author":1,"featured_media":4738,"comment_status":"closed","ping_status":"closed","sticky":false,"template":"","format":"standard","meta":{"_jetpack_memberships_contains_paid_content":false,"footnotes":"","jetpack_publicize_message":"","jetpack_publicize_feature_enabled":true,"jetpack_social_post_already_shared":false,"jetpack_social_options":{"image_generator_settings":{"template":"highway","default_image_id":0,"font":"","enabled":false},"version":2}},"categories":[4],"tags":[73],"class_list":["post-4737","post","type-post","status-publish","format-standard","has-post-thumbnail","hentry","category-noticia-politica","tag-samuel-acosta-alcalde-de-medellin"],"jetpack_publicize_connections":[],"jetpack_featured_media_url":"https:\/\/revistaenfoquepolitico.com\/wp-content\/uploads\/2026\/01\/SAMUEL-Y-DIF-DESP-A-LOS-REYES-1.jpg","jetpack_sharing_enabled":true,"_links":{"self":[{"href":"https:\/\/revistaenfoquepolitico.com\/index.php\/wp-json\/wp\/v2\/posts\/4737","targetHints":{"allow":["GET"]}}],"collection":[{"href":"https:\/\/revistaenfoquepolitico.com\/index.php\/wp-json\/wp\/v2\/posts"}],"about":[{"href":"https:\/\/revistaenfoquepolitico.com\/index.php\/wp-json\/wp\/v2\/types\/post"}],"author":[{"embeddable":true,"href":"https:\/\/revistaenfoquepolitico.com\/index.php\/wp-json\/wp\/v2\/users\/1"}],"replies":[{"embeddable":true,"href":"https:\/\/revistaenfoquepolitico.com\/index.php\/wp-json\/wp\/v2\/comments?post=4737"}],"version-history":[{"count":1,"href":"https:\/\/revistaenfoquepolitico.com\/index.php\/wp-json\/wp\/v2\/posts\/4737\/revisions"}],"predecessor-version":[{"id":4743,"href":"https:\/\/revistaenfoquepolitico.com\/index.php\/wp-json\/wp\/v2\/posts\/4737\/revisions\/4743"}],"wp:featuredmedia":[{"embeddable":true,"href":"https:\/\/revistaenfoquepolitico.com\/index.php\/wp-json\/wp\/v2\/media\/4738"}],"wp:attachment":[{"href":"https:\/\/revistaenfoquepolitico.com\/index.php\/wp-json\/wp\/v2\/media?parent=4737"}],"wp:term":[{"taxonomy":"category","embeddable":true,"href":"https:\/\/revistaenfoquepolitico.com\/index.php\/wp-json\/wp\/v2\/categories?post=4737"},{"taxonomy":"post_tag","embeddable":true,"href":"https:\/\/revistaenfoquepolitico.com\/index.php\/wp-json\/wp\/v2\/tags?post=4737"}],"curies":[{"name":"wp","href":"https:\/\/api.w.org\/{rel}","templated":true}]}}