{"id":4773,"date":"2026-01-08T20:08:09","date_gmt":"2026-01-08T20:08:09","guid":{"rendered":"https:\/\/revistaenfoquepolitico.com\/?p=4773"},"modified":"2026-01-08T20:08:09","modified_gmt":"2026-01-08T20:08:09","slug":"proteccion-animal-en-la-ciudad-de-veracruz-esfuerzo-compartido-entre-sociedad-y-gobierno","status":"publish","type":"post","link":"https:\/\/revistaenfoquepolitico.com\/index.php\/2026\/01\/08\/proteccion-animal-en-la-ciudad-de-veracruz-esfuerzo-compartido-entre-sociedad-y-gobierno\/","title":{"rendered":"PROTECCI\u00d3N ANIMAL EN LA CIUDAD DE VERACRUZ: ESFUERZO COMPARTIDO ENTRE SOCIEDAD Y GOBIERNO"},"content":{"rendered":"<p>Veracruz, Ver., 08 de enero de 2026<\/p>\n<p>Bolet\u00edn informativo<\/p>\n<p>Protecci\u00f3n animal en la ciudad de Veracruz: esfuerzo compartido entre sociedad y gobierno<\/p>\n<p><strong>* La alcaldesa de Veracruz, Rosa Mar\u00eda Hern\u00e1ndez Espejo, refrend\u00f3 el compromiso de una pol\u00edtica integral basada en ley, cultura ciudadana y colaboraci\u00f3n social*<\/strong><\/p>\n<p>Con el objetivo de coordinar acciones que mejoren la atenci\u00f3n y el bienestar de los animales, el Ayuntamiento de Veracruz sostuvo un primer acercamiento con asociaciones civiles y protectores independientes, estableciendo canales de colaboraci\u00f3n m\u00e1s directos y efectivos.<\/p>\n<p><img loading=\"lazy\" decoding=\"async\" class=\"alignleft size-medium wp-image-4775\" src=\"https:\/\/revistaenfoquepolitico.com\/wp-content\/uploads\/2026\/01\/P-ANIMAL-2-300x200.jpg\" alt=\"\" width=\"300\" height=\"200\" srcset=\"https:\/\/revistaenfoquepolitico.com\/wp-content\/uploads\/2026\/01\/P-ANIMAL-2-300x200.jpg 300w, https:\/\/revistaenfoquepolitico.com\/wp-content\/uploads\/2026\/01\/P-ANIMAL-2-1024x681.jpg 1024w, https:\/\/revistaenfoquepolitico.com\/wp-content\/uploads\/2026\/01\/P-ANIMAL-2-768x511.jpg 768w, https:\/\/revistaenfoquepolitico.com\/wp-content\/uploads\/2026\/01\/P-ANIMAL-2.jpg 1040w\" sizes=\"auto, (max-width: 300px) 100vw, 300px\" \/>La alcaldesa de Veracruz, Rosa Mar\u00eda Hern\u00e1ndez Espejo destac\u00f3 que la autoridad no puede actuar sola, por lo que exhort\u00f3 a trabajar de manera conjunta para garantizar resultados m\u00e1s efectivos y proteger a los animales, reforzando la responsabilidad de la sociedad y del gobierno.<\/p>\n<p>Enfatiz\u00f3 que la protecci\u00f3n de los animales ser\u00e1 una pol\u00edtica integral basada en ley, cultura ciudadana y colaboraci\u00f3n social: \u201cSon nuestros compa\u00f1eros de viaje en este planeta y merecen ser bien tratados y protegidos\u201d, dijo.<\/p>\n<p>Se\u00f1al\u00f3 que el municipio cuenta con el Centro de Salud Animal y dos espacios en Reino M\u00e1gico y Matamoros, los cuales ser\u00e1n revisados y mejorados para garantizar entornos adecuados y atenci\u00f3n de calidad a los animales que ah\u00ed se resguardan.<\/p>\n<p>Adem\u00e1s, anunci\u00f3 que se trabajar\u00e1 en la reforma del reglamento municipal, aline\u00e1ndolo con las leyes estatales y federales, para lograr mayores apoyos a los animales y sanciones m\u00e1s severas para quienes los maltraten.<\/p>\n<p><img loading=\"lazy\" decoding=\"async\" class=\"alignleft size-medium wp-image-4776\" src=\"https:\/\/revistaenfoquepolitico.com\/wp-content\/uploads\/2026\/01\/P-ANIMAL-3-300x200.jpg\" alt=\"\" width=\"300\" height=\"200\" srcset=\"https:\/\/revistaenfoquepolitico.com\/wp-content\/uploads\/2026\/01\/P-ANIMAL-3-300x200.jpg 300w, https:\/\/revistaenfoquepolitico.com\/wp-content\/uploads\/2026\/01\/P-ANIMAL-3-1024x681.jpg 1024w, https:\/\/revistaenfoquepolitico.com\/wp-content\/uploads\/2026\/01\/P-ANIMAL-3-768x511.jpg 768w, https:\/\/revistaenfoquepolitico.com\/wp-content\/uploads\/2026\/01\/P-ANIMAL-3.jpg 1040w\" sizes=\"auto, (max-width: 300px) 100vw, 300px\" \/><img loading=\"lazy\" decoding=\"async\" class=\"alignright size-medium wp-image-4777\" src=\"https:\/\/revistaenfoquepolitico.com\/wp-content\/uploads\/2026\/01\/P-ANIMAL-4-300x200.jpg\" alt=\"\" width=\"300\" height=\"200\" srcset=\"https:\/\/revistaenfoquepolitico.com\/wp-content\/uploads\/2026\/01\/P-ANIMAL-4-300x200.jpg 300w, https:\/\/revistaenfoquepolitico.com\/wp-content\/uploads\/2026\/01\/P-ANIMAL-4-1024x681.jpg 1024w, https:\/\/revistaenfoquepolitico.com\/wp-content\/uploads\/2026\/01\/P-ANIMAL-4-768x511.jpg 768w, https:\/\/revistaenfoquepolitico.com\/wp-content\/uploads\/2026\/01\/P-ANIMAL-4.jpg 1040w\" sizes=\"auto, (max-width: 300px) 100vw, 300px\" \/><\/p>\n","protected":false},"excerpt":{"rendered":"<p>Veracruz, Ver., 08 de enero de 2026 Bolet\u00edn informativo Protecci\u00f3n animal en la ciudad de Veracruz: esfuerzo compartido entre sociedad y gobierno * La alcaldesa de Veracruz, Rosa Mar\u00eda Hern\u00e1ndez Espejo, refrend\u00f3 el compromiso de una pol\u00edtica integral basada en ley, cultura ciudadana y colaboraci\u00f3n social* Con el objetivo de coordinar acciones que mejoren la [&hellip;]<\/p>\n","protected":false},"author":1,"featured_media":4774,"comment_status":"closed","ping_status":"closed","sticky":false,"template":"","format":"standard","meta":{"_jetpack_memberships_contains_paid_content":false,"footnotes":"","jetpack_publicize_message":"","jetpack_publicize_feature_enabled":true,"jetpack_social_post_already_shared":false,"jetpack_social_options":{"image_generator_settings":{"template":"highway","default_image_id":0,"font":"","enabled":false},"version":2}},"categories":[4],"tags":[72],"class_list":["post-4773","post","type-post","status-publish","format-standard","has-post-thumbnail","hentry","category-noticia-politica","tag-rosa-maria-presidenta-de-veracruz"],"jetpack_publicize_connections":[],"jetpack_featured_media_url":"https:\/\/revistaenfoquepolitico.com\/wp-content\/uploads\/2026\/01\/P-ANIMAL-1.jpg","jetpack_sharing_enabled":true,"_links":{"self":[{"href":"https:\/\/revistaenfoquepolitico.com\/index.php\/wp-json\/wp\/v2\/posts\/4773","targetHints":{"allow":["GET"]}}],"collection":[{"href":"https:\/\/revistaenfoquepolitico.com\/index.php\/wp-json\/wp\/v2\/posts"}],"about":[{"href":"https:\/\/revistaenfoquepolitico.com\/index.php\/wp-json\/wp\/v2\/types\/post"}],"author":[{"embeddable":true,"href":"https:\/\/revistaenfoquepolitico.com\/index.php\/wp-json\/wp\/v2\/users\/1"}],"replies":[{"embeddable":true,"href":"https:\/\/revistaenfoquepolitico.com\/index.php\/wp-json\/wp\/v2\/comments?post=4773"}],"version-history":[{"count":1,"href":"https:\/\/revistaenfoquepolitico.com\/index.php\/wp-json\/wp\/v2\/posts\/4773\/revisions"}],"predecessor-version":[{"id":4778,"href":"https:\/\/revistaenfoquepolitico.com\/index.php\/wp-json\/wp\/v2\/posts\/4773\/revisions\/4778"}],"wp:featuredmedia":[{"embeddable":true,"href":"https:\/\/revistaenfoquepolitico.com\/index.php\/wp-json\/wp\/v2\/media\/4774"}],"wp:attachment":[{"href":"https:\/\/revistaenfoquepolitico.com\/index.php\/wp-json\/wp\/v2\/media?parent=4773"}],"wp:term":[{"taxonomy":"category","embeddable":true,"href":"https:\/\/revistaenfoquepolitico.com\/index.php\/wp-json\/wp\/v2\/categories?post=4773"},{"taxonomy":"post_tag","embeddable":true,"href":"https:\/\/revistaenfoquepolitico.com\/index.php\/wp-json\/wp\/v2\/tags?post=4773"}],"curies":[{"name":"wp","href":"https:\/\/api.w.org\/{rel}","templated":true}]}}