{"id":4780,"date":"2026-01-08T22:18:38","date_gmt":"2026-01-08T22:18:38","guid":{"rendered":"https:\/\/revistaenfoquepolitico.com\/?p=4780"},"modified":"2026-01-08T22:18:38","modified_gmt":"2026-01-08T22:18:38","slug":"arranca-programa-municipal-de-apoyo-al-campo-en-medellin-de-bravo","status":"publish","type":"post","link":"https:\/\/revistaenfoquepolitico.com\/index.php\/2026\/01\/08\/arranca-programa-municipal-de-apoyo-al-campo-en-medellin-de-bravo\/","title":{"rendered":"ARRANCA PROGRAMA MUNICIPAL DE APOYO AL CAMPO EN MEDELL\u00cdN DE BRAVO"},"content":{"rendered":"<div dir=\"auto\">Medell\u00edn de Bravo, Veracruz., 08 de enero de 2026<\/div>\n<div dir=\"auto\"><\/div>\n<div dir=\"auto\" style=\"text-align: justify;\">Por indicaciones del alcalde Samuel Acosta, el H. Ayuntamiento puso en marcha el Programa Municipal de Apoyo al Campo, mediante la disposici\u00f3n de tractores agr\u00edcolas, con el objetivo de fortalecer las labores del sector rural y brindar apoyo directo a las y los productores del municipio.<\/div>\n<div dir=\"auto\" style=\"text-align: justify;\"><\/div>\n<div dir=\"auto\" style=\"text-align: justify;\"><img loading=\"lazy\" decoding=\"async\" class=\"alignleft size-medium wp-image-4781\" src=\"https:\/\/revistaenfoquepolitico.com\/wp-content\/uploads\/2026\/01\/APOYO-AL-CAMPO-1-300x200.jpg\" alt=\"\" width=\"300\" height=\"200\" srcset=\"https:\/\/revistaenfoquepolitico.com\/wp-content\/uploads\/2026\/01\/APOYO-AL-CAMPO-1-300x200.jpg 300w, https:\/\/revistaenfoquepolitico.com\/wp-content\/uploads\/2026\/01\/APOYO-AL-CAMPO-1-1024x682.jpg 1024w, https:\/\/revistaenfoquepolitico.com\/wp-content\/uploads\/2026\/01\/APOYO-AL-CAMPO-1-768x512.jpg 768w, https:\/\/revistaenfoquepolitico.com\/wp-content\/uploads\/2026\/01\/APOYO-AL-CAMPO-1-1536x1023.jpg 1536w, https:\/\/revistaenfoquepolitico.com\/wp-content\/uploads\/2026\/01\/APOYO-AL-CAMPO-1-1170x780.jpg 1170w, https:\/\/revistaenfoquepolitico.com\/wp-content\/uploads\/2026\/01\/APOYO-AL-CAMPO-1.jpg 1600w\" sizes=\"auto, (max-width: 300px) 100vw, 300px\" \/>Este programa busca mejorar las condiciones de trabajo en las comunidades rurales, incrementar la productividad agr\u00edcola y proporcionar herramientas que permitan a las y los productores optimizar sus procesos, contribuyendo al desarrollo econ\u00f3mico y social de Medell\u00edn de Bravo.<\/div>\n<div dir=\"auto\" style=\"text-align: justify;\"><\/div>\n<div dir=\"auto\" style=\"text-align: justify;\">La implementaci\u00f3n y coordinaci\u00f3n del programa est\u00e1 a cargo de la Direcci\u00f3n de Fomento Agropecuario, encabezada por el Ing. Arqu\u00edmedes Mendoza Naranjos, quien trabaja de manera cercana con el sector agropecuario para asegurar que estos apoyos lleguen de manera oportuna y eficiente a quienes m\u00e1s lo necesitan.<\/div>\n<div dir=\"auto\" style=\"text-align: justify;\"><\/div>\n<div dir=\"auto\" style=\"text-align: justify;\"><img loading=\"lazy\" decoding=\"async\" class=\"alignright size-medium wp-image-4782\" src=\"https:\/\/revistaenfoquepolitico.com\/wp-content\/uploads\/2026\/01\/APOYO-AL-CAMPO-2-300x200.jpg\" alt=\"\" width=\"300\" height=\"200\" srcset=\"https:\/\/revistaenfoquepolitico.com\/wp-content\/uploads\/2026\/01\/APOYO-AL-CAMPO-2-300x200.jpg 300w, https:\/\/revistaenfoquepolitico.com\/wp-content\/uploads\/2026\/01\/APOYO-AL-CAMPO-2-1024x682.jpg 1024w, https:\/\/revistaenfoquepolitico.com\/wp-content\/uploads\/2026\/01\/APOYO-AL-CAMPO-2-768x512.jpg 768w, https:\/\/revistaenfoquepolitico.com\/wp-content\/uploads\/2026\/01\/APOYO-AL-CAMPO-2-1536x1023.jpg 1536w, https:\/\/revistaenfoquepolitico.com\/wp-content\/uploads\/2026\/01\/APOYO-AL-CAMPO-2-1170x780.jpg 1170w, https:\/\/revistaenfoquepolitico.com\/wp-content\/uploads\/2026\/01\/APOYO-AL-CAMPO-2.jpg 1600w\" sizes=\"auto, (max-width: 300px) 100vw, 300px\" \/>Con acciones concretas, el Gobierno Municipal reafirma su compromiso de impulsar el desarrollo del campo, reconociendo el esfuerzo diario de las y los productores, pilares fundamentales para el crecimiento y bienestar del municipio.<\/div>\n<div dir=\"auto\" style=\"text-align: justify;\"><\/div>\n<div dir=\"auto\" style=\"text-align: justify;\">El H. Ayuntamiento de Medell\u00edn de Bravo continuar\u00e1 promoviendo programas que fortalezcan al sector rural y contribuyan a mejorar la calidad de vida de las comunidades.<\/div>\n<div dir=\"auto\" style=\"text-align: justify;\"><\/div>\n<div dir=\"auto\" style=\"text-align: justify;\">\u00a1Por la Grandeza de Medell\u00edn! \ud83c\udf31<\/div>\n<div id=\"x_ms-outlook-mobile-body-separator-line\" dir=\"auto\" data-applydefaultfontstyles=\"true\">\n<div dir=\"auto\" style=\"text-align: justify;\"><img loading=\"lazy\" decoding=\"async\" class=\"alignleft size-medium wp-image-4783\" src=\"https:\/\/revistaenfoquepolitico.com\/wp-content\/uploads\/2026\/01\/APOYO-AL-CAMPO-3-300x200.jpg\" alt=\"\" width=\"300\" height=\"200\" srcset=\"https:\/\/revistaenfoquepolitico.com\/wp-content\/uploads\/2026\/01\/APOYO-AL-CAMPO-3-300x200.jpg 300w, https:\/\/revistaenfoquepolitico.com\/wp-content\/uploads\/2026\/01\/APOYO-AL-CAMPO-3-1024x682.jpg 1024w, https:\/\/revistaenfoquepolitico.com\/wp-content\/uploads\/2026\/01\/APOYO-AL-CAMPO-3-768x512.jpg 768w, https:\/\/revistaenfoquepolitico.com\/wp-content\/uploads\/2026\/01\/APOYO-AL-CAMPO-3-1536x1023.jpg 1536w, https:\/\/revistaenfoquepolitico.com\/wp-content\/uploads\/2026\/01\/APOYO-AL-CAMPO-3-1170x780.jpg 1170w, https:\/\/revistaenfoquepolitico.com\/wp-content\/uploads\/2026\/01\/APOYO-AL-CAMPO-3.jpg 1600w\" sizes=\"auto, (max-width: 300px) 100vw, 300px\" \/><img loading=\"lazy\" decoding=\"async\" class=\"alignright size-medium wp-image-4786\" src=\"https:\/\/revistaenfoquepolitico.com\/wp-content\/uploads\/2026\/01\/APOYO-AL-CAMPO-6-300x200.jpg\" alt=\"\" width=\"300\" height=\"200\" srcset=\"https:\/\/revistaenfoquepolitico.com\/wp-content\/uploads\/2026\/01\/APOYO-AL-CAMPO-6-300x200.jpg 300w, https:\/\/revistaenfoquepolitico.com\/wp-content\/uploads\/2026\/01\/APOYO-AL-CAMPO-6-1024x683.jpg 1024w, https:\/\/revistaenfoquepolitico.com\/wp-content\/uploads\/2026\/01\/APOYO-AL-CAMPO-6-768x512.jpg 768w, https:\/\/revistaenfoquepolitico.com\/wp-content\/uploads\/2026\/01\/APOYO-AL-CAMPO-6-1170x781.jpg 1170w, https:\/\/revistaenfoquepolitico.com\/wp-content\/uploads\/2026\/01\/APOYO-AL-CAMPO-6.jpg 1280w\" sizes=\"auto, (max-width: 300px) 100vw, 300px\" \/><\/div>\n<\/div>\n<div dir=\"auto\"><\/div>\n<div dir=\"auto\"><\/div>\n<div dir=\"auto\"><\/div>\n<div dir=\"auto\"><\/div>\n<div dir=\"auto\"><\/div>\n<div dir=\"auto\"><\/div>\n<div dir=\"auto\"><\/div>\n<div dir=\"auto\"><\/div>\n<div dir=\"auto\"><\/div>\n<div dir=\"auto\"><img loading=\"lazy\" decoding=\"async\" class=\"alignleft size-medium wp-image-4784\" src=\"https:\/\/revistaenfoquepolitico.com\/wp-content\/uploads\/2026\/01\/APOYO-AL-CAMPO-4-300x200.jpg\" alt=\"\" width=\"300\" height=\"200\" srcset=\"https:\/\/revistaenfoquepolitico.com\/wp-content\/uploads\/2026\/01\/APOYO-AL-CAMPO-4-300x200.jpg 300w, https:\/\/revistaenfoquepolitico.com\/wp-content\/uploads\/2026\/01\/APOYO-AL-CAMPO-4-1024x683.jpg 1024w, https:\/\/revistaenfoquepolitico.com\/wp-content\/uploads\/2026\/01\/APOYO-AL-CAMPO-4-768x512.jpg 768w, https:\/\/revistaenfoquepolitico.com\/wp-content\/uploads\/2026\/01\/APOYO-AL-CAMPO-4-1170x781.jpg 1170w, https:\/\/revistaenfoquepolitico.com\/wp-content\/uploads\/2026\/01\/APOYO-AL-CAMPO-4.jpg 1280w\" sizes=\"auto, (max-width: 300px) 100vw, 300px\" \/><img loading=\"lazy\" decoding=\"async\" class=\"alignright size-medium wp-image-4787\" src=\"https:\/\/revistaenfoquepolitico.com\/wp-content\/uploads\/2026\/01\/APOYO-AL-CAMPO-7-300x200.jpg\" alt=\"\" width=\"300\" height=\"200\" srcset=\"https:\/\/revistaenfoquepolitico.com\/wp-content\/uploads\/2026\/01\/APOYO-AL-CAMPO-7-300x200.jpg 300w, https:\/\/revistaenfoquepolitico.com\/wp-content\/uploads\/2026\/01\/APOYO-AL-CAMPO-7-1024x683.jpg 1024w, https:\/\/revistaenfoquepolitico.com\/wp-content\/uploads\/2026\/01\/APOYO-AL-CAMPO-7-768x512.jpg 768w, https:\/\/revistaenfoquepolitico.com\/wp-content\/uploads\/2026\/01\/APOYO-AL-CAMPO-7-1170x781.jpg 1170w, https:\/\/revistaenfoquepolitico.com\/wp-content\/uploads\/2026\/01\/APOYO-AL-CAMPO-7.jpg 1280w\" sizes=\"auto, (max-width: 300px) 100vw, 300px\" \/><\/div>\n","protected":false},"excerpt":{"rendered":"<p>Medell\u00edn de Bravo, Veracruz., 08 de enero de 2026 Por indicaciones del alcalde Samuel Acosta, el H. Ayuntamiento puso en marcha el Programa Municipal de Apoyo al Campo, mediante la disposici\u00f3n de tractores agr\u00edcolas, con el objetivo de fortalecer las labores del sector rural y brindar apoyo directo a las y los productores del municipio. [&hellip;]<\/p>\n","protected":false},"author":1,"featured_media":4785,"comment_status":"closed","ping_status":"closed","sticky":false,"template":"","format":"standard","meta":{"_jetpack_memberships_contains_paid_content":false,"footnotes":"","jetpack_publicize_message":"","jetpack_publicize_feature_enabled":true,"jetpack_social_post_already_shared":false,"jetpack_social_options":{"image_generator_settings":{"template":"highway","default_image_id":0,"font":"","enabled":false},"version":2}},"categories":[4],"tags":[73],"class_list":["post-4780","post","type-post","status-publish","format-standard","has-post-thumbnail","hentry","category-noticia-politica","tag-samuel-acosta-alcalde-de-medellin"],"jetpack_publicize_connections":[],"jetpack_featured_media_url":"https:\/\/revistaenfoquepolitico.com\/wp-content\/uploads\/2026\/01\/APOYO-AL-CAMPO-5.jpg","jetpack_sharing_enabled":true,"_links":{"self":[{"href":"https:\/\/revistaenfoquepolitico.com\/index.php\/wp-json\/wp\/v2\/posts\/4780","targetHints":{"allow":["GET"]}}],"collection":[{"href":"https:\/\/revistaenfoquepolitico.com\/index.php\/wp-json\/wp\/v2\/posts"}],"about":[{"href":"https:\/\/revistaenfoquepolitico.com\/index.php\/wp-json\/wp\/v2\/types\/post"}],"author":[{"embeddable":true,"href":"https:\/\/revistaenfoquepolitico.com\/index.php\/wp-json\/wp\/v2\/users\/1"}],"replies":[{"embeddable":true,"href":"https:\/\/revistaenfoquepolitico.com\/index.php\/wp-json\/wp\/v2\/comments?post=4780"}],"version-history":[{"count":1,"href":"https:\/\/revistaenfoquepolitico.com\/index.php\/wp-json\/wp\/v2\/posts\/4780\/revisions"}],"predecessor-version":[{"id":4788,"href":"https:\/\/revistaenfoquepolitico.com\/index.php\/wp-json\/wp\/v2\/posts\/4780\/revisions\/4788"}],"wp:featuredmedia":[{"embeddable":true,"href":"https:\/\/revistaenfoquepolitico.com\/index.php\/wp-json\/wp\/v2\/media\/4785"}],"wp:attachment":[{"href":"https:\/\/revistaenfoquepolitico.com\/index.php\/wp-json\/wp\/v2\/media?parent=4780"}],"wp:term":[{"taxonomy":"category","embeddable":true,"href":"https:\/\/revistaenfoquepolitico.com\/index.php\/wp-json\/wp\/v2\/categories?post=4780"},{"taxonomy":"post_tag","embeddable":true,"href":"https:\/\/revistaenfoquepolitico.com\/index.php\/wp-json\/wp\/v2\/tags?post=4780"}],"curies":[{"name":"wp","href":"https:\/\/api.w.org\/{rel}","templated":true}]}}