{"id":4800,"date":"2026-01-10T19:49:49","date_gmt":"2026-01-10T19:49:49","guid":{"rendered":"https:\/\/revistaenfoquepolitico.com\/?p=4800"},"modified":"2026-01-10T19:49:49","modified_gmt":"2026-01-10T19:49:49","slug":"instalan-el-consejo-municipal-de-proteccion-civil-en-la-ciudad-de-veracruz","status":"publish","type":"post","link":"https:\/\/revistaenfoquepolitico.com\/index.php\/2026\/01\/10\/instalan-el-consejo-municipal-de-proteccion-civil-en-la-ciudad-de-veracruz\/","title":{"rendered":"INSTALAN EL CONSEJO MUNICIPAL DE PROTECCI\u00d3N CIVIL EN LA CIUDAD DE VERACRUZ"},"content":{"rendered":"<p>Veracruz, Ver., 09 de enero de 2026<\/p>\n<p>Bolet\u00edn informativo<\/p>\n<p><strong>* Activan sesi\u00f3n permanente para atender efectos del Frente Fr\u00edo No. 27<\/strong><\/p>\n<p>&nbsp;<\/p>\n<p style=\"text-align: justify;\"><img loading=\"lazy\" decoding=\"async\" class=\"alignleft size-medium wp-image-4801\" src=\"https:\/\/revistaenfoquepolitico.com\/wp-content\/uploads\/2026\/01\/P-CIVIL-1-300x200.jpg\" alt=\"\" width=\"300\" height=\"200\" srcset=\"https:\/\/revistaenfoquepolitico.com\/wp-content\/uploads\/2026\/01\/P-CIVIL-1-300x200.jpg 300w, https:\/\/revistaenfoquepolitico.com\/wp-content\/uploads\/2026\/01\/P-CIVIL-1-1024x681.jpg 1024w, https:\/\/revistaenfoquepolitico.com\/wp-content\/uploads\/2026\/01\/P-CIVIL-1-768x511.jpg 768w, https:\/\/revistaenfoquepolitico.com\/wp-content\/uploads\/2026\/01\/P-CIVIL-1-1536x1022.jpg 1536w, https:\/\/revistaenfoquepolitico.com\/wp-content\/uploads\/2026\/01\/P-CIVIL-1-1170x778.jpg 1170w, https:\/\/revistaenfoquepolitico.com\/wp-content\/uploads\/2026\/01\/P-CIVIL-1.jpg 1920w\" sizes=\"auto, (max-width: 300px) 100vw, 300px\" \/>El H. Ayuntamiento de Veracruz se convirti\u00f3 en el primer municipio en instalar formalmente su Consejo Municipal de Protecci\u00f3n Civil y activarlo en sesi\u00f3n permanente ante el ingreso del Frente Fr\u00edo No. 27, fortaleciendo la prevenci\u00f3n y la coordinaci\u00f3n para proteger a la ciudadan\u00eda.<\/p>\n<p style=\"text-align: justify;\">\n<p style=\"text-align: justify;\">La presidenta municipal, Rosa Mar\u00eda Hern\u00e1ndez Espejo, tom\u00f3 protesta a las y los integrantes del Consejo, destacando la importancia de coordinarse de manera permanente y la disposici\u00f3n a sesionar de forma continua ante cualquier eventualidad.<\/p>\n<p style=\"text-align: justify;\">\n<p><strong>Sesi\u00f3n permanente por el Frente Fr\u00edo No. 27<\/strong><\/p>\n<p>&nbsp;<\/p>\n<p style=\"text-align: justify;\"><img loading=\"lazy\" decoding=\"async\" class=\"alignleft size-medium wp-image-4804\" src=\"https:\/\/revistaenfoquepolitico.com\/wp-content\/uploads\/2026\/01\/P-CIVIL-3-1-300x200.jpg\" alt=\"\" width=\"300\" height=\"200\" srcset=\"https:\/\/revistaenfoquepolitico.com\/wp-content\/uploads\/2026\/01\/P-CIVIL-3-1-300x200.jpg 300w, https:\/\/revistaenfoquepolitico.com\/wp-content\/uploads\/2026\/01\/P-CIVIL-3-1-1024x681.jpg 1024w, https:\/\/revistaenfoquepolitico.com\/wp-content\/uploads\/2026\/01\/P-CIVIL-3-1-768x511.jpg 768w, https:\/\/revistaenfoquepolitico.com\/wp-content\/uploads\/2026\/01\/P-CIVIL-3-1-1536x1022.jpg 1536w, https:\/\/revistaenfoquepolitico.com\/wp-content\/uploads\/2026\/01\/P-CIVIL-3-1-1170x778.jpg 1170w, https:\/\/revistaenfoquepolitico.com\/wp-content\/uploads\/2026\/01\/P-CIVIL-3-1.jpg 1920w\" sizes=\"auto, (max-width: 300px) 100vw, 300px\" \/>El Consejo Municipal de Protecci\u00f3n Civil declar\u00f3 sesi\u00f3n permanente ante el ingreso del frente fr\u00edo. La medida permitir\u00e1 dar seguimiento constante a las condiciones meteorol\u00f3gicas y reforzar la protecci\u00f3n de las y los ciudadanos, a quienes de manera preventiva, se informar\u00e1 oportunamente sobre cierres de playas, bulevares y lugares p\u00fablicos.<\/p>\n<p style=\"text-align: justify;\">\n<p style=\"text-align: justify;\">Se prev\u00e9 un evento de vientos del norte con ingreso el s\u00e1bado 10 de enero, con rachas de 85 a 110 kil\u00f3metros por hora y viento sostenido de 60 a 85 kil\u00f3metros por hora, disminuyendo gradualmente a partir del lunes 12 de enero.<\/p>\n<p style=\"text-align: justify;\">\n<p><strong>Coordinaci\u00f3n interinstitucional<\/strong><\/p>\n<p>&nbsp;<\/p>\n<p style=\"text-align: justify;\">A la sesi\u00f3n asistieron representantes de instituciones de seguridad, fuerzas armadas navales y militares, \u00e1reas de protecci\u00f3n civil, salud, sector empresarial y direcciones municipales, as\u00ed como Guadalupe Osorno Maldonado, secretaria de Protecci\u00f3n Civil del Estado, en representaci\u00f3n de la gobernadora Roc\u00edo Nahle Garc\u00eda, reforzando la coordinaci\u00f3n en beneficio de la poblaci\u00f3n.<\/p>\n<p><img loading=\"lazy\" decoding=\"async\" class=\"alignleft size-medium wp-image-4805\" src=\"https:\/\/revistaenfoquepolitico.com\/wp-content\/uploads\/2026\/01\/P-CIVIL-4-300x200.jpg\" alt=\"\" width=\"300\" height=\"200\" srcset=\"https:\/\/revistaenfoquepolitico.com\/wp-content\/uploads\/2026\/01\/P-CIVIL-4-300x200.jpg 300w, https:\/\/revistaenfoquepolitico.com\/wp-content\/uploads\/2026\/01\/P-CIVIL-4-1024x681.jpg 1024w, https:\/\/revistaenfoquepolitico.com\/wp-content\/uploads\/2026\/01\/P-CIVIL-4-768x511.jpg 768w, https:\/\/revistaenfoquepolitico.com\/wp-content\/uploads\/2026\/01\/P-CIVIL-4-1536x1022.jpg 1536w, https:\/\/revistaenfoquepolitico.com\/wp-content\/uploads\/2026\/01\/P-CIVIL-4-1170x778.jpg 1170w, https:\/\/revistaenfoquepolitico.com\/wp-content\/uploads\/2026\/01\/P-CIVIL-4.jpg 1920w\" sizes=\"auto, (max-width: 300px) 100vw, 300px\" \/><\/p>\n","protected":false},"excerpt":{"rendered":"<p>Veracruz, Ver., 09 de enero de 2026 Bolet\u00edn informativo * Activan sesi\u00f3n permanente para atender efectos del Frente Fr\u00edo No. 27 &nbsp; El H. Ayuntamiento de Veracruz se convirti\u00f3 en el primer municipio en instalar formalmente su Consejo Municipal de Protecci\u00f3n Civil y activarlo en sesi\u00f3n permanente ante el ingreso del Frente Fr\u00edo No. 27, [&hellip;]<\/p>\n","protected":false},"author":1,"featured_media":4802,"comment_status":"closed","ping_status":"closed","sticky":false,"template":"","format":"standard","meta":{"_jetpack_memberships_contains_paid_content":false,"footnotes":"","jetpack_publicize_message":"","jetpack_publicize_feature_enabled":true,"jetpack_social_post_already_shared":false,"jetpack_social_options":{"image_generator_settings":{"template":"highway","default_image_id":0,"font":"","enabled":false},"version":2}},"categories":[4],"tags":[72],"class_list":["post-4800","post","type-post","status-publish","format-standard","has-post-thumbnail","hentry","category-noticia-politica","tag-rosa-maria-presidenta-de-veracruz"],"jetpack_publicize_connections":[],"jetpack_featured_media_url":"https:\/\/revistaenfoquepolitico.com\/wp-content\/uploads\/2026\/01\/P-CIVIL-2.jpg","jetpack_sharing_enabled":true,"_links":{"self":[{"href":"https:\/\/revistaenfoquepolitico.com\/index.php\/wp-json\/wp\/v2\/posts\/4800","targetHints":{"allow":["GET"]}}],"collection":[{"href":"https:\/\/revistaenfoquepolitico.com\/index.php\/wp-json\/wp\/v2\/posts"}],"about":[{"href":"https:\/\/revistaenfoquepolitico.com\/index.php\/wp-json\/wp\/v2\/types\/post"}],"author":[{"embeddable":true,"href":"https:\/\/revistaenfoquepolitico.com\/index.php\/wp-json\/wp\/v2\/users\/1"}],"replies":[{"embeddable":true,"href":"https:\/\/revistaenfoquepolitico.com\/index.php\/wp-json\/wp\/v2\/comments?post=4800"}],"version-history":[{"count":1,"href":"https:\/\/revistaenfoquepolitico.com\/index.php\/wp-json\/wp\/v2\/posts\/4800\/revisions"}],"predecessor-version":[{"id":4806,"href":"https:\/\/revistaenfoquepolitico.com\/index.php\/wp-json\/wp\/v2\/posts\/4800\/revisions\/4806"}],"wp:featuredmedia":[{"embeddable":true,"href":"https:\/\/revistaenfoquepolitico.com\/index.php\/wp-json\/wp\/v2\/media\/4802"}],"wp:attachment":[{"href":"https:\/\/revistaenfoquepolitico.com\/index.php\/wp-json\/wp\/v2\/media?parent=4800"}],"wp:term":[{"taxonomy":"category","embeddable":true,"href":"https:\/\/revistaenfoquepolitico.com\/index.php\/wp-json\/wp\/v2\/categories?post=4800"},{"taxonomy":"post_tag","embeddable":true,"href":"https:\/\/revistaenfoquepolitico.com\/index.php\/wp-json\/wp\/v2\/tags?post=4800"}],"curies":[{"name":"wp","href":"https:\/\/api.w.org\/{rel}","templated":true}]}}