{"id":4835,"date":"2026-01-11T23:20:45","date_gmt":"2026-01-11T23:20:45","guid":{"rendered":"https:\/\/revistaenfoquepolitico.com\/?p=4835"},"modified":"2026-01-11T23:20:45","modified_gmt":"2026-01-11T23:20:45","slug":"ayuntamiento-de-medellin-de-bravo-suspende-temporalmente-gravera-en-paso-del-toro-por-incidente-con-combustible","status":"publish","type":"post","link":"https:\/\/revistaenfoquepolitico.com\/index.php\/2026\/01\/11\/ayuntamiento-de-medellin-de-bravo-suspende-temporalmente-gravera-en-paso-del-toro-por-incidente-con-combustible\/","title":{"rendered":"AYUNTAMIENTO DE MEDELL\u00cdN DE BRAVO SUSPENDE TEMPORALMENTE GRAVERA EN PASO DEL TORO POR INCIDENTE CON COMBUSTIBLE"},"content":{"rendered":"<div id=\"x_ms-outlook-mobile-body-separator-line\" dir=\"auto\" data-applydefaultfontstyles=\"true\">\n<div dir=\"auto\">Medell\u00edn de Bravo, Ver., a 11 de enero de 2026<\/div>\n<div dir=\"auto\"><\/div>\n<div dir=\"auto\" style=\"text-align: justify;\">En el ejercicio de sus atribuciones legales y como parte de las acciones permanentes para salvaguardar la seguridad de la poblaci\u00f3n, el H. Ayuntamiento de Medell\u00edn de Bravo informa que fue ordenada la suspensi\u00f3n temporal e inmediata de actividades de una gravera ubicada sobre la carretera Paso del Toro\u2013Santa Fe, en la localidad de Paso del Toro, tras registrarse un incidente en uno de sus tanques de almacenamiento de combustible.<\/div>\n<div dir=\"auto\" style=\"text-align: justify;\"><\/div>\n<div dir=\"auto\" style=\"text-align: justify;\">La medida fue determinada por la Direcci\u00f3n de Protecci\u00f3n Civil Municipal, a cargo de Antonio Rosas, por instrucciones del presidente municipal, Samuel Acosta, y tiene un car\u00e1cter estrictamente preventivo y precautorio, con el objetivo de proteger la integridad f\u00edsica de la ciudadan\u00eda, as\u00ed como prevenir posibles riesgos a la seguridad, el entorno y los bienes p\u00fablicos y privados.<\/div>\n<div dir=\"auto\" style=\"text-align: justify;\"><\/div>\n<div dir=\"auto\" style=\"text-align: justify;\">De acuerdo con la autoridad municipal, la suspensi\u00f3n se mantendr\u00e1 vigente mientras se llevan a cabo las investigaciones administrativas y t\u00e9cnicas correspondientes, a fin de establecer las causas que originaron el incidente, as\u00ed como verificar el cumplimiento de los reglamentos, dict\u00e1menes, medidas de seguridad y normatividad aplicable en materia de Protecci\u00f3n Civil.<\/div>\n<div dir=\"auto\" style=\"text-align: justify;\"><\/div>\n<div dir=\"auto\" style=\"text-align: justify;\">Como parte de este procedimiento, se realizar\u00e1 una revisi\u00f3n integral de las instalaciones y de las condiciones operativas de la empresa, con el prop\u00f3sito de descartar riesgos latentes que pudieran representar un peligro para la poblaci\u00f3n cercana y para quienes transitan por la zona.<\/div>\n<div dir=\"auto\" style=\"text-align: justify;\"><\/div>\n<div dir=\"auto\" style=\"text-align: justify;\">Asimismo, por instrucci\u00f3n del alcalde Samuel Acosta, se mantiene la verificaci\u00f3n permanente de que todas las empresas que operan en el municipio cumplan con la normatividad vigente, ya que la seguridad de la poblaci\u00f3n es una prioridad para el Gobierno Municipal.<\/div>\n<div dir=\"auto\" style=\"text-align: justify;\"><\/div>\n<div dir=\"auto\" style=\"text-align: justify;\">En este marco, se dar\u00e1 seguimiento puntual a las actividades de asfaltadoras y concreteras, a fin de supervisar que operen conforme a los lineamientos establecidos por la ley y bajo condiciones que no representen riesgo alguno para la ciudadan\u00eda.<\/div>\n<div dir=\"auto\" style=\"text-align: justify;\"><\/div>\n<div dir=\"auto\" style=\"text-align: justify;\">El H. Ayuntamiento de Medell\u00edn de Bravo precisa que no se autorizar\u00e1 la reanudaci\u00f3n de actividades de la gravera hasta que concluyan plenamente las investigaciones, se subsanen las observaciones que, en su caso, sean determinadas por la autoridad competente y se acredite el cumplimiento total de las medidas de seguridad exigidas, conforme al marco legal vigente.<\/div>\n<div dir=\"auto\" style=\"text-align: justify;\"><\/div>\n<div dir=\"auto\" style=\"text-align: justify;\">La actual administraci\u00f3n municipal ha sido clara: en Medell\u00edn de Bravo no se permitir\u00e1 que ninguna empresa opere fuera del marco legal ni que ponga en riesgo la integridad de la ciudadan\u00eda.<\/div>\n<div dir=\"auto\" style=\"text-align: justify;\"><\/div>\n<div dir=\"auto\" style=\"text-align: justify;\">Finalmente, el Gobierno Municipal exhorta a la ciudadan\u00eda a mantener la calma, a no difundir informaci\u00f3n no verificada y a atender \u00fanicamente los comunicados emitidos a trav\u00e9s de los canales oficiales, reiterando su compromiso de actuar con legalidad, responsabilidad, transparencia y estricto apego a derecho, priorizando en todo momento la seguridad y el bienestar de las y los medellinenses.<\/div>\n<\/div>\n","protected":false},"excerpt":{"rendered":"<p>Medell\u00edn de Bravo, Ver., a 11 de enero de 2026 En el ejercicio de sus atribuciones legales y como parte de las acciones permanentes para salvaguardar la seguridad de la poblaci\u00f3n, el H. Ayuntamiento de Medell\u00edn de Bravo informa que fue ordenada la suspensi\u00f3n temporal e inmediata de actividades de una gravera ubicada sobre la [&hellip;]<\/p>\n","protected":false},"author":1,"featured_media":4836,"comment_status":"closed","ping_status":"closed","sticky":false,"template":"","format":"standard","meta":{"_jetpack_memberships_contains_paid_content":false,"footnotes":"","jetpack_publicize_message":"","jetpack_publicize_feature_enabled":true,"jetpack_social_post_already_shared":false,"jetpack_social_options":{"image_generator_settings":{"template":"highway","default_image_id":0,"font":"","enabled":false},"version":2}},"categories":[4],"tags":[73],"class_list":["post-4835","post","type-post","status-publish","format-standard","has-post-thumbnail","hentry","category-noticia-politica","tag-samuel-acosta-alcalde-de-medellin"],"jetpack_publicize_connections":[],"jetpack_featured_media_url":"https:\/\/revistaenfoquepolitico.com\/wp-content\/uploads\/2026\/01\/AYTO-DE-MEDELLIN-SUSPENDE-GRAVERA.jpg","jetpack_sharing_enabled":true,"_links":{"self":[{"href":"https:\/\/revistaenfoquepolitico.com\/index.php\/wp-json\/wp\/v2\/posts\/4835","targetHints":{"allow":["GET"]}}],"collection":[{"href":"https:\/\/revistaenfoquepolitico.com\/index.php\/wp-json\/wp\/v2\/posts"}],"about":[{"href":"https:\/\/revistaenfoquepolitico.com\/index.php\/wp-json\/wp\/v2\/types\/post"}],"author":[{"embeddable":true,"href":"https:\/\/revistaenfoquepolitico.com\/index.php\/wp-json\/wp\/v2\/users\/1"}],"replies":[{"embeddable":true,"href":"https:\/\/revistaenfoquepolitico.com\/index.php\/wp-json\/wp\/v2\/comments?post=4835"}],"version-history":[{"count":1,"href":"https:\/\/revistaenfoquepolitico.com\/index.php\/wp-json\/wp\/v2\/posts\/4835\/revisions"}],"predecessor-version":[{"id":4837,"href":"https:\/\/revistaenfoquepolitico.com\/index.php\/wp-json\/wp\/v2\/posts\/4835\/revisions\/4837"}],"wp:featuredmedia":[{"embeddable":true,"href":"https:\/\/revistaenfoquepolitico.com\/index.php\/wp-json\/wp\/v2\/media\/4836"}],"wp:attachment":[{"href":"https:\/\/revistaenfoquepolitico.com\/index.php\/wp-json\/wp\/v2\/media?parent=4835"}],"wp:term":[{"taxonomy":"category","embeddable":true,"href":"https:\/\/revistaenfoquepolitico.com\/index.php\/wp-json\/wp\/v2\/categories?post=4835"},{"taxonomy":"post_tag","embeddable":true,"href":"https:\/\/revistaenfoquepolitico.com\/index.php\/wp-json\/wp\/v2\/tags?post=4835"}],"curies":[{"name":"wp","href":"https:\/\/api.w.org\/{rel}","templated":true}]}}