{"id":4840,"date":"2026-01-11T23:50:06","date_gmt":"2026-01-12T05:50:06","guid":{"rendered":"https:\/\/revistaenfoquepolitico.com\/?p=4840"},"modified":"2026-01-11T23:50:06","modified_gmt":"2026-01-12T05:50:06","slug":"reporta-pc-municipal-saldo-blanco-por-el-frente-frio-no-27-en-la-ciudad-de-veracruz","status":"publish","type":"post","link":"https:\/\/revistaenfoquepolitico.com\/index.php\/2026\/01\/11\/reporta-pc-municipal-saldo-blanco-por-el-frente-frio-no-27-en-la-ciudad-de-veracruz\/","title":{"rendered":"REPORTA PC MUNICIPAL SALDO BLANCO POR EL FRENTE FR\u00cdO No. 27 EN LA CIUDAD DE VERACRUZ"},"content":{"rendered":"<p>Veracruz, Ver., 11 de enero de 2026<\/p>\n<p>Bolet\u00edn informativo<\/p>\n<p>&nbsp;<\/p>\n<p><strong>*80 servicios atendidos, incluyendo incidentes menores, incendios controlados y restablecimiento de energ\u00eda el\u00e9ctrica*<\/strong><\/p>\n<p>&nbsp;<\/p>\n<p style=\"text-align: justify;\"><img loading=\"lazy\" decoding=\"async\" class=\"alignleft size-medium wp-image-4842\" src=\"https:\/\/revistaenfoquepolitico.com\/wp-content\/uploads\/2026\/01\/ROSA-FF27-2-300x225.jpg\" alt=\"\" width=\"300\" height=\"225\" srcset=\"https:\/\/revistaenfoquepolitico.com\/wp-content\/uploads\/2026\/01\/ROSA-FF27-2-300x225.jpg 300w, https:\/\/revistaenfoquepolitico.com\/wp-content\/uploads\/2026\/01\/ROSA-FF27-2-1024x768.jpg 1024w, https:\/\/revistaenfoquepolitico.com\/wp-content\/uploads\/2026\/01\/ROSA-FF27-2-768x576.jpg 768w, https:\/\/revistaenfoquepolitico.com\/wp-content\/uploads\/2026\/01\/ROSA-FF27-2-1536x1152.jpg 1536w, https:\/\/revistaenfoquepolitico.com\/wp-content\/uploads\/2026\/01\/ROSA-FF27-2.jpg 1600w\" sizes=\"auto, (max-width: 300px) 100vw, 300px\" \/>Durante el paso del Frente Fr\u00edo No. 27, la Ciudad Heroica de Veracruz mantiene un esquema de atenci\u00f3n coordinada entre Protecci\u00f3n Civil, Tr\u00e1nsito Municipal y \u00e1reas operativas, atendiendo 80 servicios; se mantiene saldo blanco gracias a la oportuna acci\u00f3n de las dependencias municipales.<\/p>\n<p style=\"text-align: justify;\">\n<p style=\"text-align: justify;\">Las labores se han centrado en atender \u00e1rboles y postes ca\u00eddos o en riesgo, l\u00e1minas desprendidas, anuncios, sem\u00e1foros y da\u00f1os menores en infraestructura urbana, as\u00ed como incendios controlados en pastizales y casas y restablecimiento de cortes de energ\u00eda el\u00e9ctrica con apoyo de CFE, protegiendo la integridad de las familias y la movilidad en la ciudad.<\/p>\n<p style=\"text-align: justify;\">\n<p style=\"text-align: justify;\">La presidenta municipal, Rosa Mar\u00eda Hern\u00e1ndez Espejo, reconoci\u00f3 la labor de todas las dependencias involucradas, destacando que su trabajo coordinado y eficaz refleja un gobierno cercano, atento y preparado para responder ante cualquier eventualidad.<\/p>\n<p><img loading=\"lazy\" decoding=\"async\" class=\"alignleft size-medium wp-image-4843\" src=\"https:\/\/revistaenfoquepolitico.com\/wp-content\/uploads\/2026\/01\/ROSA-FF27-3-300x135.jpg\" alt=\"\" width=\"300\" height=\"135\" srcset=\"https:\/\/revistaenfoquepolitico.com\/wp-content\/uploads\/2026\/01\/ROSA-FF27-3-300x135.jpg 300w, https:\/\/revistaenfoquepolitico.com\/wp-content\/uploads\/2026\/01\/ROSA-FF27-3-1024x460.jpg 1024w, https:\/\/revistaenfoquepolitico.com\/wp-content\/uploads\/2026\/01\/ROSA-FF27-3-768x345.jpg 768w, https:\/\/revistaenfoquepolitico.com\/wp-content\/uploads\/2026\/01\/ROSA-FF27-3-1536x690.jpg 1536w, https:\/\/revistaenfoquepolitico.com\/wp-content\/uploads\/2026\/01\/ROSA-FF27-3.jpg 1600w\" sizes=\"auto, (max-width: 300px) 100vw, 300px\" \/><img loading=\"lazy\" decoding=\"async\" class=\"alignright size-medium wp-image-4844\" src=\"https:\/\/revistaenfoquepolitico.com\/wp-content\/uploads\/2026\/01\/ROSA-FF27-4-225x300.jpg\" alt=\"\" width=\"225\" height=\"300\" srcset=\"https:\/\/revistaenfoquepolitico.com\/wp-content\/uploads\/2026\/01\/ROSA-FF27-4-225x300.jpg 225w, https:\/\/revistaenfoquepolitico.com\/wp-content\/uploads\/2026\/01\/ROSA-FF27-4-768x1024.jpg 768w, https:\/\/revistaenfoquepolitico.com\/wp-content\/uploads\/2026\/01\/ROSA-FF27-4.jpg 780w\" sizes=\"auto, (max-width: 225px) 100vw, 225px\" \/><\/p>\n<p>&nbsp;<\/p>\n<p>&nbsp;<\/p>\n<p>&nbsp;<\/p>\n<p>&nbsp;<\/p>\n<p>&nbsp;<\/p>\n<p>&nbsp;<\/p>\n<p>&nbsp;<\/p>\n<p style=\"text-align: justify;\">\n<p>\u00c1reas operativas involucradas:<\/p>\n<p>\u2022 Medio Ambiente<\/p>\n<p>\u2022 Espacios P\u00fablicos (Parques y Jardines)<\/p>\n<p>\u2022 Limpia P\u00fablica<\/p>\n<p>\u2022 Alumbrado<\/p>\n<p>\u2022 Gobernaci\u00f3n<\/p>\n<p>\u2022 Bienestar<\/p>\n<p>\u2022 Atenci\u00f3n Ciudadana<\/p>\n<p>\u2022 Polic\u00eda<\/p>\n<p>\u2022 Tr\u00e1nsito<\/p>\n<p>\u2022 Protecci\u00f3n Civil<\/p>\n<p>\u2022 Bomberos<\/p>\n<p>&nbsp;<\/p>\n<p style=\"text-align: justify;\">De acuerdo con la previsi\u00f3n meteorol\u00f3gica, durante el resto del domingo continuar\u00e1n vientos del norte con rachas de hasta 95 km\/h, disminuyendo gradualmente el lunes 12 de enero, por lo que se exhorta a la poblaci\u00f3n a mantenerse atenta a la informaci\u00f3n oficial y seguir las recomendaciones de seguridad.<\/p>\n<p>&nbsp;<\/p>\n<p>En caso de emergencia, comunicarse a:<\/p>\n<p>\ud83d\udcde Atenci\u00f3n lunes a domingo de 8:00 a 18:00 horas:<\/p>\n<p>\u2022 229 200 2270<\/p>\n<p>\u2022 229 200 2271<\/p>\n<p>&nbsp;<\/p>\n<p>\ud83d\udcde Atenci\u00f3n 24 horas:<\/p>\n<p>\u2022 229 200 2275<\/p>\n<p>\u2022 229 200 2276<\/p>\n<p>&nbsp;<\/p>\n<p>\ud83d\udea8 \u2022 911<\/p>\n<p><img loading=\"lazy\" decoding=\"async\" class=\"alignleft size-medium wp-image-4845\" src=\"https:\/\/revistaenfoquepolitico.com\/wp-content\/uploads\/2026\/01\/ROSA-FF27-5-225x300.jpg\" alt=\"\" width=\"225\" height=\"300\" srcset=\"https:\/\/revistaenfoquepolitico.com\/wp-content\/uploads\/2026\/01\/ROSA-FF27-5-225x300.jpg 225w, https:\/\/revistaenfoquepolitico.com\/wp-content\/uploads\/2026\/01\/ROSA-FF27-5-768x1024.jpg 768w, https:\/\/revistaenfoquepolitico.com\/wp-content\/uploads\/2026\/01\/ROSA-FF27-5.jpg 1086w\" sizes=\"auto, (max-width: 225px) 100vw, 225px\" \/><img loading=\"lazy\" decoding=\"async\" class=\"alignright size-medium wp-image-4846\" src=\"https:\/\/revistaenfoquepolitico.com\/wp-content\/uploads\/2026\/01\/ROSA-FF27-6-300x225.jpg\" alt=\"\" width=\"300\" height=\"225\" srcset=\"https:\/\/revistaenfoquepolitico.com\/wp-content\/uploads\/2026\/01\/ROSA-FF27-6-300x225.jpg 300w, https:\/\/revistaenfoquepolitico.com\/wp-content\/uploads\/2026\/01\/ROSA-FF27-6-1024x768.jpg 1024w, https:\/\/revistaenfoquepolitico.com\/wp-content\/uploads\/2026\/01\/ROSA-FF27-6-768x576.jpg 768w, https:\/\/revistaenfoquepolitico.com\/wp-content\/uploads\/2026\/01\/ROSA-FF27-6.jpg 1500w\" sizes=\"auto, (max-width: 300px) 100vw, 300px\" \/><\/p>\n<p>&nbsp;<\/p>\n<p>&nbsp;<\/p>\n<p>&nbsp;<\/p>\n<p>&nbsp;<\/p>\n<p>&nbsp;<\/p>\n<p>&nbsp;<\/p>\n<p>&nbsp;<\/p>\n<p>&nbsp;<\/p>\n<p><img loading=\"lazy\" decoding=\"async\" class=\"alignleft size-medium wp-image-4848\" src=\"https:\/\/revistaenfoquepolitico.com\/wp-content\/uploads\/2026\/01\/ROSA-FF27-8-169x300.jpg\" alt=\"\" width=\"169\" height=\"300\" srcset=\"https:\/\/revistaenfoquepolitico.com\/wp-content\/uploads\/2026\/01\/ROSA-FF27-8-169x300.jpg 169w, https:\/\/revistaenfoquepolitico.com\/wp-content\/uploads\/2026\/01\/ROSA-FF27-8-576x1024.jpg 576w, https:\/\/revistaenfoquepolitico.com\/wp-content\/uploads\/2026\/01\/ROSA-FF27-8-768x1365.jpg 768w, https:\/\/revistaenfoquepolitico.com\/wp-content\/uploads\/2026\/01\/ROSA-FF27-8-864x1536.jpg 864w, https:\/\/revistaenfoquepolitico.com\/wp-content\/uploads\/2026\/01\/ROSA-FF27-8.jpg 900w\" sizes=\"auto, (max-width: 169px) 100vw, 169px\" \/><img loading=\"lazy\" decoding=\"async\" class=\"alignright size-medium wp-image-4849\" src=\"https:\/\/revistaenfoquepolitico.com\/wp-content\/uploads\/2026\/01\/ROSA-FF27-9-300x200.jpg\" alt=\"\" width=\"300\" height=\"200\" srcset=\"https:\/\/revistaenfoquepolitico.com\/wp-content\/uploads\/2026\/01\/ROSA-FF27-9-300x200.jpg 300w, https:\/\/revistaenfoquepolitico.com\/wp-content\/uploads\/2026\/01\/ROSA-FF27-9-1024x683.jpg 1024w, https:\/\/revistaenfoquepolitico.com\/wp-content\/uploads\/2026\/01\/ROSA-FF27-9-768x512.jpg 768w, https:\/\/revistaenfoquepolitico.com\/wp-content\/uploads\/2026\/01\/ROSA-FF27-9.jpg 1040w\" sizes=\"auto, (max-width: 300px) 100vw, 300px\" \/><\/p>\n<p>&nbsp;<\/p>\n<p>&nbsp;<\/p>\n<p>&nbsp;<\/p>\n<p>&nbsp;<\/p>\n","protected":false},"excerpt":{"rendered":"<p>Veracruz, Ver., 11 de enero de 2026 Bolet\u00edn informativo &nbsp; *80 servicios atendidos, incluyendo incidentes menores, incendios controlados y restablecimiento de energ\u00eda el\u00e9ctrica* &nbsp; Durante el paso del Frente Fr\u00edo No. 27, la Ciudad Heroica de Veracruz mantiene un esquema de atenci\u00f3n coordinada entre Protecci\u00f3n Civil, Tr\u00e1nsito Municipal y \u00e1reas operativas, atendiendo 80 servicios; se [&hellip;]<\/p>\n","protected":false},"author":1,"featured_media":4841,"comment_status":"closed","ping_status":"closed","sticky":false,"template":"","format":"standard","meta":{"_jetpack_memberships_contains_paid_content":false,"footnotes":"","jetpack_publicize_message":"","jetpack_publicize_feature_enabled":true,"jetpack_social_post_already_shared":false,"jetpack_social_options":{"image_generator_settings":{"template":"highway","default_image_id":0,"font":"","enabled":false},"version":2}},"categories":[4],"tags":[72],"class_list":["post-4840","post","type-post","status-publish","format-standard","has-post-thumbnail","hentry","category-noticia-politica","tag-rosa-maria-presidenta-de-veracruz"],"jetpack_publicize_connections":[],"jetpack_featured_media_url":"https:\/\/revistaenfoquepolitico.com\/wp-content\/uploads\/2026\/01\/ROSA-FF27-1.jpg","jetpack_sharing_enabled":true,"_links":{"self":[{"href":"https:\/\/revistaenfoquepolitico.com\/index.php\/wp-json\/wp\/v2\/posts\/4840","targetHints":{"allow":["GET"]}}],"collection":[{"href":"https:\/\/revistaenfoquepolitico.com\/index.php\/wp-json\/wp\/v2\/posts"}],"about":[{"href":"https:\/\/revistaenfoquepolitico.com\/index.php\/wp-json\/wp\/v2\/types\/post"}],"author":[{"embeddable":true,"href":"https:\/\/revistaenfoquepolitico.com\/index.php\/wp-json\/wp\/v2\/users\/1"}],"replies":[{"embeddable":true,"href":"https:\/\/revistaenfoquepolitico.com\/index.php\/wp-json\/wp\/v2\/comments?post=4840"}],"version-history":[{"count":1,"href":"https:\/\/revistaenfoquepolitico.com\/index.php\/wp-json\/wp\/v2\/posts\/4840\/revisions"}],"predecessor-version":[{"id":4850,"href":"https:\/\/revistaenfoquepolitico.com\/index.php\/wp-json\/wp\/v2\/posts\/4840\/revisions\/4850"}],"wp:featuredmedia":[{"embeddable":true,"href":"https:\/\/revistaenfoquepolitico.com\/index.php\/wp-json\/wp\/v2\/media\/4841"}],"wp:attachment":[{"href":"https:\/\/revistaenfoquepolitico.com\/index.php\/wp-json\/wp\/v2\/media?parent=4840"}],"wp:term":[{"taxonomy":"category","embeddable":true,"href":"https:\/\/revistaenfoquepolitico.com\/index.php\/wp-json\/wp\/v2\/categories?post=4840"},{"taxonomy":"post_tag","embeddable":true,"href":"https:\/\/revistaenfoquepolitico.com\/index.php\/wp-json\/wp\/v2\/tags?post=4840"}],"curies":[{"name":"wp","href":"https:\/\/api.w.org\/{rel}","templated":true}]}}