{"id":4859,"date":"2026-01-13T09:51:51","date_gmt":"2026-01-13T15:51:51","guid":{"rendered":"https:\/\/revistaenfoquepolitico.com\/?p=4859"},"modified":"2026-01-13T09:51:51","modified_gmt":"2026-01-13T15:51:51","slug":"ayuntamiento-de-medellin-de-bravo-brinda-apoyo-funerario-gratuito-a-la-ciudadania","status":"publish","type":"post","link":"https:\/\/revistaenfoquepolitico.com\/index.php\/2026\/01\/13\/ayuntamiento-de-medellin-de-bravo-brinda-apoyo-funerario-gratuito-a-la-ciudadania\/","title":{"rendered":"AYUNTAMIENTO DE MEDELL\u00cdN DE BRAVO BRINDA APOYO FUNERARIO GRATUITO A LA CIUDADAN\u00cdA"},"content":{"rendered":"<div id=\"x_ms-outlook-mobile-body-separator-line\" dir=\"auto\" data-applydefaultfontstyles=\"true\">\n<div dir=\"auto\">Medell\u00edn de Bravo, Veracruz, a 12 de enero de 2026<\/div>\n<div dir=\"auto\"><\/div>\n<div dir=\"auto\" style=\"text-align: justify;\">En cumplimiento de su compromiso con el bienestar social y el acompa\u00f1amiento a las familias en momentos de mayor vulnerabilidad, el H. Ayuntamiento de Medell\u00edn de Bravo pone a disposici\u00f3n de la ciudadan\u00eda servicios funerarios totalmente gratuitos, como parte de una pol\u00edtica de atenci\u00f3n humana, solidaria y con sentido social.<\/div>\n<div dir=\"auto\" style=\"text-align: justify;\"><\/div>\n<div dir=\"auto\" style=\"text-align: justify;\">Por instrucciones del alcalde Samuel Acosta, este apoyo se brinda a trav\u00e9s del Sistema DIF Municipal, encabezado por su presidenta, Jessica Dur\u00e1n, en colaboraci\u00f3n con la coordinaci\u00f3n de apoyos funerarios, a cargo de Mar\u00eda Aid\u00e9 Solano, quienes trabajan de manera permanente para atender de forma oportuna y digna a las y los medellinenses que lo requieran.<\/div>\n<div dir=\"auto\" style=\"text-align: justify;\"><\/div>\n<div dir=\"auto\"><\/div>\n<div dir=\"auto\">El programa de apoyo funerario contempla de manera gratuita los siguientes servicios:<\/div>\n<div dir=\"auto\">\u2002\u2002\u2002\u2002\u2002\u2002\u2022\u2002\u2002\u2002\u2002\u2002Ata\u00fad met\u00e1lico<\/div>\n<div dir=\"auto\">\u2002\u2002\u2002\u2002\u2002\u2002\u2022\u2002\u2002\u2002\u2002\u2002Embalsamamiento<\/div>\n<div dir=\"auto\">\u2002\u2002\u2002\u2002\u2002\u2002\u2022\u2002\u2002\u2002\u2002\u2002Velatorio<\/div>\n<div dir=\"auto\">\u2002\u2002\u2002\u2002\u2002\u2002\u2022\u2002\u2002\u2002\u2002\u2002Certificado m\u00e9dico<\/div>\n<div dir=\"auto\"><\/div>\n<div dir=\"auto\"><\/div>\n<div dir=\"auto\" style=\"text-align: justify;\">Estas acciones tienen como objetivo aliviar la carga econ\u00f3mica y emocional que enfrentan las familias ante la p\u00e9rdida de un ser querido, garantizando un trato respetuoso, sensible y digno, sin distinci\u00f3n alguna.<\/div>\n<div dir=\"auto\" style=\"text-align: justify;\"><\/div>\n<div dir=\"auto\" style=\"text-align: justify;\">El Gobierno Municipal de Medell\u00edn de Bravo refrenda con este programa su vocaci\u00f3n de servicio y su compromiso de colocar a las personas en el centro de las pol\u00edticas p\u00fablicas, priorizando la atenci\u00f3n a quienes m\u00e1s lo necesitan y fortaleciendo la red de apoyo social en el municipio.<\/div>\n<div dir=\"auto\" style=\"text-align: justify;\"><\/div>\n<div dir=\"auto\" style=\"text-align: justify;\">El H. Ayuntamiento de Medell\u00edn de Bravo continuar\u00e1 impulsando acciones que promuevan la justicia social, la solidaridad y el bienestar de las familias, trabajando de manera cercana y responsable con la ciudadan\u00eda.<\/div>\n<\/div>\n","protected":false},"excerpt":{"rendered":"<p>Medell\u00edn de Bravo, Veracruz, a 12 de enero de 2026 En cumplimiento de su compromiso con el bienestar social y el acompa\u00f1amiento a las familias en momentos de mayor vulnerabilidad, el H. Ayuntamiento de Medell\u00edn de Bravo pone a disposici\u00f3n de la ciudadan\u00eda servicios funerarios totalmente gratuitos, como parte de una pol\u00edtica de atenci\u00f3n humana, [&hellip;]<\/p>\n","protected":false},"author":1,"featured_media":4860,"comment_status":"closed","ping_status":"closed","sticky":false,"template":"","format":"standard","meta":{"_jetpack_memberships_contains_paid_content":false,"footnotes":"","jetpack_publicize_message":"","jetpack_publicize_feature_enabled":true,"jetpack_social_post_already_shared":false,"jetpack_social_options":{"image_generator_settings":{"template":"highway","default_image_id":0,"font":"","enabled":false},"version":2}},"categories":[4],"tags":[73],"class_list":["post-4859","post","type-post","status-publish","format-standard","has-post-thumbnail","hentry","category-noticia-politica","tag-samuel-acosta-alcalde-de-medellin"],"jetpack_publicize_connections":[],"jetpack_featured_media_url":"https:\/\/revistaenfoquepolitico.com\/wp-content\/uploads\/2026\/01\/MEDELLIN-APOYO-FUNERARIO.jpg","jetpack_sharing_enabled":true,"_links":{"self":[{"href":"https:\/\/revistaenfoquepolitico.com\/index.php\/wp-json\/wp\/v2\/posts\/4859","targetHints":{"allow":["GET"]}}],"collection":[{"href":"https:\/\/revistaenfoquepolitico.com\/index.php\/wp-json\/wp\/v2\/posts"}],"about":[{"href":"https:\/\/revistaenfoquepolitico.com\/index.php\/wp-json\/wp\/v2\/types\/post"}],"author":[{"embeddable":true,"href":"https:\/\/revistaenfoquepolitico.com\/index.php\/wp-json\/wp\/v2\/users\/1"}],"replies":[{"embeddable":true,"href":"https:\/\/revistaenfoquepolitico.com\/index.php\/wp-json\/wp\/v2\/comments?post=4859"}],"version-history":[{"count":1,"href":"https:\/\/revistaenfoquepolitico.com\/index.php\/wp-json\/wp\/v2\/posts\/4859\/revisions"}],"predecessor-version":[{"id":4861,"href":"https:\/\/revistaenfoquepolitico.com\/index.php\/wp-json\/wp\/v2\/posts\/4859\/revisions\/4861"}],"wp:featuredmedia":[{"embeddable":true,"href":"https:\/\/revistaenfoquepolitico.com\/index.php\/wp-json\/wp\/v2\/media\/4860"}],"wp:attachment":[{"href":"https:\/\/revistaenfoquepolitico.com\/index.php\/wp-json\/wp\/v2\/media?parent=4859"}],"wp:term":[{"taxonomy":"category","embeddable":true,"href":"https:\/\/revistaenfoquepolitico.com\/index.php\/wp-json\/wp\/v2\/categories?post=4859"},{"taxonomy":"post_tag","embeddable":true,"href":"https:\/\/revistaenfoquepolitico.com\/index.php\/wp-json\/wp\/v2\/tags?post=4859"}],"curies":[{"name":"wp","href":"https:\/\/api.w.org\/{rel}","templated":true}]}}