{"id":4878,"date":"2026-01-13T22:35:05","date_gmt":"2026-01-14T04:35:05","guid":{"rendered":"https:\/\/revistaenfoquepolitico.com\/?p=4878"},"modified":"2026-01-13T22:35:05","modified_gmt":"2026-01-14T04:35:05","slug":"atencion-oportuna-de-proteccion-civil-controla-incendio-en-el-tejar","status":"publish","type":"post","link":"https:\/\/revistaenfoquepolitico.com\/index.php\/2026\/01\/13\/atencion-oportuna-de-proteccion-civil-controla-incendio-en-el-tejar\/","title":{"rendered":"ATENCI\u00d3N OPORTUNA DE PROTECCI\u00d3N CIVIL CONTROLA INCENDIO EN EL TEJAR"},"content":{"rendered":"<div dir=\"auto\">Medell\u00edn de Bravo, Veracruz., 13 de enero de 2026<\/div>\n<div dir=\"auto\"><\/div>\n<div dir=\"auto\" style=\"text-align: justify;\">Por instrucciones del alcalde Samuel Acosta, personal de la Direcci\u00f3n de Protecci\u00f3n Civil Municipal, a cargo de Antonio Rosas, atendi\u00f3 de manera inmediata el incendio registrado la madrugada de este martes en un taller mec\u00e1nico, ubicado sobre la avenida Independencia, en la localidad de El Tejar.<\/div>\n<div dir=\"auto\" style=\"text-align: justify;\"><\/div>\n<div dir=\"auto\" style=\"text-align: justify;\"><img loading=\"lazy\" decoding=\"async\" class=\"alignleft size-medium wp-image-4880\" src=\"https:\/\/revistaenfoquepolitico.com\/wp-content\/uploads\/2026\/01\/INCENDIO-TEJAR-3-300x225.jpg\" alt=\"\" width=\"300\" height=\"225\" srcset=\"https:\/\/revistaenfoquepolitico.com\/wp-content\/uploads\/2026\/01\/INCENDIO-TEJAR-3-300x225.jpg 300w, https:\/\/revistaenfoquepolitico.com\/wp-content\/uploads\/2026\/01\/INCENDIO-TEJAR-3-1024x768.jpg 1024w, https:\/\/revistaenfoquepolitico.com\/wp-content\/uploads\/2026\/01\/INCENDIO-TEJAR-3-768x576.jpg 768w, https:\/\/revistaenfoquepolitico.com\/wp-content\/uploads\/2026\/01\/INCENDIO-TEJAR-3-1536x1152.jpg 1536w, https:\/\/revistaenfoquepolitico.com\/wp-content\/uploads\/2026\/01\/INCENDIO-TEJAR-3.jpg 1600w\" sizes=\"auto, (max-width: 300px) 100vw, 300px\" \/>Al recibir el reporte, elementos de Protecci\u00f3n Civil acudieron de forma oportuna al lugar del siniestro, realizando las maniobras necesarias para controlar y sofocar el fuego, logrando evitar su propagaci\u00f3n a inmuebles y zonas aleda\u00f1as.<\/div>\n<div dir=\"auto\" style=\"text-align: justify;\"><\/div>\n<div dir=\"auto\" style=\"text-align: justify;\">De acuerdo con el reporte oficial, no se registraron personas lesionadas, \u00fanicamente da\u00f1os materiales. Como parte del protocolo de seguridad, el \u00e1rea fue acordonada de manera preventiva mientras se llevan a cabo las investigaciones correspondientes para determinar las causas que originaron el incendio.<\/div>\n<div dir=\"auto\" style=\"text-align: justify;\"><\/div>\n<div dir=\"auto\" style=\"text-align: justify;\">El H. Ayuntamiento de Medell\u00edn de Bravo reconoce y agradece la labor, compromiso y pronta respuesta del personal de Protecci\u00f3n Civil, quienes trabajan de manera permanente para salvaguardar la integridad de las familias medellinenses.<\/div>\n<div dir=\"auto\" style=\"text-align: justify;\"><\/div>\n<div dir=\"auto\" style=\"text-align: justify;\">Asimismo, se reitera el llamado a la ciudadan\u00eda a reportar de inmediato cualquier situaci\u00f3n de riesgo a los n\u00fameros de emergencia, a fin de brindar una atenci\u00f3n oportuna.<\/div>\n<div dir=\"auto\" style=\"text-align: justify;\"><\/div>\n<div dir=\"auto\">\u00a1Por la Grandeza de Medell\u00edn!<\/div>\n<div id=\"x_ms-outlook-mobile-body-separator-line\" dir=\"auto\" data-applydefaultfontstyles=\"true\">\n<div dir=\"auto\"><img loading=\"lazy\" decoding=\"async\" class=\"alignright size-medium wp-image-4881\" src=\"https:\/\/revistaenfoquepolitico.com\/wp-content\/uploads\/2026\/01\/INCENDIO-TEJAR-5-300x225.jpg\" alt=\"\" width=\"300\" height=\"225\" srcset=\"https:\/\/revistaenfoquepolitico.com\/wp-content\/uploads\/2026\/01\/INCENDIO-TEJAR-5-300x225.jpg 300w, https:\/\/revistaenfoquepolitico.com\/wp-content\/uploads\/2026\/01\/INCENDIO-TEJAR-5-1024x768.jpg 1024w, https:\/\/revistaenfoquepolitico.com\/wp-content\/uploads\/2026\/01\/INCENDIO-TEJAR-5-768x576.jpg 768w, https:\/\/revistaenfoquepolitico.com\/wp-content\/uploads\/2026\/01\/INCENDIO-TEJAR-5-1536x1152.jpg 1536w, https:\/\/revistaenfoquepolitico.com\/wp-content\/uploads\/2026\/01\/INCENDIO-TEJAR-5.jpg 1600w\" sizes=\"auto, (max-width: 300px) 100vw, 300px\" \/><\/div>\n<\/div>\n","protected":false},"excerpt":{"rendered":"<p>Medell\u00edn de Bravo, Veracruz., 13 de enero de 2026 Por instrucciones del alcalde Samuel Acosta, personal de la Direcci\u00f3n de Protecci\u00f3n Civil Municipal, a cargo de Antonio Rosas, atendi\u00f3 de manera inmediata el incendio registrado la madrugada de este martes en un taller mec\u00e1nico, ubicado sobre la avenida Independencia, en la localidad de El Tejar. [&hellip;]<\/p>\n","protected":false},"author":1,"featured_media":4879,"comment_status":"closed","ping_status":"closed","sticky":false,"template":"","format":"standard","meta":{"_jetpack_memberships_contains_paid_content":false,"footnotes":"","jetpack_publicize_message":"","jetpack_publicize_feature_enabled":true,"jetpack_social_post_already_shared":false,"jetpack_social_options":{"image_generator_settings":{"template":"highway","default_image_id":0,"font":"","enabled":false},"version":2}},"categories":[4],"tags":[73],"class_list":["post-4878","post","type-post","status-publish","format-standard","has-post-thumbnail","hentry","category-noticia-politica","tag-samuel-acosta-alcalde-de-medellin"],"jetpack_publicize_connections":[],"jetpack_featured_media_url":"https:\/\/revistaenfoquepolitico.com\/wp-content\/uploads\/2026\/01\/INCENDIO-TEJAR-1.jpg","jetpack_sharing_enabled":true,"_links":{"self":[{"href":"https:\/\/revistaenfoquepolitico.com\/index.php\/wp-json\/wp\/v2\/posts\/4878","targetHints":{"allow":["GET"]}}],"collection":[{"href":"https:\/\/revistaenfoquepolitico.com\/index.php\/wp-json\/wp\/v2\/posts"}],"about":[{"href":"https:\/\/revistaenfoquepolitico.com\/index.php\/wp-json\/wp\/v2\/types\/post"}],"author":[{"embeddable":true,"href":"https:\/\/revistaenfoquepolitico.com\/index.php\/wp-json\/wp\/v2\/users\/1"}],"replies":[{"embeddable":true,"href":"https:\/\/revistaenfoquepolitico.com\/index.php\/wp-json\/wp\/v2\/comments?post=4878"}],"version-history":[{"count":1,"href":"https:\/\/revistaenfoquepolitico.com\/index.php\/wp-json\/wp\/v2\/posts\/4878\/revisions"}],"predecessor-version":[{"id":4882,"href":"https:\/\/revistaenfoquepolitico.com\/index.php\/wp-json\/wp\/v2\/posts\/4878\/revisions\/4882"}],"wp:featuredmedia":[{"embeddable":true,"href":"https:\/\/revistaenfoquepolitico.com\/index.php\/wp-json\/wp\/v2\/media\/4879"}],"wp:attachment":[{"href":"https:\/\/revistaenfoquepolitico.com\/index.php\/wp-json\/wp\/v2\/media?parent=4878"}],"wp:term":[{"taxonomy":"category","embeddable":true,"href":"https:\/\/revistaenfoquepolitico.com\/index.php\/wp-json\/wp\/v2\/categories?post=4878"},{"taxonomy":"post_tag","embeddable":true,"href":"https:\/\/revistaenfoquepolitico.com\/index.php\/wp-json\/wp\/v2\/tags?post=4878"}],"curies":[{"name":"wp","href":"https:\/\/api.w.org\/{rel}","templated":true}]}}