{"id":4883,"date":"2026-01-13T22:51:54","date_gmt":"2026-01-14T04:51:54","guid":{"rendered":"https:\/\/revistaenfoquepolitico.com\/?p=4883"},"modified":"2026-01-13T22:51:54","modified_gmt":"2026-01-14T04:51:54","slug":"medellin-de-bravo-impulsa-su-identidad-cultural-y-proyecta-su-turismo-al-futuro","status":"publish","type":"post","link":"https:\/\/revistaenfoquepolitico.com\/index.php\/2026\/01\/13\/medellin-de-bravo-impulsa-su-identidad-cultural-y-proyecta-su-turismo-al-futuro\/","title":{"rendered":"MEDELL\u00cdN DE BRAVO IMPULSA SU IDENTIDAD CULTURAL Y PROYECTA SU TURISMO AL FUTURO"},"content":{"rendered":"<div dir=\"auto\">Medell\u00edn de Bravo, Veracruz., 13 de enero de 2026<\/div>\n<div dir=\"auto\"><\/div>\n<div dir=\"auto\" style=\"text-align: justify;\">Por instrucciones del alcalde Samuel Acosta, el H. Ayuntamiento de Medell\u00edn de Bravo, a trav\u00e9s de la Direcci\u00f3n de Turismo y Cultura, a cargo de Ingrid L\u00f3pez, contin\u00faa desarrollando acciones estrat\u00e9gicas para fortalecer la identidad cultural del municipio y consolidarlo como un destino tur\u00edstico con identidad propia y gran proyecci\u00f3n regional.<\/div>\n<div dir=\"auto\" style=\"text-align: justify;\"><\/div>\n<div dir=\"auto\" style=\"text-align: justify;\"><img loading=\"lazy\" decoding=\"async\" class=\"alignleft size-medium wp-image-4885\" src=\"https:\/\/revistaenfoquepolitico.com\/wp-content\/uploads\/2026\/01\/CULTURA-1-300x200.jpg\" alt=\"\" width=\"300\" height=\"200\" srcset=\"https:\/\/revistaenfoquepolitico.com\/wp-content\/uploads\/2026\/01\/CULTURA-1-300x200.jpg 300w, https:\/\/revistaenfoquepolitico.com\/wp-content\/uploads\/2026\/01\/CULTURA-1-1024x682.jpg 1024w, https:\/\/revistaenfoquepolitico.com\/wp-content\/uploads\/2026\/01\/CULTURA-1-768x512.jpg 768w, https:\/\/revistaenfoquepolitico.com\/wp-content\/uploads\/2026\/01\/CULTURA-1-1536x1023.jpg 1536w, https:\/\/revistaenfoquepolitico.com\/wp-content\/uploads\/2026\/01\/CULTURA-1.jpg 1600w\" sizes=\"auto, (max-width: 300px) 100vw, 300px\" \/>Como parte del impulso a la cultura y al talento local, se ofrecen clases permanentes de danza folcl\u00f3rica, danza afro, salsa, guitarra, jarana y danz\u00f3n, dirigidas a ni\u00f1as, ni\u00f1os, j\u00f3venes y personas adultas, tanto en la cabecera municipal como en la zona urbana. Estas actividades no solo fomentan la expresi\u00f3n art\u00edstica, sino que tambi\u00e9n refuerzan el sentido de pertenencia y la preservaci\u00f3n de las tradiciones que distinguen a Medell\u00edn de Bravo.<\/div>\n<div dir=\"auto\" style=\"text-align: justify;\"><\/div>\n<div dir=\"auto\" style=\"text-align: justify;\">En el \u00e1mbito de la preservaci\u00f3n hist\u00f3rica y cultural, se llevar\u00e1 a cabo la reubicaci\u00f3n de la Biblioteca de El Tejar a la Casa de la Cultura, un espacio que permitir\u00e1 resguardar y difundir el acervo hist\u00f3rico del municipio, brindando mejores condiciones para el acceso al conocimiento y la promoci\u00f3n cultural. Asimismo, en coordinaci\u00f3n con la Sociedad Cultural de Medell\u00edn, se realizar\u00e1 el nombramiento del cronista de la ciudad, figura clave para documentar y difundir la historia, tradiciones y acontecimientos relevantes del municipio.<\/div>\n<div dir=\"auto\" style=\"text-align: justify;\"><\/div>\n<div dir=\"auto\" style=\"text-align: justify;\">En materia de turismo, se implementar\u00e1n importantes proyectos para fortalecer la infraestructura y promoci\u00f3n del destino, entre los que destacan la instalaci\u00f3n de se\u00f1al\u00e9tica tur\u00edstica, el desarrollo de la Ruta de la Pi\u00f1a, la colocaci\u00f3n de m\u00f3dulos de informaci\u00f3n tur\u00edstica en los municipios de Veracruz y Boca del R\u00edo, as\u00ed como la creaci\u00f3n del Consejo Consultivo Municipal de Turismo, un \u00f3rgano que permitir\u00e1 la participaci\u00f3n activa de diversos sectores para impulsar el turismo y dinamizar el comercio local.<\/div>\n<div dir=\"auto\" style=\"text-align: justify;\"><\/div>\n<div dir=\"auto\" style=\"text-align: justify;\">De igual forma, se trabaja de manera decidida en el fortalecimiento y promoci\u00f3n de las fiestas tradicionales, como la Candelaria y la Feria del Mango, celebraciones emblem\u00e1ticas que forman parte de la identidad de Medell\u00edn de Bravo y que en esta nueva etapa traer\u00e1n grandes sorpresas, con el objetivo de atraer visitantes, fortalecer la econom\u00eda local y enaltecer la riqueza cultural del municipio.<\/div>\n<div dir=\"auto\" style=\"text-align: justify;\"><\/div>\n<div dir=\"auto\" style=\"text-align: justify;\">Con estas acciones, el Gobierno Municipal reafirma su compromiso de preservar la cultura, impulsar el turismo y promover el desarrollo integral de Medell\u00edn de Bravo, proyectando al municipio como un referente cultural y tur\u00edstico en la regi\u00f3n.<\/div>\n<div id=\"x_ms-outlook-mobile-body-separator-line\" dir=\"auto\" data-applydefaultfontstyles=\"true\">\n<div dir=\"auto\" style=\"text-align: justify;\"><\/div>\n<\/div>\n","protected":false},"excerpt":{"rendered":"<p>Medell\u00edn de Bravo, Veracruz., 13 de enero de 2026 Por instrucciones del alcalde Samuel Acosta, el H. Ayuntamiento de Medell\u00edn de Bravo, a trav\u00e9s de la Direcci\u00f3n de Turismo y Cultura, a cargo de Ingrid L\u00f3pez, contin\u00faa desarrollando acciones estrat\u00e9gicas para fortalecer la identidad cultural del municipio y consolidarlo como un destino tur\u00edstico con identidad [&hellip;]<\/p>\n","protected":false},"author":1,"featured_media":4885,"comment_status":"closed","ping_status":"closed","sticky":false,"template":"","format":"standard","meta":{"_jetpack_memberships_contains_paid_content":false,"footnotes":"","jetpack_publicize_message":"","jetpack_publicize_feature_enabled":true,"jetpack_social_post_already_shared":false,"jetpack_social_options":{"image_generator_settings":{"template":"highway","default_image_id":0,"font":"","enabled":false},"version":2}},"categories":[4],"tags":[73],"class_list":["post-4883","post","type-post","status-publish","format-standard","has-post-thumbnail","hentry","category-noticia-politica","tag-samuel-acosta-alcalde-de-medellin"],"jetpack_publicize_connections":[],"jetpack_featured_media_url":"https:\/\/revistaenfoquepolitico.com\/wp-content\/uploads\/2026\/01\/CULTURA-1.jpg","jetpack_sharing_enabled":true,"_links":{"self":[{"href":"https:\/\/revistaenfoquepolitico.com\/index.php\/wp-json\/wp\/v2\/posts\/4883","targetHints":{"allow":["GET"]}}],"collection":[{"href":"https:\/\/revistaenfoquepolitico.com\/index.php\/wp-json\/wp\/v2\/posts"}],"about":[{"href":"https:\/\/revistaenfoquepolitico.com\/index.php\/wp-json\/wp\/v2\/types\/post"}],"author":[{"embeddable":true,"href":"https:\/\/revistaenfoquepolitico.com\/index.php\/wp-json\/wp\/v2\/users\/1"}],"replies":[{"embeddable":true,"href":"https:\/\/revistaenfoquepolitico.com\/index.php\/wp-json\/wp\/v2\/comments?post=4883"}],"version-history":[{"count":1,"href":"https:\/\/revistaenfoquepolitico.com\/index.php\/wp-json\/wp\/v2\/posts\/4883\/revisions"}],"predecessor-version":[{"id":4886,"href":"https:\/\/revistaenfoquepolitico.com\/index.php\/wp-json\/wp\/v2\/posts\/4883\/revisions\/4886"}],"wp:featuredmedia":[{"embeddable":true,"href":"https:\/\/revistaenfoquepolitico.com\/index.php\/wp-json\/wp\/v2\/media\/4885"}],"wp:attachment":[{"href":"https:\/\/revistaenfoquepolitico.com\/index.php\/wp-json\/wp\/v2\/media?parent=4883"}],"wp:term":[{"taxonomy":"category","embeddable":true,"href":"https:\/\/revistaenfoquepolitico.com\/index.php\/wp-json\/wp\/v2\/categories?post=4883"},{"taxonomy":"post_tag","embeddable":true,"href":"https:\/\/revistaenfoquepolitico.com\/index.php\/wp-json\/wp\/v2\/tags?post=4883"}],"curies":[{"name":"wp","href":"https:\/\/api.w.org\/{rel}","templated":true}]}}