{"id":4929,"date":"2026-01-14T23:28:50","date_gmt":"2026-01-15T05:28:50","guid":{"rendered":"https:\/\/revistaenfoquepolitico.com\/?p=4929"},"modified":"2026-01-14T23:28:50","modified_gmt":"2026-01-15T05:28:50","slug":"refuerza-ayuntamiento-acciones-de-sanidad-agricola-en-medellin-de-bravo","status":"publish","type":"post","link":"https:\/\/revistaenfoquepolitico.com\/index.php\/2026\/01\/14\/refuerza-ayuntamiento-acciones-de-sanidad-agricola-en-medellin-de-bravo\/","title":{"rendered":"REFUERZA AYUNTAMIENTO ACCIONES DE SANIDAD AGR\u00cdCOLA EN MEDELL\u00cdN DE BRAVO"},"content":{"rendered":"<div id=\"x_ms-outlook-mobile-body-separator-line\" dir=\"auto\" data-applydefaultfontstyles=\"true\">\n<div dir=\"auto\" data-olk-copy-source=\"MessageBody\"><\/div>\n<div dir=\"auto\">Medell\u00edn de Bravo, Veracruz, 14 de enero de 2026<\/div>\n<div dir=\"auto\"><\/div>\n<div dir=\"auto\" style=\"text-align: justify;\">Por instrucciones del presidente municipal Samuel Acosta, la Direcci\u00f3n de Fomento Agropecuario del H. Ayuntamiento de Medell\u00edn de Bravo, a cargo de Arqu\u00edmides Mendoza Naranjos, informa a las y los productores, as\u00ed como a la ciudadan\u00eda en general, que se encuentran en marcha los trabajos de tratamiento y aplicaci\u00f3n de productos para el control de la mosca de la fruta, como parte de las acciones preventivas para proteger los cultivos frut\u00edcolas del municipio.<\/div>\n<div dir=\"auto\" style=\"text-align: justify;\"><\/div>\n<div dir=\"auto\" style=\"text-align: justify;\"><img loading=\"lazy\" decoding=\"async\" class=\"alignleft size-medium wp-image-4932\" src=\"https:\/\/revistaenfoquepolitico.com\/wp-content\/uploads\/2026\/01\/IMG-20260114-WA0262-263x300.jpg\" alt=\"\" width=\"263\" height=\"300\" srcset=\"https:\/\/revistaenfoquepolitico.com\/wp-content\/uploads\/2026\/01\/IMG-20260114-WA0262-263x300.jpg 263w, https:\/\/revistaenfoquepolitico.com\/wp-content\/uploads\/2026\/01\/IMG-20260114-WA0262-899x1024.jpg 899w, https:\/\/revistaenfoquepolitico.com\/wp-content\/uploads\/2026\/01\/IMG-20260114-WA0262-768x875.jpg 768w, https:\/\/revistaenfoquepolitico.com\/wp-content\/uploads\/2026\/01\/IMG-20260114-WA0262.jpg 1219w\" sizes=\"auto, (max-width: 263px) 100vw, 263px\" \/>Estas labores forman parte de una estrategia integral de sanidad vegetal, cuyo objetivo es reducir la incidencia de esta plaga, salvaguardar la producci\u00f3n agr\u00edcola local, mejorar la calidad de los frutos y fortalecer la econom\u00eda de las y los productores medellinenses, garantizando condiciones \u00f3ptimas para el desarrollo del campo.<\/div>\n<div dir=\"auto\" style=\"text-align: justify;\"><\/div>\n<div dir=\"auto\" style=\"text-align: justify;\">El H. Ayuntamiento exhorta a la poblaci\u00f3n a tomar las precauciones necesarias en las zonas donde se realicen las aplicaciones, as\u00ed como a atender las recomendaciones emitidas por el personal t\u00e9cnico autorizado, con el fin de asegurar la efectividad de los trabajos y la seguridad de la comunidad.<\/div>\n<div dir=\"auto\" style=\"text-align: justify;\"><\/div>\n<div dir=\"auto\" style=\"text-align: justify;\">Con estas acciones, el H. Ayuntamiento de Medell\u00edn de Bravo refrenda su compromiso con el impulso al sector agropecuario, la protecci\u00f3n de la sanidad agr\u00edcola y el bienestar del campo, trabajando de manera permanente en favor del desarrollo sostenible del municipio.<\/div>\n<div dir=\"auto\"><img loading=\"lazy\" decoding=\"async\" class=\"alignleft size-medium wp-image-4930\" src=\"https:\/\/revistaenfoquepolitico.com\/wp-content\/uploads\/2026\/01\/IMG-20260114-WA0263-300x220.jpg\" alt=\"\" width=\"300\" height=\"220\" srcset=\"https:\/\/revistaenfoquepolitico.com\/wp-content\/uploads\/2026\/01\/IMG-20260114-WA0263-300x220.jpg 300w, https:\/\/revistaenfoquepolitico.com\/wp-content\/uploads\/2026\/01\/IMG-20260114-WA0263-1024x749.jpg 1024w, https:\/\/revistaenfoquepolitico.com\/wp-content\/uploads\/2026\/01\/IMG-20260114-WA0263-768x562.jpg 768w, https:\/\/revistaenfoquepolitico.com\/wp-content\/uploads\/2026\/01\/IMG-20260114-WA0263.jpg 1219w\" sizes=\"auto, (max-width: 300px) 100vw, 300px\" \/><img loading=\"lazy\" decoding=\"async\" class=\"alignright size-medium wp-image-4934\" src=\"https:\/\/revistaenfoquepolitico.com\/wp-content\/uploads\/2026\/01\/IMG-20260114-WA0261-300x229.jpg\" alt=\"\" width=\"300\" height=\"229\" srcset=\"https:\/\/revistaenfoquepolitico.com\/wp-content\/uploads\/2026\/01\/IMG-20260114-WA0261-300x229.jpg 300w, https:\/\/revistaenfoquepolitico.com\/wp-content\/uploads\/2026\/01\/IMG-20260114-WA0261-1024x780.jpg 1024w, https:\/\/revistaenfoquepolitico.com\/wp-content\/uploads\/2026\/01\/IMG-20260114-WA0261-768x585.jpg 768w, https:\/\/revistaenfoquepolitico.com\/wp-content\/uploads\/2026\/01\/IMG-20260114-WA0261-1536x1170.jpg 1536w, https:\/\/revistaenfoquepolitico.com\/wp-content\/uploads\/2026\/01\/IMG-20260114-WA0261.jpg 1600w\" sizes=\"auto, (max-width: 300px) 100vw, 300px\" \/><\/div>\n<\/div>\n<div dir=\"auto\"><\/div>\n<div dir=\"auto\"><\/div>\n<div dir=\"auto\"><\/div>\n<div dir=\"auto\"><\/div>\n<div dir=\"auto\"><\/div>\n<div dir=\"auto\"><\/div>\n<div dir=\"auto\"><\/div>\n<div dir=\"auto\"><\/div>\n<div dir=\"auto\"><\/div>\n<div dir=\"auto\"><\/div>\n<div dir=\"auto\"><\/div>\n<div dir=\"auto\"><\/div>\n<div dir=\"auto\"><img loading=\"lazy\" decoding=\"async\" class=\"alignleft size-medium wp-image-4931\" src=\"https:\/\/revistaenfoquepolitico.com\/wp-content\/uploads\/2026\/01\/IMG-20260114-WA0260-278x300.jpg\" alt=\"\" width=\"278\" height=\"300\" srcset=\"https:\/\/revistaenfoquepolitico.com\/wp-content\/uploads\/2026\/01\/IMG-20260114-WA0260-278x300.jpg 278w, https:\/\/revistaenfoquepolitico.com\/wp-content\/uploads\/2026\/01\/IMG-20260114-WA0260-948x1024.jpg 948w, https:\/\/revistaenfoquepolitico.com\/wp-content\/uploads\/2026\/01\/IMG-20260114-WA0260-768x830.jpg 768w, https:\/\/revistaenfoquepolitico.com\/wp-content\/uploads\/2026\/01\/IMG-20260114-WA0260.jpg 1219w\" sizes=\"auto, (max-width: 278px) 100vw, 278px\" \/><\/div>\n","protected":false},"excerpt":{"rendered":"<p>Medell\u00edn de Bravo, Veracruz, 14 de enero de 2026 Por instrucciones del presidente municipal Samuel Acosta, la Direcci\u00f3n de Fomento Agropecuario del H. Ayuntamiento de Medell\u00edn de Bravo, a cargo de Arqu\u00edmides Mendoza Naranjos, informa a las y los productores, as\u00ed como a la ciudadan\u00eda en general, que se encuentran en marcha los trabajos de [&hellip;]<\/p>\n","protected":false},"author":1,"featured_media":4933,"comment_status":"closed","ping_status":"closed","sticky":false,"template":"","format":"standard","meta":{"_jetpack_memberships_contains_paid_content":false,"footnotes":"","jetpack_publicize_message":"","jetpack_publicize_feature_enabled":true,"jetpack_social_post_already_shared":false,"jetpack_social_options":{"image_generator_settings":{"template":"highway","default_image_id":0,"font":"","enabled":false},"version":2}},"categories":[4],"tags":[73],"class_list":["post-4929","post","type-post","status-publish","format-standard","has-post-thumbnail","hentry","category-noticia-politica","tag-samuel-acosta-alcalde-de-medellin"],"jetpack_publicize_connections":[],"jetpack_featured_media_url":"https:\/\/revistaenfoquepolitico.com\/wp-content\/uploads\/2026\/01\/IMG-20260114-WA0264.jpg","jetpack_sharing_enabled":true,"_links":{"self":[{"href":"https:\/\/revistaenfoquepolitico.com\/index.php\/wp-json\/wp\/v2\/posts\/4929","targetHints":{"allow":["GET"]}}],"collection":[{"href":"https:\/\/revistaenfoquepolitico.com\/index.php\/wp-json\/wp\/v2\/posts"}],"about":[{"href":"https:\/\/revistaenfoquepolitico.com\/index.php\/wp-json\/wp\/v2\/types\/post"}],"author":[{"embeddable":true,"href":"https:\/\/revistaenfoquepolitico.com\/index.php\/wp-json\/wp\/v2\/users\/1"}],"replies":[{"embeddable":true,"href":"https:\/\/revistaenfoquepolitico.com\/index.php\/wp-json\/wp\/v2\/comments?post=4929"}],"version-history":[{"count":1,"href":"https:\/\/revistaenfoquepolitico.com\/index.php\/wp-json\/wp\/v2\/posts\/4929\/revisions"}],"predecessor-version":[{"id":4935,"href":"https:\/\/revistaenfoquepolitico.com\/index.php\/wp-json\/wp\/v2\/posts\/4929\/revisions\/4935"}],"wp:featuredmedia":[{"embeddable":true,"href":"https:\/\/revistaenfoquepolitico.com\/index.php\/wp-json\/wp\/v2\/media\/4933"}],"wp:attachment":[{"href":"https:\/\/revistaenfoquepolitico.com\/index.php\/wp-json\/wp\/v2\/media?parent=4929"}],"wp:term":[{"taxonomy":"category","embeddable":true,"href":"https:\/\/revistaenfoquepolitico.com\/index.php\/wp-json\/wp\/v2\/categories?post=4929"},{"taxonomy":"post_tag","embeddable":true,"href":"https:\/\/revistaenfoquepolitico.com\/index.php\/wp-json\/wp\/v2\/tags?post=4929"}],"curies":[{"name":"wp","href":"https:\/\/api.w.org\/{rel}","templated":true}]}}