{"id":4939,"date":"2026-01-14T23:58:51","date_gmt":"2026-01-15T05:58:51","guid":{"rendered":"https:\/\/revistaenfoquepolitico.com\/?p=4939"},"modified":"2026-01-14T23:58:51","modified_gmt":"2026-01-15T05:58:51","slug":"respaldo-al-deporte-y-espacios-dignos-prioridad-en-la-ciudad-de-veracruz","status":"publish","type":"post","link":"https:\/\/revistaenfoquepolitico.com\/index.php\/2026\/01\/14\/respaldo-al-deporte-y-espacios-dignos-prioridad-en-la-ciudad-de-veracruz\/","title":{"rendered":"RESPALDO AL DEPORTE Y ESPACIOS DIGNOS, PRIORIDAD EN LA CIUDAD DE VERACRUZ"},"content":{"rendered":"<div dir=\"auto\" data-olk-copy-source=\"MessageBody\">Veracruz, Ver., 14 de enero de 2026<\/div>\n<div dir=\"auto\">Bolet\u00edn informativo<\/div>\n<div dir=\"auto\"><\/div>\n<div dir=\"auto\"><\/div>\n<div dir=\"auto\" style=\"text-align: justify;\">El H. Ayuntamiento de Veracruz, encabezado por la presidenta municipal Rosa Mar\u00eda Hern\u00e1ndez Espejo, impulsa un proyecto integral en materia deportiva para el periodo 2026\u20132029, con ejes centrados en la cultura f\u00edsica, la salud y el deporte comunitario, como herramientas clave para el bienestar social.<\/div>\n<div dir=\"auto\" style=\"text-align: justify;\"><\/div>\n<div dir=\"auto\" style=\"text-align: justify;\"><img loading=\"lazy\" decoding=\"async\" class=\"alignleft size-medium wp-image-4943\" src=\"https:\/\/revistaenfoquepolitico.com\/wp-content\/uploads\/2026\/01\/IMG-20260114-WA0409-300x200.jpg\" alt=\"\" width=\"300\" height=\"200\" srcset=\"https:\/\/revistaenfoquepolitico.com\/wp-content\/uploads\/2026\/01\/IMG-20260114-WA0409-300x200.jpg 300w, https:\/\/revistaenfoquepolitico.com\/wp-content\/uploads\/2026\/01\/IMG-20260114-WA0409-1024x683.jpg 1024w, https:\/\/revistaenfoquepolitico.com\/wp-content\/uploads\/2026\/01\/IMG-20260114-WA0409-768x512.jpg 768w, https:\/\/revistaenfoquepolitico.com\/wp-content\/uploads\/2026\/01\/IMG-20260114-WA0409-1536x1024.jpg 1536w, https:\/\/revistaenfoquepolitico.com\/wp-content\/uploads\/2026\/01\/IMG-20260114-WA0409-2048x1366.jpg 2048w\" sizes=\"auto, (max-width: 300px) 100vw, 300px\" \/>A trav\u00e9s de la Direcci\u00f3n de Deporte, se implementan estrategias enfocadas en la capacitaci\u00f3n de entrenadoras y entrenadores, el uso eficiente y mantenimiento de las unidades deportivas, as\u00ed como una gesti\u00f3n sustentable que fortalezca la pr\u00e1ctica deportiva y la calidad de vida de la ciudadan\u00eda.<\/div>\n<div dir=\"auto\" style=\"text-align: justify;\"><\/div>\n<div dir=\"auto\" style=\"text-align: justify;\">En este contexto, el pasado fin de semana iniciaron las eliminatorias municipales rumbo a la Olimpiada Estatal 2026 con el selectivo de Ajedrez, en el que participaron 27 ajedrecistas, de los cuales cuatro clasificaron a la etapa estatal.<\/div>\n<div dir=\"auto\" style=\"text-align: justify;\"><\/div>\n<div dir=\"auto\" style=\"text-align: justify;\">Las eliminatorias municipales contin\u00faan esta semana con el Voleibol de Playa, los d\u00edas 14 y 15 de enero en las canchas de Reino M\u00e1gico, y el Voleibol de Sala, los d\u00edas 17 y 18 de enero en la Unidad Deportiva Floresta, reafirmando el compromiso del gobierno municipal con el fortalecimiento del deporte y la reconstrucci\u00f3n del tejido social.<\/div>\n<div id=\"x_ms-outlook-mobile-body-separator-line\" dir=\"auto\" data-applydefaultfontstyles=\"true\">\n<div dir=\"auto\" style=\"text-align: justify;\"><img loading=\"lazy\" decoding=\"async\" class=\"alignright size-medium wp-image-4941\" src=\"https:\/\/revistaenfoquepolitico.com\/wp-content\/uploads\/2026\/01\/IMG-20260114-WA0410-300x200.jpg\" alt=\"\" width=\"300\" height=\"200\" srcset=\"https:\/\/revistaenfoquepolitico.com\/wp-content\/uploads\/2026\/01\/IMG-20260114-WA0410-300x200.jpg 300w, https:\/\/revistaenfoquepolitico.com\/wp-content\/uploads\/2026\/01\/IMG-20260114-WA0410-1024x683.jpg 1024w, https:\/\/revistaenfoquepolitico.com\/wp-content\/uploads\/2026\/01\/IMG-20260114-WA0410-768x512.jpg 768w, https:\/\/revistaenfoquepolitico.com\/wp-content\/uploads\/2026\/01\/IMG-20260114-WA0410-1536x1024.jpg 1536w, https:\/\/revistaenfoquepolitico.com\/wp-content\/uploads\/2026\/01\/IMG-20260114-WA0410-2048x1366.jpg 2048w\" sizes=\"auto, (max-width: 300px) 100vw, 300px\" \/><\/div>\n<\/div>\n","protected":false},"excerpt":{"rendered":"<p>Veracruz, Ver., 14 de enero de 2026 Bolet\u00edn informativo El H. Ayuntamiento de Veracruz, encabezado por la presidenta municipal Rosa Mar\u00eda Hern\u00e1ndez Espejo, impulsa un proyecto integral en materia deportiva para el periodo 2026\u20132029, con ejes centrados en la cultura f\u00edsica, la salud y el deporte comunitario, como herramientas clave para el bienestar social. A [&hellip;]<\/p>\n","protected":false},"author":1,"featured_media":4942,"comment_status":"closed","ping_status":"closed","sticky":false,"template":"","format":"standard","meta":{"_jetpack_memberships_contains_paid_content":false,"footnotes":"","jetpack_publicize_message":"","jetpack_publicize_feature_enabled":true,"jetpack_social_post_already_shared":false,"jetpack_social_options":{"image_generator_settings":{"template":"highway","default_image_id":0,"font":"","enabled":false},"version":2}},"categories":[4],"tags":[72],"class_list":["post-4939","post","type-post","status-publish","format-standard","has-post-thumbnail","hentry","category-noticia-politica","tag-rosa-maria-presidenta-de-veracruz"],"jetpack_publicize_connections":[],"jetpack_featured_media_url":"https:\/\/revistaenfoquepolitico.com\/wp-content\/uploads\/2026\/01\/IMG-20260114-WA0411-1.jpg","jetpack_sharing_enabled":true,"_links":{"self":[{"href":"https:\/\/revistaenfoquepolitico.com\/index.php\/wp-json\/wp\/v2\/posts\/4939","targetHints":{"allow":["GET"]}}],"collection":[{"href":"https:\/\/revistaenfoquepolitico.com\/index.php\/wp-json\/wp\/v2\/posts"}],"about":[{"href":"https:\/\/revistaenfoquepolitico.com\/index.php\/wp-json\/wp\/v2\/types\/post"}],"author":[{"embeddable":true,"href":"https:\/\/revistaenfoquepolitico.com\/index.php\/wp-json\/wp\/v2\/users\/1"}],"replies":[{"embeddable":true,"href":"https:\/\/revistaenfoquepolitico.com\/index.php\/wp-json\/wp\/v2\/comments?post=4939"}],"version-history":[{"count":1,"href":"https:\/\/revistaenfoquepolitico.com\/index.php\/wp-json\/wp\/v2\/posts\/4939\/revisions"}],"predecessor-version":[{"id":4944,"href":"https:\/\/revistaenfoquepolitico.com\/index.php\/wp-json\/wp\/v2\/posts\/4939\/revisions\/4944"}],"wp:featuredmedia":[{"embeddable":true,"href":"https:\/\/revistaenfoquepolitico.com\/index.php\/wp-json\/wp\/v2\/media\/4942"}],"wp:attachment":[{"href":"https:\/\/revistaenfoquepolitico.com\/index.php\/wp-json\/wp\/v2\/media?parent=4939"}],"wp:term":[{"taxonomy":"category","embeddable":true,"href":"https:\/\/revistaenfoquepolitico.com\/index.php\/wp-json\/wp\/v2\/categories?post=4939"},{"taxonomy":"post_tag","embeddable":true,"href":"https:\/\/revistaenfoquepolitico.com\/index.php\/wp-json\/wp\/v2\/tags?post=4939"}],"curies":[{"name":"wp","href":"https:\/\/api.w.org\/{rel}","templated":true}]}}