{"id":4945,"date":"2026-01-15T00:26:26","date_gmt":"2026-01-15T06:26:26","guid":{"rendered":"https:\/\/revistaenfoquepolitico.com\/?p=4945"},"modified":"2026-01-15T00:26:26","modified_gmt":"2026-01-15T06:26:26","slug":"presentan-a-la-corte-real-del-carnaval-de-veracruz-2026-la-fiesta-de-todos","status":"publish","type":"post","link":"https:\/\/revistaenfoquepolitico.com\/index.php\/2026\/01\/15\/presentan-a-la-corte-real-del-carnaval-de-veracruz-2026-la-fiesta-de-todos\/","title":{"rendered":"PRESENTAN A LA CORTE REAL DEL CARNAVAL DE VERACRUZ 2026, \u00abLA FIESTA DE TODOS\u00bb"},"content":{"rendered":"<div dir=\"auto\">Veracruz, Ver., 14 de enero de 2026<\/div>\n<div dir=\"auto\"><\/div>\n<ul>\n<li dir=\"auto\" style=\"text-align: justify;\">En un ambiente lleno de alegr\u00eda y tradici\u00f3n, se realiz\u00f3 la presentaci\u00f3n oficial de la Corte Real que encabezar\u00e1 la edici\u00f3n 102 del Carnaval de Veracruz 2026, \u201cLa Fiesta de Todos\u201d, que se celebrar\u00e1 del 10 al 18 de febrero.<\/li>\n<li dir=\"auto\" style=\"text-align: justify;\"><\/li>\n<li dir=\"auto\" style=\"text-align: justify;\">La presidenta municipal de Veracruz, Rosa Mar\u00eda Hern\u00e1ndez Espejo, destac\u00f3 que el objetivo es que el Carnaval de Veracruz sea el m\u00e1s alegre del mundo, seguro y accesible para la ciudadan\u00eda y el turismo.<\/li>\n<li dir=\"auto\" style=\"text-align: justify;\"><\/li>\n<li dir=\"auto\" style=\"text-align: justify;\">\u201cQueremos que nuestras tradiciones y la gran cultura jarocha ocupen el lugar que merecen, que el Carnaval vuelva a pertenecer a nuestras ni\u00f1as, ni\u00f1os y adultos mayores, recuperando su gloria y reconocimiento internacional de anta\u00f1o\u201d, expres\u00f3 la alcaldesa ante los asistentes al Museo de la Ciudad \u201cManuel Guti\u00e9rrez Zamora\u201d.<\/li>\n<\/ul>\n<div dir=\"auto\"><\/div>\n<div dir=\"auto\">La Corte Real electa qued\u00f3 conformada de la siguiente manera:<\/div>\n<div dir=\"auto\"><\/div>\n<div dir=\"auto\">Reina del Carnaval:<\/div>\n<div dir=\"auto\">\u2002\u2002\u2002\u2002\u2002\u2002\u2022\u2002\u2002\u2002\u2002\u2002Fernanda Pumar G\u00f3mez<\/div>\n<div dir=\"auto\">\u2002\u2002\u2002\u2002\u2002\u2002\u2022\u2002\u2002\u2002\u2002\u2002Princesa Primera: Valentina Cruz S\u00e1nchez<\/div>\n<div dir=\"auto\">\u2002\u2002\u2002\u2002\u2002\u2002\u2022\u2002\u2002\u2002\u2002\u2002Princesa Segunda: Marina Castro Dimas<\/div>\n<div dir=\"auto\"><\/div>\n<div dir=\"auto\">Rey del Carnaval:<\/div>\n<div dir=\"auto\">\u2002\u2002\u2002\u2002\u2002\u2002\u2022\u2002\u2002\u2002\u2002\u2002Bernardino Jim\u00e9nez Revuelta \u201cNayo\u201d<\/div>\n<div dir=\"auto\">\u2002\u2002\u2002\u2002\u2002\u2002\u2022\u2002\u2002\u2002\u2002\u2002Princeso Primero: Jos\u00e9 Mario S\u00e1nchez Ucha<\/div>\n<div dir=\"auto\">\u2002\u2002\u2002\u2002\u2002\u2002\u2022\u2002\u2002\u2002\u2002\u2002Princeso Segundo: Jorge Jair Torres Espejo \u201cChiliwily\u201d<\/div>\n<div dir=\"auto\"><\/div>\n<div dir=\"auto\">Reina Infantil:<\/div>\n<div dir=\"auto\">\u2002\u2002\u2002\u2002\u2002\u2002\u2022\u2002\u2002\u2002\u2002\u2002Maryelli S\u00e1bela Torres Delgado<\/div>\n<div dir=\"auto\">\u2002\u2002\u2002\u2002\u2002\u2002\u2022\u2002\u2002\u2002\u2002\u2002Princesa Primera: Regina Torrecilla Delgado<\/div>\n<div dir=\"auto\">\u2002\u2002\u2002\u2002\u2002\u2002\u2022\u2002\u2002\u2002\u2002\u2002Princesa Segunda: Zarah Xochipilli Monta\u00f1o Castillo<\/div>\n<div dir=\"auto\"><\/div>\n<div dir=\"auto\">Rey Infantil:<\/div>\n<div dir=\"auto\">\u2002\u2002\u2002\u2002\u2002\u2002\u2022\u2002\u2002\u2002\u2002\u2002Gael Santiago Segura Rangel<\/div>\n<div dir=\"auto\">\u2002\u2002\u2002\u2002\u2002\u2002\u2022\u2002\u2002\u2002\u2002\u2002Princeso Primero: Fabi\u00e1n Acosta Cayetano<\/div>\n<div dir=\"auto\">\u2002\u2002\u2002\u2002\u2002\u2002\u2022\u2002\u2002\u2002\u2002\u2002Princeso Segundo: Ariel de Jes\u00fas Rodr\u00edguez Nieves<\/div>\n<div dir=\"auto\"><\/div>\n<div dir=\"auto\">El programa de coronaciones se realizar\u00e1 de la siguiente manera:<\/div>\n<div dir=\"auto\">\u2002\u2002\u2002\u2002\u2002\u2002\u2022\u2002\u2002\u2002\u2002\u200211 de febrero: Coronaci\u00f3n de Reyes Infantiles (con la presentaci\u00f3n de Picus)<\/div>\n<div dir=\"auto\">\u2002\u2002\u2002\u2002\u2002\u2002\u2022\u2002\u2002\u2002\u2002\u200212 de febrero: Coronaci\u00f3n del Rey de la Alegr\u00eda (con Havana D\u2019 Primera y Joseph Amado)<\/div>\n<div dir=\"auto\">\u2002\u2002\u2002\u2002\u2002\u2002\u2022\u2002\u2002\u2002\u2002\u200213 de febrero: Coronaci\u00f3n de la Reina del Carnaval (con concierto de Carlos Rivera)<\/div>\n<div dir=\"auto\"><\/div>\n<div dir=\"auto\" style=\"text-align: justify;\">El evento cont\u00f3 con la presencia de Gustavo Gudi\u00f1o Corro, Regidor 12 con la comisi\u00f3n de Carnaval; Daniel Mart\u00edn Lois, director de Turismo y Carnaval, Daniela Lily Hern\u00e1ndez, presidenta del DIF municipal y Mar\u00eda Indira Dom\u00ednguez Ram\u00f3n, directora de Cultura y Recreaci\u00f3n.<\/div>\n<div dir=\"auto\"><img loading=\"lazy\" decoding=\"async\" class=\"alignleft size-medium wp-image-4947\" src=\"https:\/\/revistaenfoquepolitico.com\/wp-content\/uploads\/2026\/01\/IMG-20260114-WA0384-300x200.jpg\" alt=\"\" width=\"300\" height=\"200\" srcset=\"https:\/\/revistaenfoquepolitico.com\/wp-content\/uploads\/2026\/01\/IMG-20260114-WA0384-300x200.jpg 300w, https:\/\/revistaenfoquepolitico.com\/wp-content\/uploads\/2026\/01\/IMG-20260114-WA0384-1024x683.jpg 1024w, https:\/\/revistaenfoquepolitico.com\/wp-content\/uploads\/2026\/01\/IMG-20260114-WA0384-768x512.jpg 768w, https:\/\/revistaenfoquepolitico.com\/wp-content\/uploads\/2026\/01\/IMG-20260114-WA0384.jpg 1280w\" sizes=\"auto, (max-width: 300px) 100vw, 300px\" \/><img loading=\"lazy\" decoding=\"async\" class=\"alignright size-medium wp-image-4949\" src=\"https:\/\/revistaenfoquepolitico.com\/wp-content\/uploads\/2026\/01\/IMG-20260114-WA0382-300x200.jpg\" alt=\"\" width=\"300\" height=\"200\" srcset=\"https:\/\/revistaenfoquepolitico.com\/wp-content\/uploads\/2026\/01\/IMG-20260114-WA0382-300x200.jpg 300w, https:\/\/revistaenfoquepolitico.com\/wp-content\/uploads\/2026\/01\/IMG-20260114-WA0382-1024x683.jpg 1024w, https:\/\/revistaenfoquepolitico.com\/wp-content\/uploads\/2026\/01\/IMG-20260114-WA0382-768x512.jpg 768w, https:\/\/revistaenfoquepolitico.com\/wp-content\/uploads\/2026\/01\/IMG-20260114-WA0382.jpg 1280w\" sizes=\"auto, (max-width: 300px) 100vw, 300px\" \/><\/div>\n<div dir=\"auto\"><\/div>\n<div dir=\"auto\"><\/div>\n<div dir=\"auto\"><\/div>\n<div dir=\"auto\"><\/div>\n<div dir=\"auto\"><\/div>\n<div dir=\"auto\"><\/div>\n<div dir=\"auto\"><\/div>\n<div dir=\"auto\"><\/div>\n<div dir=\"auto\"><\/div>\n<div dir=\"auto\"><img loading=\"lazy\" decoding=\"async\" class=\"alignleft size-medium wp-image-4948\" src=\"https:\/\/revistaenfoquepolitico.com\/wp-content\/uploads\/2026\/01\/IMG-20260114-WA0383-300x200.jpg\" alt=\"\" width=\"300\" height=\"200\" srcset=\"https:\/\/revistaenfoquepolitico.com\/wp-content\/uploads\/2026\/01\/IMG-20260114-WA0383-300x200.jpg 300w, https:\/\/revistaenfoquepolitico.com\/wp-content\/uploads\/2026\/01\/IMG-20260114-WA0383-1024x683.jpg 1024w, https:\/\/revistaenfoquepolitico.com\/wp-content\/uploads\/2026\/01\/IMG-20260114-WA0383-768x512.jpg 768w, https:\/\/revistaenfoquepolitico.com\/wp-content\/uploads\/2026\/01\/IMG-20260114-WA0383.jpg 1280w\" sizes=\"auto, (max-width: 300px) 100vw, 300px\" \/><img loading=\"lazy\" decoding=\"async\" class=\"alignright size-medium wp-image-4951\" src=\"https:\/\/revistaenfoquepolitico.com\/wp-content\/uploads\/2026\/01\/IMG-20260114-WA0381-300x200.jpg\" alt=\"\" width=\"300\" height=\"200\" srcset=\"https:\/\/revistaenfoquepolitico.com\/wp-content\/uploads\/2026\/01\/IMG-20260114-WA0381-300x200.jpg 300w, https:\/\/revistaenfoquepolitico.com\/wp-content\/uploads\/2026\/01\/IMG-20260114-WA0381-1024x682.jpg 1024w, https:\/\/revistaenfoquepolitico.com\/wp-content\/uploads\/2026\/01\/IMG-20260114-WA0381-768x511.jpg 768w, https:\/\/revistaenfoquepolitico.com\/wp-content\/uploads\/2026\/01\/IMG-20260114-WA0381.jpg 1280w\" sizes=\"auto, (max-width: 300px) 100vw, 300px\" \/><\/div>\n<div dir=\"auto\"><\/div>\n<div dir=\"auto\"><\/div>\n<div dir=\"auto\"><\/div>\n<div dir=\"auto\"><\/div>\n<div dir=\"auto\"><\/div>\n<div dir=\"auto\"><\/div>\n<div dir=\"auto\"><\/div>\n<div dir=\"auto\"><\/div>\n<div dir=\"auto\"><\/div>\n<div dir=\"auto\"><img loading=\"lazy\" decoding=\"async\" class=\"alignleft size-medium wp-image-4950\" src=\"https:\/\/revistaenfoquepolitico.com\/wp-content\/uploads\/2026\/01\/IMG-20260114-WA0380-300x200.jpg\" alt=\"\" width=\"300\" height=\"200\" srcset=\"https:\/\/revistaenfoquepolitico.com\/wp-content\/uploads\/2026\/01\/IMG-20260114-WA0380-300x200.jpg 300w, https:\/\/revistaenfoquepolitico.com\/wp-content\/uploads\/2026\/01\/IMG-20260114-WA0380-1024x682.jpg 1024w, https:\/\/revistaenfoquepolitico.com\/wp-content\/uploads\/2026\/01\/IMG-20260114-WA0380-768x511.jpg 768w, https:\/\/revistaenfoquepolitico.com\/wp-content\/uploads\/2026\/01\/IMG-20260114-WA0380.jpg 1280w\" sizes=\"auto, (max-width: 300px) 100vw, 300px\" \/><\/div>\n<div id=\"x_ms-outlook-mobile-body-separator-line\" dir=\"auto\" data-applydefaultfontstyles=\"true\">\n<div dir=\"auto\"><\/div>\n<\/div>\n","protected":false},"excerpt":{"rendered":"<p>Veracruz, Ver., 14 de enero de 2026 En un ambiente lleno de alegr\u00eda y tradici\u00f3n, se realiz\u00f3 la presentaci\u00f3n oficial de la Corte Real que encabezar\u00e1 la edici\u00f3n 102 del Carnaval de Veracruz 2026, \u201cLa Fiesta de Todos\u201d, que se celebrar\u00e1 del 10 al 18 de febrero. La presidenta municipal de Veracruz, Rosa Mar\u00eda Hern\u00e1ndez [&hellip;]<\/p>\n","protected":false},"author":1,"featured_media":4946,"comment_status":"closed","ping_status":"closed","sticky":false,"template":"","format":"standard","meta":{"_jetpack_memberships_contains_paid_content":false,"footnotes":"","jetpack_publicize_message":"","jetpack_publicize_feature_enabled":true,"jetpack_social_post_already_shared":false,"jetpack_social_options":{"image_generator_settings":{"template":"highway","default_image_id":0,"font":"","enabled":false},"version":2}},"categories":[4],"tags":[60],"class_list":["post-4945","post","type-post","status-publish","format-standard","has-post-thumbnail","hentry","category-noticia-politica","tag-carnaval-2026"],"jetpack_publicize_connections":[],"jetpack_featured_media_url":"https:\/\/revistaenfoquepolitico.com\/wp-content\/uploads\/2026\/01\/IMG-20260114-WA0379.jpg","jetpack_sharing_enabled":true,"_links":{"self":[{"href":"https:\/\/revistaenfoquepolitico.com\/index.php\/wp-json\/wp\/v2\/posts\/4945","targetHints":{"allow":["GET"]}}],"collection":[{"href":"https:\/\/revistaenfoquepolitico.com\/index.php\/wp-json\/wp\/v2\/posts"}],"about":[{"href":"https:\/\/revistaenfoquepolitico.com\/index.php\/wp-json\/wp\/v2\/types\/post"}],"author":[{"embeddable":true,"href":"https:\/\/revistaenfoquepolitico.com\/index.php\/wp-json\/wp\/v2\/users\/1"}],"replies":[{"embeddable":true,"href":"https:\/\/revistaenfoquepolitico.com\/index.php\/wp-json\/wp\/v2\/comments?post=4945"}],"version-history":[{"count":1,"href":"https:\/\/revistaenfoquepolitico.com\/index.php\/wp-json\/wp\/v2\/posts\/4945\/revisions"}],"predecessor-version":[{"id":4952,"href":"https:\/\/revistaenfoquepolitico.com\/index.php\/wp-json\/wp\/v2\/posts\/4945\/revisions\/4952"}],"wp:featuredmedia":[{"embeddable":true,"href":"https:\/\/revistaenfoquepolitico.com\/index.php\/wp-json\/wp\/v2\/media\/4946"}],"wp:attachment":[{"href":"https:\/\/revistaenfoquepolitico.com\/index.php\/wp-json\/wp\/v2\/media?parent=4945"}],"wp:term":[{"taxonomy":"category","embeddable":true,"href":"https:\/\/revistaenfoquepolitico.com\/index.php\/wp-json\/wp\/v2\/categories?post=4945"},{"taxonomy":"post_tag","embeddable":true,"href":"https:\/\/revistaenfoquepolitico.com\/index.php\/wp-json\/wp\/v2\/tags?post=4945"}],"curies":[{"name":"wp","href":"https:\/\/api.w.org\/{rel}","templated":true}]}}