{"id":4982,"date":"2026-01-15T18:31:30","date_gmt":"2026-01-16T00:31:30","guid":{"rendered":"https:\/\/revistaenfoquepolitico.com\/?p=4982"},"modified":"2026-01-15T18:31:30","modified_gmt":"2026-01-16T00:31:30","slug":"pfm-cumplimenta-orden-de-aprehension-contra-una-persona-por-portacion-de-arma-de-fuego-sin-licencia","status":"publish","type":"post","link":"https:\/\/revistaenfoquepolitico.com\/index.php\/2026\/01\/15\/pfm-cumplimenta-orden-de-aprehension-contra-una-persona-por-portacion-de-arma-de-fuego-sin-licencia\/","title":{"rendered":"PFM CUMPLIMENTA ORDEN DE APREHENSI\u00d3N CONTRA UNA PERSONA POR PORTACI\u00d3N DE ARMA DE FUEGO SIN LICENCIA|"},"content":{"rendered":"<div dir=\"auto\" data-olk-copy-source=\"MessageBody\">Comunicado FGR DPE\/0162\/2026<\/div>\n<div dir=\"auto\">Veracruz, Veracruz, 15 de enero de 2026<\/div>\n<div dir=\"auto\"><\/div>\n<div dir=\"auto\"><\/div>\n<div dir=\"auto\"><strong>PFM CUMPLIMENTA ORDEN DE APREHENSI\u00d3N CONTRA UNA PERSONA POR PORTACI\u00d3N DE ARMA DE FUEGO SIN LICENCIA<\/strong><\/div>\n<div dir=\"auto\"><\/div>\n<div dir=\"auto\" style=\"text-align: justify;\">La Fiscal\u00eda General de la Rep\u00fablica (FGR) a trav\u00e9s de su Fiscal\u00eda Especializada de Control Regional (FECOR) en el estado de Veracruz, por conducto de elementos de la Polic\u00eda Federal Ministerial (PFM), cumpliment\u00f3 orden de aprehensi\u00f3n, librada por<\/div>\n<div dir=\"auto\" style=\"text-align: justify;\">el Juzgado Especializado en el Sistema Penal Acusatorio del Centro de Justicia Federal con sede en Emiliano Zapata, Veracruz, en el municipio de Veracruz.<\/div>\n<div dir=\"auto\"><\/div>\n<div dir=\"auto\"><\/div>\n<div dir=\"auto\" style=\"text-align: justify;\">Elementos de la Polic\u00eda Federal Ministerial, adscritos a la subsede de Veracruz, cumplimentaron el mandamiento judicial en contra de Jes\u00fas \u201cN\u201d y\/o \u00c1ngel \u201cN\u201d, en las inmediaciones de la colonia Santa Fe, del municipio referido, por la comisi\u00f3n del delito de portaci\u00f3n de arma de fuego sin licencia.<\/div>\n<div dir=\"auto\"><\/div>\n<div dir=\"auto\"><\/div>\n<div dir=\"auto\" style=\"text-align: justify;\">Jes\u00fas \u201cN\u201d y\/o \u00c1ngel \u201cN\u201d fue puesto a disposici\u00f3n del juez que la requiere, por incurrir en un delito del fuero federal.<\/div>\n<div dir=\"auto\">A la persona mencionada en este comunicado se le presume inocente, mientras no exista sentencia condenatoria emitida por autoridad judicial competente.<\/div>\n<div dir=\"auto\"><\/div>\n<div dir=\"auto\"><\/div>\n<div dir=\"auto\" style=\"text-align: justify;\">Con estas acciones la FGR reafirma el compromiso con la sociedad para la investigaci\u00f3n y persecuci\u00f3n de los delitos en materia federal, y sobre particular en el combate a los delitos de la Ley Federal de Armas de Fuego y Explosivos, en el Estado de Veracruz; por lo que se invita a la ciudadan\u00eda a que denuncie las 24 horas de los 365 d\u00edas del a\u00f1o, de forma presencial o an\u00f3nima, en las instalaciones de la Fiscal\u00eda General de la Rep\u00fablica en el estado de Veracruz, con domicilio en Av. J.B. Lobos n\u00famero 684, Colonia Reserva territorial \u201cEl Coyol\u201d, C.P. 91779, Veracruz, Ver, tel\u00e9fono 2299896334, correo electr\u00f3nico vua.veracruz@fgr.org.mx.<\/div>\n<div id=\"x_ms-outlook-mobile-body-separator-line\" dir=\"auto\" data-applydefaultfontstyles=\"true\">\n<div dir=\"auto\"><\/div>\n<\/div>\n","protected":false},"excerpt":{"rendered":"<p>Comunicado FGR DPE\/0162\/2026 Veracruz, Veracruz, 15 de enero de 2026 PFM CUMPLIMENTA ORDEN DE APREHENSI\u00d3N CONTRA UNA PERSONA POR PORTACI\u00d3N DE ARMA DE FUEGO SIN LICENCIA La Fiscal\u00eda General de la Rep\u00fablica (FGR) a trav\u00e9s de su Fiscal\u00eda Especializada de Control Regional (FECOR) en el estado de Veracruz, por conducto de elementos de la Polic\u00eda [&hellip;]<\/p>\n","protected":false},"author":1,"featured_media":4983,"comment_status":"closed","ping_status":"closed","sticky":false,"template":"","format":"standard","meta":{"_jetpack_memberships_contains_paid_content":false,"footnotes":"","jetpack_publicize_message":"","jetpack_publicize_feature_enabled":true,"jetpack_social_post_already_shared":false,"jetpack_social_options":{"image_generator_settings":{"template":"highway","default_image_id":0,"font":"","enabled":false},"version":2}},"categories":[6],"tags":[62],"class_list":["post-4982","post","type-post","status-publish","format-standard","has-post-thumbnail","hentry","category-noticia-policiaca","tag-fgr"],"jetpack_publicize_connections":[],"jetpack_featured_media_url":"https:\/\/revistaenfoquepolitico.com\/wp-content\/uploads\/2026\/01\/IMG-20260115-WA0217.jpg","jetpack_sharing_enabled":true,"_links":{"self":[{"href":"https:\/\/revistaenfoquepolitico.com\/index.php\/wp-json\/wp\/v2\/posts\/4982","targetHints":{"allow":["GET"]}}],"collection":[{"href":"https:\/\/revistaenfoquepolitico.com\/index.php\/wp-json\/wp\/v2\/posts"}],"about":[{"href":"https:\/\/revistaenfoquepolitico.com\/index.php\/wp-json\/wp\/v2\/types\/post"}],"author":[{"embeddable":true,"href":"https:\/\/revistaenfoquepolitico.com\/index.php\/wp-json\/wp\/v2\/users\/1"}],"replies":[{"embeddable":true,"href":"https:\/\/revistaenfoquepolitico.com\/index.php\/wp-json\/wp\/v2\/comments?post=4982"}],"version-history":[{"count":1,"href":"https:\/\/revistaenfoquepolitico.com\/index.php\/wp-json\/wp\/v2\/posts\/4982\/revisions"}],"predecessor-version":[{"id":4984,"href":"https:\/\/revistaenfoquepolitico.com\/index.php\/wp-json\/wp\/v2\/posts\/4982\/revisions\/4984"}],"wp:featuredmedia":[{"embeddable":true,"href":"https:\/\/revistaenfoquepolitico.com\/index.php\/wp-json\/wp\/v2\/media\/4983"}],"wp:attachment":[{"href":"https:\/\/revistaenfoquepolitico.com\/index.php\/wp-json\/wp\/v2\/media?parent=4982"}],"wp:term":[{"taxonomy":"category","embeddable":true,"href":"https:\/\/revistaenfoquepolitico.com\/index.php\/wp-json\/wp\/v2\/categories?post=4982"},{"taxonomy":"post_tag","embeddable":true,"href":"https:\/\/revistaenfoquepolitico.com\/index.php\/wp-json\/wp\/v2\/tags?post=4982"}],"curies":[{"name":"wp","href":"https:\/\/api.w.org\/{rel}","templated":true}]}}