{"id":5159,"date":"2026-01-21T11:44:32","date_gmt":"2026-01-21T17:44:32","guid":{"rendered":"https:\/\/revistaenfoquepolitico.com\/?p=5159"},"modified":"2026-01-21T11:44:32","modified_gmt":"2026-01-21T17:44:32","slug":"ayuntamiento-de-medellin-de-bravo-anuncia-descuento-especial-en-el-pago-del-impuesto-predial-por-el-dia-medellinense","status":"publish","type":"post","link":"https:\/\/revistaenfoquepolitico.com\/index.php\/2026\/01\/21\/ayuntamiento-de-medellin-de-bravo-anuncia-descuento-especial-en-el-pago-del-impuesto-predial-por-el-dia-medellinense\/","title":{"rendered":"AYUNTAMIENTO DE MEDELL\u00cdN DE BRAVO ANUNCIA DESCUENTO ESPECIAL EN EL PAGO DEL IMPUESTO PREDIAL POR EL D\u00cdA MEDELLINENSE"},"content":{"rendered":"<div dir=\"auto\">Medell\u00edn de Bravo, Veracruz, 21 de enero de 2026<\/div>\n<div dir=\"auto\"><\/div>\n<div dir=\"auto\" style=\"text-align: justify;\">En el marco del D\u00eda Medellinense, el Ayuntamiento de Medell\u00edn de Bravo, que encabeza el alcalde Samuel Acosta Mart\u00ednez, anunci\u00f3 la aplicaci\u00f3n de un descuento adicional del 10% en el pago del impuesto predial, como una acci\u00f3n concreta para apoyar la econom\u00eda de las familias del municipio y fomentar el cumplimiento de las obligaciones fiscales.<\/div>\n<div dir=\"auto\"><\/div>\n<div dir=\"auto\">El presidente municipal inform\u00f3 que este beneficio se suma a los descuentos ya existentes, por lo que los est\u00edmulos fiscales quedan establecidos de la siguiente manera:<\/div>\n<div dir=\"auto\">\u2002\u2002\u2002\u2002\u2002\u2002\u2022\u2002\u2002\u2002\u2002\u200260% de descuento para personas adultas mayores y pensionadas,<\/div>\n<div dir=\"auto\">\u2002\u2002\u2002\u2002\u2002\u2002\u2022\u2002\u2002\u2002\u2002\u200230% de descuento para el p\u00fablico en general.<\/div>\n<div dir=\"auto\"><\/div>\n<div dir=\"auto\" style=\"text-align: justify;\"><img loading=\"lazy\" decoding=\"async\" class=\"alignleft size-medium wp-image-5160\" src=\"https:\/\/revistaenfoquepolitico.com\/wp-content\/uploads\/2026\/01\/IMG-20260121-WA0072-2-300x194.jpg\" alt=\"\" width=\"300\" height=\"194\" srcset=\"https:\/\/revistaenfoquepolitico.com\/wp-content\/uploads\/2026\/01\/IMG-20260121-WA0072-2-300x194.jpg 300w, https:\/\/revistaenfoquepolitico.com\/wp-content\/uploads\/2026\/01\/IMG-20260121-WA0072-2-1024x661.jpg 1024w, https:\/\/revistaenfoquepolitico.com\/wp-content\/uploads\/2026\/01\/IMG-20260121-WA0072-2-768x496.jpg 768w, https:\/\/revistaenfoquepolitico.com\/wp-content\/uploads\/2026\/01\/IMG-20260121-WA0072-2-1536x992.jpg 1536w, https:\/\/revistaenfoquepolitico.com\/wp-content\/uploads\/2026\/01\/IMG-20260121-WA0072-2.jpg 1600w\" sizes=\"auto, (max-width: 300px) 100vw, 300px\" \/>Samuel Acosta destac\u00f3 que esta medida representa un reconocimiento a las y los contribuyentes de Medell\u00edn de Bravo. El presidente municipal precis\u00f3 que este beneficio es extraordinario y tendr\u00e1 vigencia \u00fanicamente durante el d\u00eda de hoy<\/div>\n<div dir=\"auto\" style=\"text-align: justify;\"><\/div>\n<div dir=\"auto\" style=\"text-align: justify;\">\u201cEl D\u00eda Medellinense es una fecha especial por eso, quisimos acompa\u00f1ar esta celebraci\u00f3n con una acci\u00f3n que beneficie directamente a la ciudadan\u00eda, apoyando la econom\u00eda familiar y fortaleciendo la cultura de la responsabilidad fiscal\u201d, se\u00f1al\u00f3 el alcalde.<\/div>\n<div dir=\"auto\" style=\"text-align: justify;\"><\/div>\n<div dir=\"auto\" style=\"text-align: justify;\">El descuento fue debidamente aprobado por la s\u00edndica y las regidoras del Ayuntamiento, reafirmando el trabajo coordinado del Cabildo y el compromiso institucional de impulsar pol\u00edticas p\u00fablicas con sentido social.<\/div>\n<div dir=\"auto\" style=\"text-align: justify;\"><\/div>\n<div dir=\"auto\" style=\"text-align: justify;\">El Gobierno Municipal reiter\u00f3 la invitaci\u00f3n a la poblaci\u00f3n a aprovechar este beneficio, cumplir con el pago del impuesto predial y contribuir al fortalecimiento de las finanzas municipales, las cuales se traducen en m\u00e1s obras, mejores servicios y acciones en favor del desarrollo de Medell\u00edn de Bravo.<\/div>\n<div dir=\"auto\" style=\"text-align: justify;\"><\/div>\n<div dir=\"auto\" style=\"text-align: justify;\">Con estas acciones, la administraci\u00f3n municipal refrenda su compromiso de mantener un gobierno cercano, sensible y responsable, que escucha y responde a las necesidades de la ciudadan\u00eda, trabajando siempre por la grandeza de Medell\u00edn.<\/div>\n<div id=\"x_ms-outlook-mobile-body-separator-line\" dir=\"auto\" data-applydefaultfontstyles=\"true\">\n<div dir=\"auto\" style=\"text-align: justify;\"><\/div>\n<\/div>\n","protected":false},"excerpt":{"rendered":"<p>Medell\u00edn de Bravo, Veracruz, 21 de enero de 2026 En el marco del D\u00eda Medellinense, el Ayuntamiento de Medell\u00edn de Bravo, que encabeza el alcalde Samuel Acosta Mart\u00ednez, anunci\u00f3 la aplicaci\u00f3n de un descuento adicional del 10% en el pago del impuesto predial, como una acci\u00f3n concreta para apoyar la econom\u00eda de las familias del [&hellip;]<\/p>\n","protected":false},"author":1,"featured_media":5157,"comment_status":"closed","ping_status":"closed","sticky":false,"template":"","format":"standard","meta":{"_jetpack_memberships_contains_paid_content":false,"footnotes":"","jetpack_publicize_message":"","jetpack_publicize_feature_enabled":true,"jetpack_social_post_already_shared":false,"jetpack_social_options":{"image_generator_settings":{"template":"highway","default_image_id":0,"font":"","enabled":false},"version":2}},"categories":[4],"tags":[73],"class_list":["post-5159","post","type-post","status-publish","format-standard","has-post-thumbnail","hentry","category-noticia-politica","tag-samuel-acosta-alcalde-de-medellin"],"jetpack_publicize_connections":[],"jetpack_featured_media_url":"https:\/\/revistaenfoquepolitico.com\/wp-content\/uploads\/2026\/01\/IMG-20260121-WA0073.jpg","jetpack_sharing_enabled":true,"_links":{"self":[{"href":"https:\/\/revistaenfoquepolitico.com\/index.php\/wp-json\/wp\/v2\/posts\/5159","targetHints":{"allow":["GET"]}}],"collection":[{"href":"https:\/\/revistaenfoquepolitico.com\/index.php\/wp-json\/wp\/v2\/posts"}],"about":[{"href":"https:\/\/revistaenfoquepolitico.com\/index.php\/wp-json\/wp\/v2\/types\/post"}],"author":[{"embeddable":true,"href":"https:\/\/revistaenfoquepolitico.com\/index.php\/wp-json\/wp\/v2\/users\/1"}],"replies":[{"embeddable":true,"href":"https:\/\/revistaenfoquepolitico.com\/index.php\/wp-json\/wp\/v2\/comments?post=5159"}],"version-history":[{"count":1,"href":"https:\/\/revistaenfoquepolitico.com\/index.php\/wp-json\/wp\/v2\/posts\/5159\/revisions"}],"predecessor-version":[{"id":5161,"href":"https:\/\/revistaenfoquepolitico.com\/index.php\/wp-json\/wp\/v2\/posts\/5159\/revisions\/5161"}],"wp:featuredmedia":[{"embeddable":true,"href":"https:\/\/revistaenfoquepolitico.com\/index.php\/wp-json\/wp\/v2\/media\/5157"}],"wp:attachment":[{"href":"https:\/\/revistaenfoquepolitico.com\/index.php\/wp-json\/wp\/v2\/media?parent=5159"}],"wp:term":[{"taxonomy":"category","embeddable":true,"href":"https:\/\/revistaenfoquepolitico.com\/index.php\/wp-json\/wp\/v2\/categories?post=5159"},{"taxonomy":"post_tag","embeddable":true,"href":"https:\/\/revistaenfoquepolitico.com\/index.php\/wp-json\/wp\/v2\/tags?post=5159"}],"curies":[{"name":"wp","href":"https:\/\/api.w.org\/{rel}","templated":true}]}}