{"id":5163,"date":"2026-01-21T23:51:41","date_gmt":"2026-01-22T05:51:41","guid":{"rendered":"https:\/\/revistaenfoquepolitico.com\/?p=5163"},"modified":"2026-01-21T23:51:41","modified_gmt":"2026-01-22T05:51:41","slug":"invita-h-ayuntamiento-de-veracruz-al-jueves-en-tu-colonia","status":"publish","type":"post","link":"https:\/\/revistaenfoquepolitico.com\/index.php\/2026\/01\/21\/invita-h-ayuntamiento-de-veracruz-al-jueves-en-tu-colonia\/","title":{"rendered":"INVITA H. AYUNTAMIENTO DE VERACRUZ AL JUEVES EN TU COLONIA*"},"content":{"rendered":"<div dir=\"auto\" data-olk-copy-source=\"MessageBody\">Veracruz, Ver., 21 de enero de 2026<\/div>\n<div dir=\"auto\">Bolet\u00edn informativo<\/div>\n<div dir=\"auto\"><\/div>\n<div dir=\"auto\"><\/div>\n<div dir=\"auto\">*El objetivo es mantener un di\u00e1logo abierto y cercano con la ciudadan\u00eda*<\/div>\n<div dir=\"auto\"><\/div>\n<div dir=\"auto\"><\/div>\n<div dir=\"auto\" style=\"text-align: justify;\">Con las jornadas de \u201cJueves en tu Colonia\u201d, que dar\u00e1n inicio esta semana en el Parque Zaragoza, el H. Ayuntamiento de Veracruz reitera el compromiso de mantener la cercan\u00eda y el di\u00e1logo permanente con la ciudadan\u00eda, acercando la atenci\u00f3n directa para rendir cuentas de las acciones destinadas a atender las problem\u00e1ticas de cada zona.<\/div>\n<div dir=\"auto\" style=\"text-align: justify;\"><\/div>\n<div dir=\"auto\" style=\"text-align: justify;\">La alcaldesa de Veracruz, Rosa Mar\u00eda Hern\u00e1ndez Espejo, refrenda con esta estrategia el inter\u00e9s de su administraci\u00f3n por fortalecer la atenci\u00f3n directa y el contacto cercano con la poblaci\u00f3n. La primera edici\u00f3n se realizar\u00e1 este jueves 22 de enero, en un horario de 16:00 a 19:00 horas.<\/div>\n<div dir=\"auto\" style=\"text-align: justify;\"><\/div>\n<div dir=\"auto\" style=\"text-align: justify;\">En estas asambleas, que se desarrollar\u00e1n peri\u00f3dicamente en distintos puntos de las colonias y fraccionamientos del municipio, autoridades municipales presentar\u00e1n los resultados de las labores realizadas para dar soluci\u00f3n a las principales quejas vecinales, como un ejercicio de acercamiento entre el gobierno y sus habitantes.<\/div>\n<div dir=\"auto\" style=\"text-align: justify;\"><\/div>\n<div dir=\"auto\" style=\"text-align: justify;\">En esta ocasi\u00f3n, estar\u00e1n presentes las direcciones de Atenci\u00f3n y Participaci\u00f3n Ciudadana, Tr\u00e1nsito y Vialidad, Obras P\u00fablicas, Alumbrado P\u00fablico, Espacios P\u00fablicos, Bienestar Municipal y la Comandancia de Polic\u00eda.<\/div>\n<div id=\"x_ms-outlook-mobile-body-separator-line\" dir=\"auto\" data-applydefaultfontstyles=\"true\">\n<div dir=\"auto\" style=\"text-align: justify;\"><\/div>\n<\/div>\n","protected":false},"excerpt":{"rendered":"<p>Veracruz, Ver., 21 de enero de 2026 Bolet\u00edn informativo *El objetivo es mantener un di\u00e1logo abierto y cercano con la ciudadan\u00eda* Con las jornadas de \u201cJueves en tu Colonia\u201d, que dar\u00e1n inicio esta semana en el Parque Zaragoza, el H. Ayuntamiento de Veracruz reitera el compromiso de mantener la cercan\u00eda y el di\u00e1logo permanente con [&hellip;]<\/p>\n","protected":false},"author":1,"featured_media":5164,"comment_status":"closed","ping_status":"closed","sticky":false,"template":"","format":"standard","meta":{"_jetpack_memberships_contains_paid_content":false,"footnotes":"","jetpack_publicize_message":"","jetpack_publicize_feature_enabled":true,"jetpack_social_post_already_shared":false,"jetpack_social_options":{"image_generator_settings":{"template":"highway","default_image_id":0,"font":"","enabled":false},"version":2}},"categories":[4],"tags":[72],"class_list":["post-5163","post","type-post","status-publish","format-standard","has-post-thumbnail","hentry","category-noticia-politica","tag-rosa-maria-presidenta-de-veracruz"],"jetpack_publicize_connections":[],"jetpack_featured_media_url":"https:\/\/revistaenfoquepolitico.com\/wp-content\/uploads\/2026\/01\/IMG-20260121-WA0207-scaled.jpg","jetpack_sharing_enabled":true,"_links":{"self":[{"href":"https:\/\/revistaenfoquepolitico.com\/index.php\/wp-json\/wp\/v2\/posts\/5163","targetHints":{"allow":["GET"]}}],"collection":[{"href":"https:\/\/revistaenfoquepolitico.com\/index.php\/wp-json\/wp\/v2\/posts"}],"about":[{"href":"https:\/\/revistaenfoquepolitico.com\/index.php\/wp-json\/wp\/v2\/types\/post"}],"author":[{"embeddable":true,"href":"https:\/\/revistaenfoquepolitico.com\/index.php\/wp-json\/wp\/v2\/users\/1"}],"replies":[{"embeddable":true,"href":"https:\/\/revistaenfoquepolitico.com\/index.php\/wp-json\/wp\/v2\/comments?post=5163"}],"version-history":[{"count":1,"href":"https:\/\/revistaenfoquepolitico.com\/index.php\/wp-json\/wp\/v2\/posts\/5163\/revisions"}],"predecessor-version":[{"id":5165,"href":"https:\/\/revistaenfoquepolitico.com\/index.php\/wp-json\/wp\/v2\/posts\/5163\/revisions\/5165"}],"wp:featuredmedia":[{"embeddable":true,"href":"https:\/\/revistaenfoquepolitico.com\/index.php\/wp-json\/wp\/v2\/media\/5164"}],"wp:attachment":[{"href":"https:\/\/revistaenfoquepolitico.com\/index.php\/wp-json\/wp\/v2\/media?parent=5163"}],"wp:term":[{"taxonomy":"category","embeddable":true,"href":"https:\/\/revistaenfoquepolitico.com\/index.php\/wp-json\/wp\/v2\/categories?post=5163"},{"taxonomy":"post_tag","embeddable":true,"href":"https:\/\/revistaenfoquepolitico.com\/index.php\/wp-json\/wp\/v2\/tags?post=5163"}],"curies":[{"name":"wp","href":"https:\/\/api.w.org\/{rel}","templated":true}]}}