{"id":5527,"date":"2026-02-05T18:58:57","date_gmt":"2026-02-06T00:58:57","guid":{"rendered":"https:\/\/revistaenfoquepolitico.com\/?p=5527"},"modified":"2026-02-05T18:58:57","modified_gmt":"2026-02-06T00:58:57","slug":"el-impuesto-predial-base-para-fortalecer-los-servicios-publicos-en-medellin-de-bravo","status":"publish","type":"post","link":"https:\/\/revistaenfoquepolitico.com\/index.php\/2026\/02\/05\/el-impuesto-predial-base-para-fortalecer-los-servicios-publicos-en-medellin-de-bravo\/","title":{"rendered":"EL IMPUESTO PREDIAL, BASE PARA FORTALECER LOS SERVICIOS P\u00daBLICOS EN MEDELL\u00cdN DE BRAVO"},"content":{"rendered":"<div dir=\"auto\" data-olk-copy-source=\"MessageBody\">\ud83d\udcb0 El impuesto predial, base para fortalecer los servicios p\u00fablicos en Medell\u00edn de Bravo<\/div>\n<div dir=\"auto\"><\/div>\n<div dir=\"auto\">Medell\u00edn de Bravo, Veracruz, 05 de febrero de 2026<\/div>\n<div dir=\"auto\"><\/div>\n<div dir=\"auto\" style=\"text-align: justify;\">El Ayuntamiento de Medell\u00edn de Bravo, a trav\u00e9s de la Tesorer\u00eda Municipal encabezada por Erika Mikel, inform\u00f3 que el impuesto predial constituye uno de los principales pilares financieros del municipio, al permitir garantizar la operaci\u00f3n y mejora de los servicios p\u00fablicos que se brindan a la ciudadan\u00eda.<\/div>\n<div dir=\"auto\" style=\"text-align: justify;\"><\/div>\n<div dir=\"auto\" style=\"text-align: justify;\"><img loading=\"lazy\" decoding=\"async\" class=\"alignleft size-medium wp-image-5528\" src=\"https:\/\/revistaenfoquepolitico.com\/wp-content\/uploads\/2026\/02\/IMG-20260205-WA0330-300x200.jpg\" alt=\"\" width=\"300\" height=\"200\" srcset=\"https:\/\/revistaenfoquepolitico.com\/wp-content\/uploads\/2026\/02\/IMG-20260205-WA0330-300x200.jpg 300w, https:\/\/revistaenfoquepolitico.com\/wp-content\/uploads\/2026\/02\/IMG-20260205-WA0330-1024x683.jpg 1024w, https:\/\/revistaenfoquepolitico.com\/wp-content\/uploads\/2026\/02\/IMG-20260205-WA0330-768x512.jpg 768w, https:\/\/revistaenfoquepolitico.com\/wp-content\/uploads\/2026\/02\/IMG-20260205-WA0330.jpg 1280w\" sizes=\"auto, (max-width: 300px) 100vw, 300px\" \/>Este impuesto es una contribuci\u00f3n que realizan las y los propietarios de inmuebles como casas, departamentos, terrenos y locales comerciales. Sus recursos se destinan directamente al mantenimiento del alumbrado p\u00fablico, la prestaci\u00f3n de servicios b\u00e1sicos y la cobertura de gastos administrativos indispensables para el correcto funcionamiento del gobierno municipal.<\/div>\n<div dir=\"auto\" style=\"text-align: justify;\"><\/div>\n<div dir=\"auto\" style=\"text-align: justify;\">Respecto a la recaudaci\u00f3n, se dio a conocer que, en comparaci\u00f3n con el a\u00f1o anterior, se ha registrado un incremento aproximado del 4 %. A la fecha, el municipio ha logrado recaudar alrededor de 10 millones de pesos, con una meta proyectada de 14 millones, por lo que a\u00fan se cuenta con un periodo importante para continuar fortaleciendo estos ingresos.<\/div>\n<div dir=\"auto\" style=\"text-align: justify;\"><\/div>\n<div dir=\"auto\" style=\"text-align: justify;\">Actualmente, el Ayuntamiento mantiene vigentes descuentos por pago oportuno, entre los que destaca un 20 % de descuento durante los meses de enero y febrero, as\u00ed como un 50 % de descuento para personas adultas mayores, jubiladas, pensionadas y madres solteras, beneficios que estar\u00e1n disponibles hasta el \u00faltimo d\u00eda del mes de febrero.<\/div>\n<div dir=\"auto\" style=\"text-align: justify;\"><\/div>\n<div dir=\"auto\" style=\"text-align: justify;\">La Tesorer\u00eda Municipal inform\u00f3 que, por el momento, no se cuenta con programas especiales de regularizaci\u00f3n para adeudos de a\u00f1os anteriores, ya que los descuentos vigentes aplican exclusivamente para contribuyentes que se encuentren al corriente en sus pagos.<\/div>\n<div dir=\"auto\" style=\"text-align: justify;\"><\/div>\n<div dir=\"auto\" style=\"text-align: justify;\">Finalmente, el H. Ayuntamiento de Medell\u00edn de Bravo, a trav\u00e9s de la Tesorer\u00eda Municipal, exhorta a la ciudadan\u00eda a cumplir de manera responsable con el pago del impuesto predial y aprovechar los beneficios vigentes, recordando que esta contribuci\u00f3n se traduce directamente en mejores servicios p\u00fablicos, obras y una atenci\u00f3n m\u00e1s eficiente en beneficio de todas y todos los habitantes del municipio.<\/div>\n<div id=\"x_ms-outlook-mobile-body-separator-line\" dir=\"auto\" data-applydefaultfontstyles=\"true\">\n<div dir=\"auto\" style=\"text-align: justify;\"><\/div>\n<\/div>\n","protected":false},"excerpt":{"rendered":"<p>\ud83d\udcb0 El impuesto predial, base para fortalecer los servicios p\u00fablicos en Medell\u00edn de Bravo Medell\u00edn de Bravo, Veracruz, 05 de febrero de 2026 El Ayuntamiento de Medell\u00edn de Bravo, a trav\u00e9s de la Tesorer\u00eda Municipal encabezada por Erika Mikel, inform\u00f3 que el impuesto predial constituye uno de los principales pilares financieros del municipio, al permitir [&hellip;]<\/p>\n","protected":false},"author":1,"featured_media":5528,"comment_status":"closed","ping_status":"closed","sticky":false,"template":"","format":"standard","meta":{"_jetpack_memberships_contains_paid_content":false,"footnotes":"","jetpack_publicize_message":"","jetpack_publicize_feature_enabled":true,"jetpack_social_post_already_shared":false,"jetpack_social_options":{"image_generator_settings":{"template":"highway","default_image_id":0,"font":"","enabled":false},"version":2}},"categories":[4],"tags":[73],"class_list":["post-5527","post","type-post","status-publish","format-standard","has-post-thumbnail","hentry","category-noticia-politica","tag-samuel-acosta-alcalde-de-medellin"],"jetpack_publicize_connections":[],"jetpack_featured_media_url":"https:\/\/revistaenfoquepolitico.com\/wp-content\/uploads\/2026\/02\/IMG-20260205-WA0330.jpg","jetpack_sharing_enabled":true,"_links":{"self":[{"href":"https:\/\/revistaenfoquepolitico.com\/index.php\/wp-json\/wp\/v2\/posts\/5527","targetHints":{"allow":["GET"]}}],"collection":[{"href":"https:\/\/revistaenfoquepolitico.com\/index.php\/wp-json\/wp\/v2\/posts"}],"about":[{"href":"https:\/\/revistaenfoquepolitico.com\/index.php\/wp-json\/wp\/v2\/types\/post"}],"author":[{"embeddable":true,"href":"https:\/\/revistaenfoquepolitico.com\/index.php\/wp-json\/wp\/v2\/users\/1"}],"replies":[{"embeddable":true,"href":"https:\/\/revistaenfoquepolitico.com\/index.php\/wp-json\/wp\/v2\/comments?post=5527"}],"version-history":[{"count":1,"href":"https:\/\/revistaenfoquepolitico.com\/index.php\/wp-json\/wp\/v2\/posts\/5527\/revisions"}],"predecessor-version":[{"id":5529,"href":"https:\/\/revistaenfoquepolitico.com\/index.php\/wp-json\/wp\/v2\/posts\/5527\/revisions\/5529"}],"wp:featuredmedia":[{"embeddable":true,"href":"https:\/\/revistaenfoquepolitico.com\/index.php\/wp-json\/wp\/v2\/media\/5528"}],"wp:attachment":[{"href":"https:\/\/revistaenfoquepolitico.com\/index.php\/wp-json\/wp\/v2\/media?parent=5527"}],"wp:term":[{"taxonomy":"category","embeddable":true,"href":"https:\/\/revistaenfoquepolitico.com\/index.php\/wp-json\/wp\/v2\/categories?post=5527"},{"taxonomy":"post_tag","embeddable":true,"href":"https:\/\/revistaenfoquepolitico.com\/index.php\/wp-json\/wp\/v2\/tags?post=5527"}],"curies":[{"name":"wp","href":"https:\/\/api.w.org\/{rel}","templated":true}]}}