{"id":5530,"date":"2026-02-05T19:07:53","date_gmt":"2026-02-06T01:07:53","guid":{"rendered":"https:\/\/revistaenfoquepolitico.com\/?p=5530"},"modified":"2026-02-05T19:07:53","modified_gmt":"2026-02-06T01:07:53","slug":"pfm-cumplimenta-orden-de-aprehension-contra-dos-personas-por-un-delito-contra-la-biodiversidad","status":"publish","type":"post","link":"https:\/\/revistaenfoquepolitico.com\/index.php\/2026\/02\/05\/pfm-cumplimenta-orden-de-aprehension-contra-dos-personas-por-un-delito-contra-la-biodiversidad\/","title":{"rendered":"PFM CUMPLIMENTA ORDEN DE APREHENSI\u00d3N CONTRA DOS PERSONAS POR UN DELITO CONTRA LA BIODIVERSIDAD"},"content":{"rendered":"<div dir=\"auto\" data-olk-copy-source=\"MessageBody\">Comunicado FGR DPE\/0468\/2026<\/div>\n<div dir=\"auto\">Veracruz, Veracruz, 5 de enero de 2026<\/div>\n<div dir=\"auto\"><\/div>\n<div dir=\"auto\"><\/div>\n<div dir=\"auto\">PFM CUMPLIMENTA ORDEN DE APREHENSI\u00d3N CONTRA DOS PERSONAS POR UN DELITO CONTRA LA BIODIVERSIDAD<\/div>\n<div dir=\"auto\"><\/div>\n<div dir=\"auto\" style=\"text-align: justify;\">La Fiscal\u00eda General de la Rep\u00fablica (FGR) a trav\u00e9s de su Fiscal\u00eda Especializada de Control Regional (FECOR) en el estado de Veracruz, por conducto de elementos de la Polic\u00eda Federal Ministerial (PFM), cumpliment\u00f3 orden de aprehensi\u00f3n en el municipio de Poza Rica.<\/div>\n<div dir=\"auto\"><\/div>\n<div dir=\"auto\" style=\"text-align: justify;\"><img loading=\"lazy\" decoding=\"async\" class=\"alignleft size-medium wp-image-5531\" src=\"https:\/\/revistaenfoquepolitico.com\/wp-content\/uploads\/2026\/02\/IMG-20260205-WA0158-225x300.jpg\" alt=\"\" width=\"225\" height=\"300\" srcset=\"https:\/\/revistaenfoquepolitico.com\/wp-content\/uploads\/2026\/02\/IMG-20260205-WA0158-225x300.jpg 225w, https:\/\/revistaenfoquepolitico.com\/wp-content\/uploads\/2026\/02\/IMG-20260205-WA0158.jpg 432w\" sizes=\"auto, (max-width: 225px) 100vw, 225px\" \/>El Juzgado especializado en el Sistema Penal Acusatorio en el estado de Veracruz, libr\u00f3 un mandamiento judicial en contra de Laura \u201cN\u201d y Jaime \u201cN\u201d por su probable participaci\u00f3n en la comisi\u00f3n de un delito de contra la biodiversidad.<\/div>\n<div dir=\"auto\"><\/div>\n<div dir=\"auto\" style=\"text-align: justify;\">Despu\u00e9s de realizar las investigaciones correspondientes, personal de la Polic\u00eda Federal Ministerial logr\u00f3 ubicar y asegurar a los imputados en las inmediaciones del Boulevard L\u00e1zaro C\u00e1rdenas, en el municipio referido.<\/div>\n<div dir=\"auto\" style=\"text-align: justify;\">Laura \u201cN\u201d y Jaime \u201cN\u201d, fueron puestos a disposici\u00f3n del juez que los requiere, por incurrir en un delito del fuero federal.<\/div>\n<div dir=\"auto\"><\/div>\n<div dir=\"auto\" style=\"text-align: justify;\">Con estas acciones la FGR reafirma el compromiso con la sociedad para la investigaci\u00f3n y persecuci\u00f3n de los delitos en materia federal, por lo que se invita a la ciudadan\u00eda a que denuncie las 24 horas de los 365 d\u00edas del a\u00f1o, de forma presencial o an\u00f3nima, en las instalaciones de la Fiscal\u00eda General de la Rep\u00fablica en el estado de Veracruz, con domicilio en Av. J.B. Lobos n\u00famero 684, Colonia Reserva territorial \u201cEl Coyol\u201d, C.P. 91779, Veracruz, Ver, tel\u00e9fono 2299896334, correo electr\u00f3nico vua.veracruz@fgr.org.mx.<\/div>\n<div id=\"x_ms-outlook-mobile-body-separator-line\" dir=\"auto\" data-applydefaultfontstyles=\"true\">\n<div dir=\"auto\" style=\"text-align: justify;\"><img loading=\"lazy\" decoding=\"async\" class=\"alignleft size-medium wp-image-5532\" src=\"https:\/\/revistaenfoquepolitico.com\/wp-content\/uploads\/2026\/02\/IMG-20260205-WA0159-225x300.jpg\" alt=\"\" width=\"225\" height=\"300\" srcset=\"https:\/\/revistaenfoquepolitico.com\/wp-content\/uploads\/2026\/02\/IMG-20260205-WA0159-225x300.jpg 225w, https:\/\/revistaenfoquepolitico.com\/wp-content\/uploads\/2026\/02\/IMG-20260205-WA0159.jpg 432w\" sizes=\"auto, (max-width: 225px) 100vw, 225px\" \/><\/div>\n<\/div>\n","protected":false},"excerpt":{"rendered":"<p>Comunicado FGR DPE\/0468\/2026 Veracruz, Veracruz, 5 de enero de 2026 PFM CUMPLIMENTA ORDEN DE APREHENSI\u00d3N CONTRA DOS PERSONAS POR UN DELITO CONTRA LA BIODIVERSIDAD La Fiscal\u00eda General de la Rep\u00fablica (FGR) a trav\u00e9s de su Fiscal\u00eda Especializada de Control Regional (FECOR) en el estado de Veracruz, por conducto de elementos de la Polic\u00eda Federal Ministerial [&hellip;]<\/p>\n","protected":false},"author":1,"featured_media":5468,"comment_status":"closed","ping_status":"closed","sticky":false,"template":"","format":"standard","meta":{"_jetpack_memberships_contains_paid_content":false,"footnotes":"","jetpack_publicize_message":"","jetpack_publicize_feature_enabled":true,"jetpack_social_post_already_shared":false,"jetpack_social_options":{"image_generator_settings":{"template":"highway","default_image_id":0,"font":"","enabled":false},"version":2}},"categories":[6],"tags":[62],"class_list":["post-5530","post","type-post","status-publish","format-standard","has-post-thumbnail","hentry","category-noticia-policiaca","tag-fgr"],"jetpack_publicize_connections":[],"jetpack_featured_media_url":"https:\/\/revistaenfoquepolitico.com\/wp-content\/uploads\/2026\/02\/IMG-20260203-WA0117.jpg","jetpack_sharing_enabled":true,"_links":{"self":[{"href":"https:\/\/revistaenfoquepolitico.com\/index.php\/wp-json\/wp\/v2\/posts\/5530","targetHints":{"allow":["GET"]}}],"collection":[{"href":"https:\/\/revistaenfoquepolitico.com\/index.php\/wp-json\/wp\/v2\/posts"}],"about":[{"href":"https:\/\/revistaenfoquepolitico.com\/index.php\/wp-json\/wp\/v2\/types\/post"}],"author":[{"embeddable":true,"href":"https:\/\/revistaenfoquepolitico.com\/index.php\/wp-json\/wp\/v2\/users\/1"}],"replies":[{"embeddable":true,"href":"https:\/\/revistaenfoquepolitico.com\/index.php\/wp-json\/wp\/v2\/comments?post=5530"}],"version-history":[{"count":1,"href":"https:\/\/revistaenfoquepolitico.com\/index.php\/wp-json\/wp\/v2\/posts\/5530\/revisions"}],"predecessor-version":[{"id":5533,"href":"https:\/\/revistaenfoquepolitico.com\/index.php\/wp-json\/wp\/v2\/posts\/5530\/revisions\/5533"}],"wp:featuredmedia":[{"embeddable":true,"href":"https:\/\/revistaenfoquepolitico.com\/index.php\/wp-json\/wp\/v2\/media\/5468"}],"wp:attachment":[{"href":"https:\/\/revistaenfoquepolitico.com\/index.php\/wp-json\/wp\/v2\/media?parent=5530"}],"wp:term":[{"taxonomy":"category","embeddable":true,"href":"https:\/\/revistaenfoquepolitico.com\/index.php\/wp-json\/wp\/v2\/categories?post=5530"},{"taxonomy":"post_tag","embeddable":true,"href":"https:\/\/revistaenfoquepolitico.com\/index.php\/wp-json\/wp\/v2\/tags?post=5530"}],"curies":[{"name":"wp","href":"https:\/\/api.w.org\/{rel}","templated":true}]}}