{"id":6114,"date":"2026-03-05T22:21:17","date_gmt":"2026-03-06T04:21:17","guid":{"rendered":"https:\/\/revistaenfoquepolitico.com\/?p=6114"},"modified":"2026-03-05T22:21:17","modified_gmt":"2026-03-06T04:21:17","slug":"supervisa-ayuntamiento-de-veracruz-senderos-seguros-para-mujeres-y-ninas","status":"publish","type":"post","link":"https:\/\/revistaenfoquepolitico.com\/index.php\/2026\/03\/05\/supervisa-ayuntamiento-de-veracruz-senderos-seguros-para-mujeres-y-ninas\/","title":{"rendered":"SUPERVISA AYUNTAMIENTO DE VERACRUZ SENDEROS SEGUROS PARA MUJERES Y NI\u00d1AS"},"content":{"rendered":"<div dir=\"auto\" data-olk-copy-source=\"MessageBody\">04 de marzo de 2026<\/div>\n<div dir=\"auto\">Bolet\u00edn Informativo<\/div>\n<div dir=\"auto\"><\/div>\n<div dir=\"auto\">*Supervisa Ayuntamiento de Veracruz senderos seguros para mujeres y ni\u00f1as*<\/div>\n<div dir=\"auto\"><\/div>\n<div dir=\"auto\" style=\"text-align: justify;\">***La administraci\u00f3n municipal refuerza acciones para ofrecer espacios p\u00fablicos m\u00e1s seguros, accesibles y confiables.<\/div>\n<div dir=\"auto\" style=\"text-align: justify;\"><\/div>\n<div dir=\"auto\" style=\"text-align: justify;\">El Ayuntamiento de Veracruz inici\u00f3 la supervisi\u00f3n de los senderos seguros habilitados en distintos puntos de la ciudad, con el objetivo de proteger a mujeres y ni\u00f1as, para prevenir que sus trayectos cotidianos se desarrollen en entornos dignos, iluminados y funcionales.<\/div>\n<div dir=\"auto\" style=\"text-align: justify;\"><\/div>\n<div dir=\"auto\" style=\"text-align: justify;\"><img loading=\"lazy\" decoding=\"async\" class=\"alignleft size-medium wp-image-6115\" src=\"https:\/\/revistaenfoquepolitico.com\/wp-content\/uploads\/2026\/03\/IMG-20260304-WA0180-300x200.jpg\" alt=\"\" width=\"300\" height=\"200\" srcset=\"https:\/\/revistaenfoquepolitico.com\/wp-content\/uploads\/2026\/03\/IMG-20260304-WA0180-300x200.jpg 300w, https:\/\/revistaenfoquepolitico.com\/wp-content\/uploads\/2026\/03\/IMG-20260304-WA0180-1024x683.jpg 1024w, https:\/\/revistaenfoquepolitico.com\/wp-content\/uploads\/2026\/03\/IMG-20260304-WA0180-768x512.jpg 768w, https:\/\/revistaenfoquepolitico.com\/wp-content\/uploads\/2026\/03\/IMG-20260304-WA0180-1536x1024.jpg 1536w, https:\/\/revistaenfoquepolitico.com\/wp-content\/uploads\/2026\/03\/IMG-20260304-WA0180-2048x1365.jpg 2048w\" sizes=\"auto, (max-width: 300px) 100vw, 300px\" \/>Estas acciones se realizan a trav\u00e9s del Instituto Municipal de las Mujeres de Veracruz, que recorre cada zona para evaluar infraestructura, visibilidad, limpieza y funcionamiento general, asegurando que estos corredores cumplan su prop\u00f3sito preventivo y representen un respaldo real para quienes los utilizan diariamente.<\/div>\n<div dir=\"auto\" style=\"text-align: justify;\"><\/div>\n<div dir=\"auto\" style=\"text-align: justify;\">En esta primera etapa se revisaron cuatro de los nueve senderos existentes: Vista Mar (Calle Lucio Gallardo Pav\u00f3n esquina Sol de Oto\u00f1o), Superaci\u00f3n Ciudadana (Av. Jim\u00e9nez, Ortiz Rubio, atr\u00e1s de la Fiscal\u00eda Especializada), Coyol Laguna (Av. Eje 1 Poniente entre Chedraui y Laguna El Encanto) y Calle 13 (Calle Echeven esquina Calle 13, frente a la Escuela Secundaria Jaime Torres Bodet).<\/div>\n<div dir=\"auto\" style=\"text-align: justify;\"><\/div>\n<div dir=\"auto\" style=\"text-align: justify;\"><img loading=\"lazy\" decoding=\"async\" class=\"alignleft size-medium wp-image-6117\" src=\"https:\/\/revistaenfoquepolitico.com\/wp-content\/uploads\/2026\/03\/IMG-20260304-WA0184-300x200.jpg\" alt=\"\" width=\"300\" height=\"200\" srcset=\"https:\/\/revistaenfoquepolitico.com\/wp-content\/uploads\/2026\/03\/IMG-20260304-WA0184-300x200.jpg 300w, https:\/\/revistaenfoquepolitico.com\/wp-content\/uploads\/2026\/03\/IMG-20260304-WA0184-1024x683.jpg 1024w, https:\/\/revistaenfoquepolitico.com\/wp-content\/uploads\/2026\/03\/IMG-20260304-WA0184-768x512.jpg 768w, https:\/\/revistaenfoquepolitico.com\/wp-content\/uploads\/2026\/03\/IMG-20260304-WA0184-1536x1024.jpg 1536w, https:\/\/revistaenfoquepolitico.com\/wp-content\/uploads\/2026\/03\/IMG-20260304-WA0184-2048x1365.jpg 2048w\" sizes=\"auto, (max-width: 300px) 100vw, 300px\" \/>Durante los recorridos, en coordinaci\u00f3n con la direcci\u00f3n de Medio Ambiente, se identificaron \u00e1reas de mejora, incluyendo limpieza, iluminaci\u00f3n, espejos convexos, videoc\u00e1maras y botones de p\u00e1nico, elementos clave para reforzar la seguridad y garantizar que mujeres de todas las edades puedan transitar con tranquilidad y confianza.<\/div>\n<div dir=\"auto\" style=\"text-align: justify;\"><\/div>\n<div dir=\"auto\" style=\"text-align: justify;\">Con este esfuerzo conjunto, la administraci\u00f3n municipal encabezada por la alcaldesa Rosa Mar\u00eda Hern\u00e1ndez Espejo reafirma su compromiso de impulsar pol\u00edticas p\u00fablicas con perspectiva de g\u00e9nero, orientadas a recuperar espacios urbanos, fortalecer la prevenci\u00f3n y asegurar que mujeres de todas las edades puedan desplazarse por la ciudad con seguridad y confianza.<\/div>\n<div id=\"x_ms-outlook-mobile-body-separator-line\" dir=\"auto\" data-applydefaultfontstyles=\"true\">\n<div dir=\"auto\" style=\"text-align: justify;\"><\/div>\n<\/div>\n","protected":false},"excerpt":{"rendered":"<p>04 de marzo de 2026 Bolet\u00edn Informativo *Supervisa Ayuntamiento de Veracruz senderos seguros para mujeres y ni\u00f1as* ***La administraci\u00f3n municipal refuerza acciones para ofrecer espacios p\u00fablicos m\u00e1s seguros, accesibles y confiables. El Ayuntamiento de Veracruz inici\u00f3 la supervisi\u00f3n de los senderos seguros habilitados en distintos puntos de la ciudad, con el objetivo de proteger a [&hellip;]<\/p>\n","protected":false},"author":1,"featured_media":6116,"comment_status":"closed","ping_status":"closed","sticky":false,"template":"","format":"standard","meta":{"_jetpack_memberships_contains_paid_content":false,"footnotes":"","jetpack_publicize_message":"","jetpack_publicize_feature_enabled":true,"jetpack_social_post_already_shared":true,"jetpack_social_options":{"image_generator_settings":{"template":"highway","default_image_id":0,"font":"","enabled":false},"version":2}},"categories":[4],"tags":[78],"class_list":["post-6114","post","type-post","status-publish","format-standard","has-post-thumbnail","hentry","category-noticia-politica","tag-ayuntamiento-de-veracruz"],"jetpack_publicize_connections":[],"jetpack_featured_media_url":"https:\/\/revistaenfoquepolitico.com\/wp-content\/uploads\/2026\/03\/IMG-20260304-WA0182-scaled.jpg","jetpack_sharing_enabled":true,"_links":{"self":[{"href":"https:\/\/revistaenfoquepolitico.com\/index.php\/wp-json\/wp\/v2\/posts\/6114","targetHints":{"allow":["GET"]}}],"collection":[{"href":"https:\/\/revistaenfoquepolitico.com\/index.php\/wp-json\/wp\/v2\/posts"}],"about":[{"href":"https:\/\/revistaenfoquepolitico.com\/index.php\/wp-json\/wp\/v2\/types\/post"}],"author":[{"embeddable":true,"href":"https:\/\/revistaenfoquepolitico.com\/index.php\/wp-json\/wp\/v2\/users\/1"}],"replies":[{"embeddable":true,"href":"https:\/\/revistaenfoquepolitico.com\/index.php\/wp-json\/wp\/v2\/comments?post=6114"}],"version-history":[{"count":1,"href":"https:\/\/revistaenfoquepolitico.com\/index.php\/wp-json\/wp\/v2\/posts\/6114\/revisions"}],"predecessor-version":[{"id":6118,"href":"https:\/\/revistaenfoquepolitico.com\/index.php\/wp-json\/wp\/v2\/posts\/6114\/revisions\/6118"}],"wp:featuredmedia":[{"embeddable":true,"href":"https:\/\/revistaenfoquepolitico.com\/index.php\/wp-json\/wp\/v2\/media\/6116"}],"wp:attachment":[{"href":"https:\/\/revistaenfoquepolitico.com\/index.php\/wp-json\/wp\/v2\/media?parent=6114"}],"wp:term":[{"taxonomy":"category","embeddable":true,"href":"https:\/\/revistaenfoquepolitico.com\/index.php\/wp-json\/wp\/v2\/categories?post=6114"},{"taxonomy":"post_tag","embeddable":true,"href":"https:\/\/revistaenfoquepolitico.com\/index.php\/wp-json\/wp\/v2\/tags?post=6114"}],"curies":[{"name":"wp","href":"https:\/\/api.w.org\/{rel}","templated":true}]}}