{"id":6119,"date":"2026-03-05T22:26:44","date_gmt":"2026-03-06T04:26:44","guid":{"rendered":"https:\/\/revistaenfoquepolitico.com\/?p=6119"},"modified":"2026-03-05T22:26:44","modified_gmt":"2026-03-06T04:26:44","slug":"llega-a-la-clinica-del-issste-de-xalapa-una-torre-de-endoscopia-de-alta-gama","status":"publish","type":"post","link":"https:\/\/revistaenfoquepolitico.com\/index.php\/2026\/03\/05\/llega-a-la-clinica-del-issste-de-xalapa-una-torre-de-endoscopia-de-alta-gama\/","title":{"rendered":"LLEGA A LA CL\u00cdNICA DEL ISSSTE DE XALAPA, UNA TORRE DE ENDOSCOP\u00cdA DE ALTA GAMA"},"content":{"rendered":"<div dir=\"auto\" data-olk-copy-source=\"MessageBody\">LLEGA A LA CL\u00cdNICA DEL ISSSTE DE XALAPA, UNA TORRE DE ENDOSCOP\u00cdA DE ALTA GAMA<\/div>\n<div dir=\"auto\"><\/div>\n<div dir=\"auto\">&#8211; \u00a0 \u00a0 \u00a0 \u00a0 \u00a0Samuel Ferrer Palacios agradeci\u00f3 el apoyo de la presidenta Claudia Sheinbaum<\/div>\n<div dir=\"auto\"><\/div>\n<div dir=\"auto\">&#8211; \u00a0 \u00a0 \u00a0 \u00a0 \u00a0Dar\u00e1 inicio la capacitaci\u00f3n del personal m\u00e9dico y t\u00e9cnico que la va a operar<\/div>\n<div dir=\"auto\"><\/div>\n<div dir=\"auto\" style=\"text-align: justify;\"><img loading=\"lazy\" decoding=\"async\" class=\"alignleft size-medium wp-image-6121\" src=\"https:\/\/revistaenfoquepolitico.com\/wp-content\/uploads\/2026\/03\/IMG-20260304-WA0152-226x300.jpg\" alt=\"\" width=\"226\" height=\"300\" srcset=\"https:\/\/revistaenfoquepolitico.com\/wp-content\/uploads\/2026\/03\/IMG-20260304-WA0152-226x300.jpg 226w, https:\/\/revistaenfoquepolitico.com\/wp-content\/uploads\/2026\/03\/IMG-20260304-WA0152-771x1024.jpg 771w, https:\/\/revistaenfoquepolitico.com\/wp-content\/uploads\/2026\/03\/IMG-20260304-WA0152-768x1021.jpg 768w, https:\/\/revistaenfoquepolitico.com\/wp-content\/uploads\/2026\/03\/IMG-20260304-WA0152-1156x1536.jpg 1156w, https:\/\/revistaenfoquepolitico.com\/wp-content\/uploads\/2026\/03\/IMG-20260304-WA0152.jpg 1204w\" sizes=\"auto, (max-width: 226px) 100vw, 226px\" \/>La Cl\u00ednica hospital del ISSSTE de la ciudad de Xalapa, recibi\u00f3 una torre de endoscop\u00eda de \u00faltima gama, que comenzar\u00e1 a funcionar despu\u00e9s de la capacitaci\u00f3n que se estar\u00e1 ofreciendo al equipo m\u00e9dico y t\u00e9cnico, que va a participar en su funcionamiento, inform\u00f3 el director de esa instituci\u00f3n, doctor Samuel Ferrer Palacios.<\/div>\n<div dir=\"auto\" style=\"text-align: justify;\"><\/div>\n<div dir=\"auto\" style=\"text-align: justify;\">Agradeci\u00f3 el apoyo que la presidenta de la rep\u00fablica, Claudia Sheinbaum y el Director General del ISSSTE, Marti Batres Guadarrama est\u00e1n ofreciendo a esta cl\u00ednica, a trav\u00e9s del programa \u201cLa cl\u00ednica es nuestra\u201d, con lo que se van a beneficiar muchos derechohabientes.<\/div>\n<div dir=\"auto\" style=\"text-align: justify;\"><\/div>\n<div dir=\"auto\" style=\"text-align: justify;\">Ante los representantes del programa \u201cLa Cl\u00ednica es nuestra\u201d, ofreci\u00f3 los detalles del avance que se tiene para mejorar las condiciones de equipamiento, y el proyecto de una ampliaci\u00f3n o la construcci\u00f3n de otro hospital que permita ofrecer mejores servicios.<\/div>\n<div dir=\"auto\" style=\"text-align: justify;\"><\/div>\n<div dir=\"auto\" style=\"text-align: justify;\">Record\u00f3 que hace 40 a\u00f1os a \u00e9l le toc\u00f3 inaugurar esta cl\u00ednica de Xalapa, pero por el crecimiento poblacional ahora se hace necesario ampliar esas instalaciones, sin embargo, este apoyo con el equipo con tecnolog\u00eda avanzada permitir\u00e1 mejorar la atenci\u00f3n en general.<\/div>\n<div dir=\"auto\" style=\"text-align: justify;\"><\/div>\n<div dir=\"auto\" style=\"text-align: justify;\"><img loading=\"lazy\" decoding=\"async\" class=\"alignright size-medium wp-image-6122\" src=\"https:\/\/revistaenfoquepolitico.com\/wp-content\/uploads\/2026\/03\/IMG-20260304-WA0153-226x300.jpg\" alt=\"\" width=\"226\" height=\"300\" srcset=\"https:\/\/revistaenfoquepolitico.com\/wp-content\/uploads\/2026\/03\/IMG-20260304-WA0153-226x300.jpg 226w, https:\/\/revistaenfoquepolitico.com\/wp-content\/uploads\/2026\/03\/IMG-20260304-WA0153-771x1024.jpg 771w, https:\/\/revistaenfoquepolitico.com\/wp-content\/uploads\/2026\/03\/IMG-20260304-WA0153-768x1021.jpg 768w, https:\/\/revistaenfoquepolitico.com\/wp-content\/uploads\/2026\/03\/IMG-20260304-WA0153-1156x1536.jpg 1156w, https:\/\/revistaenfoquepolitico.com\/wp-content\/uploads\/2026\/03\/IMG-20260304-WA0153.jpg 1204w\" sizes=\"auto, (max-width: 226px) 100vw, 226px\" \/>Reunidos en la sala de conferencias de la cl\u00ednica hospital, present\u00f3 al ingeniero Gerardo Guti\u00e9rrez, representante de Fuji film Heaqlthcare en M\u00e9xico, que ofreci\u00f3 una explicaci\u00f3n de los beneficios que ofrece este nuevo equipo.<\/div>\n<div dir=\"auto\" style=\"text-align: justify;\"><\/div>\n<div dir=\"auto\" style=\"text-align: justify;\">Por ejemplo, dijo que la Endoscop\u00eda es un procedimiento m\u00e9dico que permite mirar directamente el interior del cuerpo y con el apoyo de un endoscopio, que es un tubo delgado que tiene una c\u00e1mara y luz en la punta, se puede atender a un paciente con un procedimiento ambulatorio.<\/div>\n<div dir=\"auto\" style=\"text-align: justify;\"><\/div>\n<div dir=\"auto\" style=\"text-align: justify;\">La introducci\u00f3n de ese endoscopio puede ser mediante v\u00edas anter\u00f3gradas o retr\u00f3gradas, es decir se introduce por aberturas naturales.<\/div>\n<div dir=\"auto\" style=\"text-align: justify;\"><\/div>\n<div dir=\"auto\" style=\"text-align: justify;\">Con este moderno modelo se utiliza una fuente de luz LED que mejora la visibilidad de tejidos y estructuras, lo que permite identificar alteraciones tempranas, porque adem\u00e1s permite capturar im\u00e1genes y videos para documentaci\u00f3n cl\u00ednica.<\/div>\n<div dir=\"auto\" style=\"text-align: justify;\"><\/div>\n<div dir=\"auto\" style=\"text-align: justify;\">Con estos procedimientos terap\u00e9uticos se faci9litan las biopsias, la resecci\u00f3n de p\u00f3lipos y el control de sangrados.<\/div>\n<div dir=\"auto\" style=\"text-align: justify;\"><\/div>\n<div dir=\"auto\" style=\"text-align: justify;\">Apoyado con im\u00e1genes que expuso en una pantalla, el ingeniero Gerardo Guti\u00e9rrez precis\u00f3 que con este equipo se podr\u00e1n observar los \u00f3rganos internos como el es\u00f3fago, est\u00f3mago o colon, con la transmisi\u00f3n de im\u00e1genes en tiempo real lo que permitir\u00e1 tomar biopsias y realizar tratamientos.<\/div>\n<div dir=\"auto\" style=\"text-align: justify;\"><\/div>\n<div dir=\"auto\" style=\"text-align: justify;\">En esta reuni\u00f3n informativa estuvieron presentes: Irvin Castillo Galindo, Coordinador Regional del programa \u201cLa Cl\u00ednica es nuestra\u201d, as\u00ed como el equipo de la Contralor\u00eda Social de esa cl\u00ednica hospital: la tesorera Celene Margarita Flores Cruz, y los vocales Isael Petronio Cant\u00fa N\u00e1jera, Omar Rebolledo L\u00f3pez y Ernestina Hern\u00e1ndez Garc\u00eda.<\/div>\n<div id=\"x_ms-outlook-mobile-body-separator-line\" dir=\"auto\" data-applydefaultfontstyles=\"true\">\n<div dir=\"auto\" style=\"text-align: justify;\"><\/div>\n<\/div>\n","protected":false},"excerpt":{"rendered":"<p>LLEGA A LA CL\u00cdNICA DEL ISSSTE DE XALAPA, UNA TORRE DE ENDOSCOP\u00cdA DE ALTA GAMA &#8211; \u00a0 \u00a0 \u00a0 \u00a0 \u00a0Samuel Ferrer Palacios agradeci\u00f3 el apoyo de la presidenta Claudia Sheinbaum &#8211; \u00a0 \u00a0 \u00a0 \u00a0 \u00a0Dar\u00e1 inicio la capacitaci\u00f3n del personal m\u00e9dico y t\u00e9cnico que la va a operar La Cl\u00ednica hospital del ISSSTE [&hellip;]<\/p>\n","protected":false},"author":1,"featured_media":6120,"comment_status":"closed","ping_status":"closed","sticky":false,"template":"","format":"standard","meta":{"_jetpack_memberships_contains_paid_content":false,"footnotes":"","jetpack_publicize_message":"","jetpack_publicize_feature_enabled":true,"jetpack_social_post_already_shared":true,"jetpack_social_options":{"image_generator_settings":{"template":"highway","default_image_id":0,"font":"","enabled":false},"version":2}},"categories":[4],"tags":[81],"class_list":["post-6119","post","type-post","status-publish","format-standard","has-post-thumbnail","hentry","category-noticia-politica","tag-felipe-mendiola-parra"],"jetpack_publicize_connections":[],"jetpack_featured_media_url":"https:\/\/revistaenfoquepolitico.com\/wp-content\/uploads\/2026\/03\/IMG-20260304-WA0151.jpg","jetpack_sharing_enabled":true,"_links":{"self":[{"href":"https:\/\/revistaenfoquepolitico.com\/index.php\/wp-json\/wp\/v2\/posts\/6119","targetHints":{"allow":["GET"]}}],"collection":[{"href":"https:\/\/revistaenfoquepolitico.com\/index.php\/wp-json\/wp\/v2\/posts"}],"about":[{"href":"https:\/\/revistaenfoquepolitico.com\/index.php\/wp-json\/wp\/v2\/types\/post"}],"author":[{"embeddable":true,"href":"https:\/\/revistaenfoquepolitico.com\/index.php\/wp-json\/wp\/v2\/users\/1"}],"replies":[{"embeddable":true,"href":"https:\/\/revistaenfoquepolitico.com\/index.php\/wp-json\/wp\/v2\/comments?post=6119"}],"version-history":[{"count":1,"href":"https:\/\/revistaenfoquepolitico.com\/index.php\/wp-json\/wp\/v2\/posts\/6119\/revisions"}],"predecessor-version":[{"id":6123,"href":"https:\/\/revistaenfoquepolitico.com\/index.php\/wp-json\/wp\/v2\/posts\/6119\/revisions\/6123"}],"wp:featuredmedia":[{"embeddable":true,"href":"https:\/\/revistaenfoquepolitico.com\/index.php\/wp-json\/wp\/v2\/media\/6120"}],"wp:attachment":[{"href":"https:\/\/revistaenfoquepolitico.com\/index.php\/wp-json\/wp\/v2\/media?parent=6119"}],"wp:term":[{"taxonomy":"category","embeddable":true,"href":"https:\/\/revistaenfoquepolitico.com\/index.php\/wp-json\/wp\/v2\/categories?post=6119"},{"taxonomy":"post_tag","embeddable":true,"href":"https:\/\/revistaenfoquepolitico.com\/index.php\/wp-json\/wp\/v2\/tags?post=6119"}],"curies":[{"name":"wp","href":"https:\/\/api.w.org\/{rel}","templated":true}]}}