{"id":6124,"date":"2026-03-05T22:30:09","date_gmt":"2026-03-06T04:30:09","guid":{"rendered":"https:\/\/revistaenfoquepolitico.com\/?p=6124"},"modified":"2026-03-05T22:30:09","modified_gmt":"2026-03-06T04:30:09","slug":"fgr-obtiene-sentencia-de-mas-de-cuatro-anos-de-prision-contra-una-persona-por-portacion-de-arma-en-veracruz","status":"publish","type":"post","link":"https:\/\/revistaenfoquepolitico.com\/index.php\/2026\/03\/05\/fgr-obtiene-sentencia-de-mas-de-cuatro-anos-de-prision-contra-una-persona-por-portacion-de-arma-en-veracruz\/","title":{"rendered":"FGR OBTIENE SENTENCIA DE M\u00c1S DE CUATRO A\u00d1OS DE PRISI\u00d3N CONTRA UNA PERSONA POR PORTACI\u00d3N DE ARMA EN VERACRUZ"},"content":{"rendered":"<div dir=\"auto\" data-olk-copy-source=\"MessageBody\">Comunicado FGR DPE\/0941\/2026<\/div>\n<div dir=\"auto\">H. Veracruz, Veracruz, 4 de febrero de 2026<\/div>\n<div dir=\"auto\"><\/div>\n<div dir=\"auto\">FGR OBTIENE SENTENCIA DE M\u00c1S DE CUATRO A\u00d1OS DE PRISI\u00d3N CONTRA UNA PERSONA POR PORTACI\u00d3N DE ARMA EN VERACRUZ<\/div>\n<div dir=\"auto\"><\/div>\n<div dir=\"auto\" style=\"text-align: justify;\">La Fiscal\u00eda General de la Rep\u00fablica (FGR) a trav\u00e9s de su Fiscal\u00eda Especializada de Control Regional (FECOR) en el estado de Veracruz, obtuvo de un juez, sentencia de cuatro a\u00f1os 10 meses de prisi\u00f3n en contra de Ren\u00e9 \u201cN\u201d, por haber acreditado penalmente su participaci\u00f3n en la comisi\u00f3n del delito de portaci\u00f3n de arma de fuego de uso exclusivo de las Fuerzas Armadas.<\/div>\n<div dir=\"auto\" style=\"text-align: justify;\"><\/div>\n<div dir=\"auto\" style=\"text-align: justify;\">De acuerdo con la carpeta de investigaci\u00f3n, el 20 de septiembre de 2025, elementos de la Secretar\u00eda de la Defensa Nacional (Defensa) detuvieron a Ren\u00e9 \u201cN\u201d en la colonia Centro del municipio de Maltrata, cuando viajaba a bordo de un veh\u00edculo sin placas de circulaci\u00f3n, por lo que le marcaron el alto.<\/div>\n<div dir=\"auto\" style=\"text-align: justify;\"><\/div>\n<div dir=\"auto\" style=\"text-align: justify;\">Al hacer una revisi\u00f3n, los elementos castrenses aseguraron un arma de fuego larga con cargador abastecido con 31 cartuchos \u00fatiles al calibre, por lo que Ren\u00e9 \u201cN\u201d fue detenido y puesto a disposici\u00f3n de la Fiscal\u00eda Federal en la entidad, quien inici\u00f3 la carpeta de investigaci\u00f3n correspondiente.<\/div>\n<div dir=\"auto\" style=\"text-align: justify;\"><\/div>\n<div dir=\"auto\" style=\"text-align: justify;\">Reunidos los elementos de prueba, el Ministerio P\u00fablico de la Federaci\u00f3n los present\u00f3 ante la autoridad correspondiente, quien vincul\u00f3 a proceso al imputado y el pasado dos de marzo, dict\u00f3 la sentencia de cuatro a\u00f1os 10 meses de prisi\u00f3n y el pago de una multa de 13 mil 576 pesos, por el delito mencionado.<\/div>\n<div dir=\"auto\" style=\"text-align: justify;\"><\/div>\n<div dir=\"auto\" style=\"text-align: justify;\">Con estas acciones la FGR reafirma el compromiso con la sociedad para la investigaci\u00f3n y persecuci\u00f3n de los delitos en materia federal, \u00a0por lo que se invita a la ciudadan\u00eda, a que denuncie las 24 horas de los 365 d\u00edas del a\u00f1o, de forma presencial o an\u00f3nima, en las instalaciones de la Fiscal\u00eda General de la Rep\u00fablica en Veracruz, con domicilio en Av. J.B. Lobos n\u00famero 684, Colonia Reserva territorial \u201cEl Coyol\u201d, C.P. 91779, Veracruz, Ver, tel\u00e9fono 2299896334, correo electr\u00f3nico vua.veracruz@fgr.org.mx.<\/div>\n<div id=\"x_ms-outlook-mobile-body-separator-line\" dir=\"auto\" data-applydefaultfontstyles=\"true\">\n<div dir=\"auto\" style=\"text-align: justify;\"><\/div>\n<\/div>\n","protected":false},"excerpt":{"rendered":"<p>Comunicado FGR DPE\/0941\/2026 H. Veracruz, Veracruz, 4 de febrero de 2026 FGR OBTIENE SENTENCIA DE M\u00c1S DE CUATRO A\u00d1OS DE PRISI\u00d3N CONTRA UNA PERSONA POR PORTACI\u00d3N DE ARMA EN VERACRUZ La Fiscal\u00eda General de la Rep\u00fablica (FGR) a trav\u00e9s de su Fiscal\u00eda Especializada de Control Regional (FECOR) en el estado de Veracruz, obtuvo de un [&hellip;]<\/p>\n","protected":false},"author":1,"featured_media":6125,"comment_status":"closed","ping_status":"closed","sticky":false,"template":"","format":"standard","meta":{"_jetpack_memberships_contains_paid_content":false,"footnotes":"","jetpack_publicize_message":"","jetpack_publicize_feature_enabled":true,"jetpack_social_post_already_shared":true,"jetpack_social_options":{"image_generator_settings":{"template":"highway","default_image_id":0,"font":"","enabled":false},"version":2}},"categories":[6],"tags":[62],"class_list":["post-6124","post","type-post","status-publish","format-standard","has-post-thumbnail","hentry","category-noticia-policiaca","tag-fgr"],"jetpack_publicize_connections":[],"jetpack_featured_media_url":"https:\/\/revistaenfoquepolitico.com\/wp-content\/uploads\/2026\/03\/IMG-20260302-WA0131.jpg","jetpack_sharing_enabled":true,"_links":{"self":[{"href":"https:\/\/revistaenfoquepolitico.com\/index.php\/wp-json\/wp\/v2\/posts\/6124","targetHints":{"allow":["GET"]}}],"collection":[{"href":"https:\/\/revistaenfoquepolitico.com\/index.php\/wp-json\/wp\/v2\/posts"}],"about":[{"href":"https:\/\/revistaenfoquepolitico.com\/index.php\/wp-json\/wp\/v2\/types\/post"}],"author":[{"embeddable":true,"href":"https:\/\/revistaenfoquepolitico.com\/index.php\/wp-json\/wp\/v2\/users\/1"}],"replies":[{"embeddable":true,"href":"https:\/\/revistaenfoquepolitico.com\/index.php\/wp-json\/wp\/v2\/comments?post=6124"}],"version-history":[{"count":1,"href":"https:\/\/revistaenfoquepolitico.com\/index.php\/wp-json\/wp\/v2\/posts\/6124\/revisions"}],"predecessor-version":[{"id":6126,"href":"https:\/\/revistaenfoquepolitico.com\/index.php\/wp-json\/wp\/v2\/posts\/6124\/revisions\/6126"}],"wp:featuredmedia":[{"embeddable":true,"href":"https:\/\/revistaenfoquepolitico.com\/index.php\/wp-json\/wp\/v2\/media\/6125"}],"wp:attachment":[{"href":"https:\/\/revistaenfoquepolitico.com\/index.php\/wp-json\/wp\/v2\/media?parent=6124"}],"wp:term":[{"taxonomy":"category","embeddable":true,"href":"https:\/\/revistaenfoquepolitico.com\/index.php\/wp-json\/wp\/v2\/categories?post=6124"},{"taxonomy":"post_tag","embeddable":true,"href":"https:\/\/revistaenfoquepolitico.com\/index.php\/wp-json\/wp\/v2\/tags?post=6124"}],"curies":[{"name":"wp","href":"https:\/\/api.w.org\/{rel}","templated":true}]}}