{"id":6127,"date":"2026-03-05T22:33:39","date_gmt":"2026-03-06T04:33:39","guid":{"rendered":"https:\/\/revistaenfoquepolitico.com\/?p=6127"},"modified":"2026-03-05T22:33:39","modified_gmt":"2026-03-06T04:33:39","slug":"fgr-obtiene-sentencia-de-40-anos-de-prision-por-secuestro-expres-robo-de-autotransporte-y-posicion-de-droga","status":"publish","type":"post","link":"https:\/\/revistaenfoquepolitico.com\/index.php\/2026\/03\/05\/fgr-obtiene-sentencia-de-40-anos-de-prision-por-secuestro-expres-robo-de-autotransporte-y-posicion-de-droga\/","title":{"rendered":"FGR OBTIENE SENTENCIA DE 40 A\u00d1OS DE PRISI\u00d3N POR SECUESTRO EXPR\u00c9S, ROBO DE AUTOTRANSPORTE Y POSICI\u00d3N DE DROGA"},"content":{"rendered":"<div dir=\"auto\" data-olk-copy-source=\"MessageBody\">Comunicado FGR 120\/26<\/div>\n<div dir=\"auto\">Veracruz, Veracruz, a 04 de marzo de 2026.<\/div>\n<div dir=\"auto\"><\/div>\n<div dir=\"auto\">*FGR OBTIENE SENTENCIA DE 40 A\u00d1OS DE PRISI\u00d3N POR SECUESTRO EXPR\u00c9S, ROBO DE AUTOTRANSPORTE Y POSESI\u00d3N DE DROGA*<\/div>\n<div dir=\"auto\"><\/div>\n<div dir=\"auto\" style=\"text-align: justify;\">La Fiscal\u00eda General de la Rep\u00fablica (FGR) obtuvo de un juez sentencia de 40 a\u00f1os de prisi\u00f3n en contra de una persona por los delitos de secuestro expr\u00e9s, robo de autotransporte y posesi\u00f3n simple de narc\u00f3ticos.<\/div>\n<div dir=\"auto\" style=\"text-align: justify;\"><\/div>\n<div dir=\"auto\" style=\"text-align: justify;\">De acuerdo con la carpeta de investigaci\u00f3n, en septiembre de 2023, elementos de la Guardia Nacional (GN) recibieron un reporte en el que informaban el robo de un veh\u00edculo acoplado a una caja seca, con placas del Servicio P\u00fablico Federal, sobre la Carretera Xalapa, con direcci\u00f3n a Perote.<\/div>\n<div dir=\"auto\" style=\"text-align: justify;\"><\/div>\n<div dir=\"auto\" style=\"text-align: justify;\">Alfredo \u201cN\u201d, cometi\u00f3 los delitos mencionados en contra de un conductor que viajaba en la unidad referida. Por estos hechos fue detenido y puesto a disposici\u00f3n de la Fiscal\u00eda Federal en la entidad, junto con seis dosis de metanfetamina.<\/div>\n<div dir=\"auto\" style=\"text-align: justify;\"><\/div>\n<div dir=\"auto\" style=\"text-align: justify;\">Una vez integrada la carpeta de investigaci\u00f3n, el Ministerio P\u00fablico de la Federaci\u00f3n (MPF), adscrito a la Fiscal\u00eda Especializada de Control Regional (FECOR) en el estado de Veracruz, aport\u00f3 las pruebas para comprobar la plena responsabilidad penal del imputado, por lo que se dict\u00f3 la sentencia referida y una multa de 103 mil 740 pesos, por los delitos citados.<\/div>\n<div dir=\"auto\" style=\"text-align: justify;\"><\/div>\n<div dir=\"auto\" style=\"text-align: justify;\">Alfredo \u201cN\u201d compurgar\u00e1 la pena en el Centro de Reinserci\u00f3n Social Zona I, con residencia en Pacho Viejo, Veracruz.<\/div>\n<div dir=\"auto\" style=\"text-align: justify;\"><\/div>\n","protected":false},"excerpt":{"rendered":"<p>Comunicado FGR 120\/26 Veracruz, Veracruz, a 04 de marzo de 2026. *FGR OBTIENE SENTENCIA DE 40 A\u00d1OS DE PRISI\u00d3N POR SECUESTRO EXPR\u00c9S, ROBO DE AUTOTRANSPORTE Y POSESI\u00d3N DE DROGA* La Fiscal\u00eda General de la Rep\u00fablica (FGR) obtuvo de un juez sentencia de 40 a\u00f1os de prisi\u00f3n en contra de una persona por los delitos de [&hellip;]<\/p>\n","protected":false},"author":1,"featured_media":6128,"comment_status":"closed","ping_status":"closed","sticky":false,"template":"","format":"standard","meta":{"_jetpack_memberships_contains_paid_content":false,"footnotes":"","jetpack_publicize_message":"","jetpack_publicize_feature_enabled":true,"jetpack_social_post_already_shared":true,"jetpack_social_options":{"image_generator_settings":{"template":"highway","default_image_id":0,"font":"","enabled":false},"version":2}},"categories":[6],"tags":[62],"class_list":["post-6127","post","type-post","status-publish","format-standard","has-post-thumbnail","hentry","category-noticia-policiaca","tag-fgr"],"jetpack_publicize_connections":[],"jetpack_featured_media_url":"https:\/\/revistaenfoquepolitico.com\/wp-content\/uploads\/2026\/03\/IMG-20260304-WA0122.jpg","jetpack_sharing_enabled":true,"_links":{"self":[{"href":"https:\/\/revistaenfoquepolitico.com\/index.php\/wp-json\/wp\/v2\/posts\/6127","targetHints":{"allow":["GET"]}}],"collection":[{"href":"https:\/\/revistaenfoquepolitico.com\/index.php\/wp-json\/wp\/v2\/posts"}],"about":[{"href":"https:\/\/revistaenfoquepolitico.com\/index.php\/wp-json\/wp\/v2\/types\/post"}],"author":[{"embeddable":true,"href":"https:\/\/revistaenfoquepolitico.com\/index.php\/wp-json\/wp\/v2\/users\/1"}],"replies":[{"embeddable":true,"href":"https:\/\/revistaenfoquepolitico.com\/index.php\/wp-json\/wp\/v2\/comments?post=6127"}],"version-history":[{"count":1,"href":"https:\/\/revistaenfoquepolitico.com\/index.php\/wp-json\/wp\/v2\/posts\/6127\/revisions"}],"predecessor-version":[{"id":6129,"href":"https:\/\/revistaenfoquepolitico.com\/index.php\/wp-json\/wp\/v2\/posts\/6127\/revisions\/6129"}],"wp:featuredmedia":[{"embeddable":true,"href":"https:\/\/revistaenfoquepolitico.com\/index.php\/wp-json\/wp\/v2\/media\/6128"}],"wp:attachment":[{"href":"https:\/\/revistaenfoquepolitico.com\/index.php\/wp-json\/wp\/v2\/media?parent=6127"}],"wp:term":[{"taxonomy":"category","embeddable":true,"href":"https:\/\/revistaenfoquepolitico.com\/index.php\/wp-json\/wp\/v2\/categories?post=6127"},{"taxonomy":"post_tag","embeddable":true,"href":"https:\/\/revistaenfoquepolitico.com\/index.php\/wp-json\/wp\/v2\/tags?post=6127"}],"curies":[{"name":"wp","href":"https:\/\/api.w.org\/{rel}","templated":true}]}}