{"id":6133,"date":"2026-03-05T22:46:29","date_gmt":"2026-03-06T04:46:29","guid":{"rendered":"https:\/\/revistaenfoquepolitico.com\/?p=6133"},"modified":"2026-03-05T22:46:29","modified_gmt":"2026-03-06T04:46:29","slug":"impulsa-ayuntamiento-de-medellin-de-bravo-jornada-de-vacunacion-y-consulta-veterinaria-gratuita-en-puente-moreno","status":"publish","type":"post","link":"https:\/\/revistaenfoquepolitico.com\/index.php\/2026\/03\/05\/impulsa-ayuntamiento-de-medellin-de-bravo-jornada-de-vacunacion-y-consulta-veterinaria-gratuita-en-puente-moreno\/","title":{"rendered":"IMPULSA AYUNTAMIENTO DE MEDELL\u00cdN DE BRAVO JORNADA DE VACUNACI\u00d3N Y CONSULTA VETERINARIA GRATUITA EN PUENTE MORENO"},"content":{"rendered":"<div dir=\"auto\">Medell\u00edn de Bravo, Veracruz, 05 de marzo de 2026<\/div>\n<div dir=\"auto\"><\/div>\n<div dir=\"auto\" style=\"text-align: justify;\">Con el objetivo de promover el bienestar animal y apoyar a las familias del municipio, el H. Ayuntamiento de Medell\u00edn de Bravo, encabezado por el alcalde Samuel Acosta, impulsa la preapertura de la Cl\u00ednica Veterinaria \u201cPatitas Traviesas\u201d, ubicada Av. Paseo del Mar 8 Fraccionamiento Puente Moreno, donde se realizar\u00e1 una jornada especial de atenci\u00f3n para mascotas.<\/div>\n<div dir=\"auto\" style=\"text-align: justify;\"><\/div>\n<div dir=\"auto\" style=\"text-align: justify;\">Durante esta jornada, los ciudadanos podr\u00e1n acceder a consulta veterinaria totalmente gratuita, as\u00ed como a vacunas a bajo costo para perros y gatos, con el fin de fortalecer la prevenci\u00f3n de enfermedades y fomentar la tenencia responsable de mascotas.<\/div>\n<div dir=\"auto\" style=\"text-align: justify;\"><\/div>\n<div dir=\"auto\">Entre los servicios que se ofrecer\u00e1n se encuentran:<\/div>\n<div dir=\"auto\"><\/div>\n<div dir=\"auto\">Para gatos:<\/div>\n<div dir=\"auto\">\u2002\u2002\u2002\u2002\u2002\u2002\u2022\u2002\u2002\u2002\u2002\u2002Vacuna triple felina<\/div>\n<div dir=\"auto\">\u2002\u2002\u2002\u2002\u2002\u2002\u2022\u2002\u2002\u2002\u2002\u2002Vacuna contra leucemia<\/div>\n<div dir=\"auto\">\u2002\u2002\u2002\u2002\u2002\u2002\u2022\u2002\u2002\u2002\u2002\u2002Vacuna antirr\u00e1bica<\/div>\n<div dir=\"auto\">\u2002\u2002\u2002\u2002\u2002\u2002\u2022\u2002\u2002\u2002\u2002\u2002Desparasitaci\u00f3n<\/div>\n<div dir=\"auto\"><\/div>\n<div dir=\"auto\">Para perros:<\/div>\n<div dir=\"auto\">\u2002\u2002\u2002\u2002\u2002\u2002\u2022\u2002\u2002\u2002\u2002\u2002Vacuna contra moquillo y parvovirus para cachorros<\/div>\n<div dir=\"auto\">\u2002\u2002\u2002\u2002\u2002\u2002\u2022\u2002\u2002\u2002\u2002\u2002Vacuna qu\u00edntuple para perros adultos<\/div>\n<div dir=\"auto\">\u2002\u2002\u2002\u2002\u2002\u2002\u2022\u2002\u2002\u2002\u2002\u2002Vacuna antirr\u00e1bica<\/div>\n<div dir=\"auto\">\u2002\u2002\u2002\u2002\u2002\u2002\u2022\u2002\u2002\u2002\u2002\u2002Desparasitaci\u00f3n<\/div>\n<div dir=\"auto\"><\/div>\n<div dir=\"auto\" style=\"text-align: justify;\">Las autoridades municipales se\u00f1alaron que estas acciones forman parte de las estrategias del Ayuntamiento para cuidar la salud animal y prevenir enfermedades que tambi\u00e9n pueden afectar a la poblaci\u00f3n, adem\u00e1s de acercar servicios veterinarios accesibles a las familias de Medell\u00edn de Bravo.<\/div>\n<div dir=\"auto\" style=\"text-align: justify;\"><\/div>\n<div dir=\"auto\" style=\"text-align: justify;\">El gobierno municipal invit\u00f3 a los due\u00f1os de mascotas a participar en esta jornada y aprovechar los servicios que estar\u00e1n disponibles en la Cl\u00ednica Veterinaria Patitas Traviesas, en la zona de Puente Moreno.<\/div>\n<div dir=\"auto\" style=\"text-align: justify;\"><\/div>\n<div dir=\"auto\" style=\"text-align: justify;\">Asimismo, se inform\u00f3 que el pago de las vacunas se realizar\u00e1 mediante un \u00fanico pago con tarjeta, facilitando el proceso para los asistentes.<\/div>\n<div dir=\"auto\" style=\"text-align: justify;\"><\/div>\n<div dir=\"auto\" style=\"text-align: justify;\">Con este tipo de iniciativas, el H. Ayuntamiento de Medell\u00edn de Bravo refrenda su compromiso con el bienestar animal y la salud p\u00fablica del municipio.<\/div>\n<div id=\"x_ms-outlook-mobile-body-separator-line\" dir=\"auto\" data-applydefaultfontstyles=\"true\">\n<div dir=\"auto\" style=\"text-align: justify;\"><img loading=\"lazy\" decoding=\"async\" class=\"aligncenter size-medium wp-image-6135\" src=\"https:\/\/revistaenfoquepolitico.com\/wp-content\/uploads\/2026\/03\/IMG-20260305-WA0196-225x300.jpg\" alt=\"\" width=\"225\" height=\"300\" srcset=\"https:\/\/revistaenfoquepolitico.com\/wp-content\/uploads\/2026\/03\/IMG-20260305-WA0196-225x300.jpg 225w, https:\/\/revistaenfoquepolitico.com\/wp-content\/uploads\/2026\/03\/IMG-20260305-WA0196-768x1024.jpg 768w, https:\/\/revistaenfoquepolitico.com\/wp-content\/uploads\/2026\/03\/IMG-20260305-WA0196-1152x1536.jpg 1152w, https:\/\/revistaenfoquepolitico.com\/wp-content\/uploads\/2026\/03\/IMG-20260305-WA0196.jpg 1200w\" sizes=\"auto, (max-width: 225px) 100vw, 225px\" \/><\/div>\n<\/div>\n<div dir=\"auto\"><\/div>\n<div dir=\"auto\"><img loading=\"lazy\" decoding=\"async\" class=\"aligncenter size-medium wp-image-6136\" src=\"https:\/\/revistaenfoquepolitico.com\/wp-content\/uploads\/2026\/03\/IMG-20260305-WA0197-225x300.jpg\" alt=\"\" width=\"225\" height=\"300\" srcset=\"https:\/\/revistaenfoquepolitico.com\/wp-content\/uploads\/2026\/03\/IMG-20260305-WA0197-225x300.jpg 225w, https:\/\/revistaenfoquepolitico.com\/wp-content\/uploads\/2026\/03\/IMG-20260305-WA0197-768x1024.jpg 768w, https:\/\/revistaenfoquepolitico.com\/wp-content\/uploads\/2026\/03\/IMG-20260305-WA0197-1152x1536.jpg 1152w, https:\/\/revistaenfoquepolitico.com\/wp-content\/uploads\/2026\/03\/IMG-20260305-WA0197.jpg 1200w\" sizes=\"auto, (max-width: 225px) 100vw, 225px\" \/><\/div>\n<div dir=\"auto\"><\/div>\n<div dir=\"auto\"><img loading=\"lazy\" decoding=\"async\" class=\"aligncenter size-medium wp-image-6137\" src=\"https:\/\/revistaenfoquepolitico.com\/wp-content\/uploads\/2026\/03\/IMG-20260305-WA0198-225x300.jpg\" alt=\"\" width=\"225\" height=\"300\" srcset=\"https:\/\/revistaenfoquepolitico.com\/wp-content\/uploads\/2026\/03\/IMG-20260305-WA0198-225x300.jpg 225w, https:\/\/revistaenfoquepolitico.com\/wp-content\/uploads\/2026\/03\/IMG-20260305-WA0198-768x1024.jpg 768w, https:\/\/revistaenfoquepolitico.com\/wp-content\/uploads\/2026\/03\/IMG-20260305-WA0198-1152x1536.jpg 1152w, https:\/\/revistaenfoquepolitico.com\/wp-content\/uploads\/2026\/03\/IMG-20260305-WA0198.jpg 1200w\" sizes=\"auto, (max-width: 225px) 100vw, 225px\" \/><\/div>\n","protected":false},"excerpt":{"rendered":"<p>Medell\u00edn de Bravo, Veracruz, 05 de marzo de 2026 Con el objetivo de promover el bienestar animal y apoyar a las familias del municipio, el H. Ayuntamiento de Medell\u00edn de Bravo, encabezado por el alcalde Samuel Acosta, impulsa la preapertura de la Cl\u00ednica Veterinaria \u201cPatitas Traviesas\u201d, ubicada Av. Paseo del Mar 8 Fraccionamiento Puente Moreno, [&hellip;]<\/p>\n","protected":false},"author":1,"featured_media":6134,"comment_status":"closed","ping_status":"closed","sticky":false,"template":"","format":"standard","meta":{"_jetpack_memberships_contains_paid_content":false,"footnotes":"","jetpack_publicize_message":"","jetpack_publicize_feature_enabled":true,"jetpack_social_post_already_shared":true,"jetpack_social_options":{"image_generator_settings":{"template":"highway","default_image_id":0,"font":"","enabled":false},"version":2}},"categories":[4],"tags":[79],"class_list":["post-6133","post","type-post","status-publish","format-standard","has-post-thumbnail","hentry","category-noticia-politica","tag-ayuntamiento-de-medellin"],"jetpack_publicize_connections":[],"jetpack_featured_media_url":"https:\/\/revistaenfoquepolitico.com\/wp-content\/uploads\/2026\/03\/IMG-20260305-WA0195.jpg","jetpack_sharing_enabled":true,"_links":{"self":[{"href":"https:\/\/revistaenfoquepolitico.com\/index.php\/wp-json\/wp\/v2\/posts\/6133","targetHints":{"allow":["GET"]}}],"collection":[{"href":"https:\/\/revistaenfoquepolitico.com\/index.php\/wp-json\/wp\/v2\/posts"}],"about":[{"href":"https:\/\/revistaenfoquepolitico.com\/index.php\/wp-json\/wp\/v2\/types\/post"}],"author":[{"embeddable":true,"href":"https:\/\/revistaenfoquepolitico.com\/index.php\/wp-json\/wp\/v2\/users\/1"}],"replies":[{"embeddable":true,"href":"https:\/\/revistaenfoquepolitico.com\/index.php\/wp-json\/wp\/v2\/comments?post=6133"}],"version-history":[{"count":1,"href":"https:\/\/revistaenfoquepolitico.com\/index.php\/wp-json\/wp\/v2\/posts\/6133\/revisions"}],"predecessor-version":[{"id":6138,"href":"https:\/\/revistaenfoquepolitico.com\/index.php\/wp-json\/wp\/v2\/posts\/6133\/revisions\/6138"}],"wp:featuredmedia":[{"embeddable":true,"href":"https:\/\/revistaenfoquepolitico.com\/index.php\/wp-json\/wp\/v2\/media\/6134"}],"wp:attachment":[{"href":"https:\/\/revistaenfoquepolitico.com\/index.php\/wp-json\/wp\/v2\/media?parent=6133"}],"wp:term":[{"taxonomy":"category","embeddable":true,"href":"https:\/\/revistaenfoquepolitico.com\/index.php\/wp-json\/wp\/v2\/categories?post=6133"},{"taxonomy":"post_tag","embeddable":true,"href":"https:\/\/revistaenfoquepolitico.com\/index.php\/wp-json\/wp\/v2\/tags?post=6133"}],"curies":[{"name":"wp","href":"https:\/\/api.w.org\/{rel}","templated":true}]}}