{"id":6142,"date":"2026-03-05T22:56:05","date_gmt":"2026-03-06T04:56:05","guid":{"rendered":"https:\/\/revistaenfoquepolitico.com\/?p=6142"},"modified":"2026-03-05T22:56:05","modified_gmt":"2026-03-06T04:56:05","slug":"libera-transito-vialidades-en-las-innediaciones-de-la-torre-pediatrica-para-facilitar-paso-de-ambulancias","status":"publish","type":"post","link":"https:\/\/revistaenfoquepolitico.com\/index.php\/2026\/03\/05\/libera-transito-vialidades-en-las-innediaciones-de-la-torre-pediatrica-para-facilitar-paso-de-ambulancias\/","title":{"rendered":"LIBERA TR\u00c1NSITO VIALIDADES EN LAS INNEDIACIONES DE LA TORRE PEDI\u00c1TRICA PARA FACILITAR PASO DE AMBULANCIAS"},"content":{"rendered":"<div dir=\"auto\" data-olk-copy-source=\"MessageBody\">5 de marzo de 2026<\/div>\n<div dir=\"auto\">Aviso Informativo<\/div>\n<div dir=\"auto\"><\/div>\n<div dir=\"auto\">*Libera Tr\u00e1nsito vialidades en las inmediaciones de la Torre Pedi\u00e1trica para facilitar paso de ambulancias*<\/div>\n<div dir=\"auto\"><\/div>\n<div dir=\"auto\" style=\"text-align: justify;\"><img loading=\"lazy\" decoding=\"async\" class=\"alignleft size-medium wp-image-6144\" src=\"https:\/\/revistaenfoquepolitico.com\/wp-content\/uploads\/2026\/03\/IMG-20260305-WA0211-225x300.jpg\" alt=\"\" width=\"225\" height=\"300\" srcset=\"https:\/\/revistaenfoquepolitico.com\/wp-content\/uploads\/2026\/03\/IMG-20260305-WA0211-225x300.jpg 225w, https:\/\/revistaenfoquepolitico.com\/wp-content\/uploads\/2026\/03\/IMG-20260305-WA0211-768x1024.jpg 768w, https:\/\/revistaenfoquepolitico.com\/wp-content\/uploads\/2026\/03\/IMG-20260305-WA0211-1152x1536.jpg 1152w, https:\/\/revistaenfoquepolitico.com\/wp-content\/uploads\/2026\/03\/IMG-20260305-WA0211-1536x2048.jpg 1536w, https:\/\/revistaenfoquepolitico.com\/wp-content\/uploads\/2026\/03\/IMG-20260305-WA0211.jpg 1560w\" sizes=\"auto, (max-width: 225px) 100vw, 225px\" \/>Elementos de la direcci\u00f3n de Tr\u00e1nsito y Vialidad Municipal de Veracruz realizaron el retiro de veh\u00edculos mal estacionados sobre la avenida 20 de Noviembre, entre las calles Iturbide y Mina, frente a la Torre Pedi\u00e1trica, con el objetivo de despejar la zona y permitir una circulaci\u00f3n segura.<\/div>\n<div dir=\"auto\" style=\"text-align: justify;\"><\/div>\n<div dir=\"auto\" style=\"text-align: justify;\">Desde las primeras horas de este jueves, agentes viales acudieron al sitio y solicitaron a los propietarios de los autom\u00f3viles reubicar sus unidades, ya que en ese punto existe se\u00f1alizaci\u00f3n que proh\u00edbe estacionarse. La mayor\u00eda de los conductores atendi\u00f3 el llamado y retir\u00f3 voluntariamente sus veh\u00edculos del lugar.<\/div>\n<div dir=\"auto\" style=\"text-align: justify;\"><\/div>\n<div dir=\"auto\" style=\"text-align: justify;\"><img loading=\"lazy\" decoding=\"async\" class=\"alignright size-medium wp-image-6145\" src=\"https:\/\/revistaenfoquepolitico.com\/wp-content\/uploads\/2026\/03\/IMG-20260305-WA0213-300x225.jpg\" alt=\"\" width=\"300\" height=\"225\" srcset=\"https:\/\/revistaenfoquepolitico.com\/wp-content\/uploads\/2026\/03\/IMG-20260305-WA0213-300x225.jpg 300w, https:\/\/revistaenfoquepolitico.com\/wp-content\/uploads\/2026\/03\/IMG-20260305-WA0213-1024x768.jpg 1024w, https:\/\/revistaenfoquepolitico.com\/wp-content\/uploads\/2026\/03\/IMG-20260305-WA0213-768x576.jpg 768w, https:\/\/revistaenfoquepolitico.com\/wp-content\/uploads\/2026\/03\/IMG-20260305-WA0213-1536x1152.jpg 1536w, https:\/\/revistaenfoquepolitico.com\/wp-content\/uploads\/2026\/03\/IMG-20260305-WA0213-2048x1536.jpg 2048w\" sizes=\"auto, (max-width: 300px) 100vw, 300px\" \/>En los casos donde las unidades permanecieron estacionadas, fue necesario realizar su retiro con apoyo de gr\u00faa, por lo que los propietarios deber\u00e1n acudir a las oficinas de la direcci\u00f3n de Tr\u00e1nsito y Vialidad Municipal para realizar los tr\u00e1mites correspondientes y recuperar sus autom\u00f3viles.<\/div>\n<div dir=\"auto\" style=\"text-align: justify;\"><\/div>\n<div dir=\"auto\" style=\"text-align: justify;\">La intervenci\u00f3n se realiz\u00f3 luego de diversos reportes ciudadanos que se\u00f1alaron que los veh\u00edculos estacionados a un costado del camell\u00f3n, frente a la Torre Pedi\u00e1trica, adem\u00e1s de complicar la circulaci\u00f3n en la avenida 20 de Noviembre, obstaculizaban la vuelta hacia la calle Iturbide y el paso de ambulancias en una zona hospitalaria de alta movilidad.<\/div>\n<div dir=\"auto\"><img loading=\"lazy\" decoding=\"async\" class=\"alignleft size-medium wp-image-6146\" src=\"https:\/\/revistaenfoquepolitico.com\/wp-content\/uploads\/2026\/03\/IMG-20260305-WA0215-300x225.jpg\" alt=\"\" width=\"300\" height=\"225\" srcset=\"https:\/\/revistaenfoquepolitico.com\/wp-content\/uploads\/2026\/03\/IMG-20260305-WA0215-300x225.jpg 300w, https:\/\/revistaenfoquepolitico.com\/wp-content\/uploads\/2026\/03\/IMG-20260305-WA0215-1024x768.jpg 1024w, https:\/\/revistaenfoquepolitico.com\/wp-content\/uploads\/2026\/03\/IMG-20260305-WA0215-768x576.jpg 768w, https:\/\/revistaenfoquepolitico.com\/wp-content\/uploads\/2026\/03\/IMG-20260305-WA0215-1536x1152.jpg 1536w, https:\/\/revistaenfoquepolitico.com\/wp-content\/uploads\/2026\/03\/IMG-20260305-WA0215-2048x1536.jpg 2048w\" sizes=\"auto, (max-width: 300px) 100vw, 300px\" \/><\/div>\n","protected":false},"excerpt":{"rendered":"<p>5 de marzo de 2026 Aviso Informativo *Libera Tr\u00e1nsito vialidades en las inmediaciones de la Torre Pedi\u00e1trica para facilitar paso de ambulancias* Elementos de la direcci\u00f3n de Tr\u00e1nsito y Vialidad Municipal de Veracruz realizaron el retiro de veh\u00edculos mal estacionados sobre la avenida 20 de Noviembre, entre las calles Iturbide y Mina, frente a la [&hellip;]<\/p>\n","protected":false},"author":1,"featured_media":6143,"comment_status":"closed","ping_status":"closed","sticky":false,"template":"","format":"standard","meta":{"_jetpack_memberships_contains_paid_content":false,"footnotes":"","jetpack_publicize_message":"","jetpack_publicize_feature_enabled":true,"jetpack_social_post_already_shared":true,"jetpack_social_options":{"image_generator_settings":{"template":"highway","default_image_id":0,"font":"","enabled":false},"version":2}},"categories":[4],"tags":[82],"class_list":["post-6142","post","type-post","status-publish","format-standard","has-post-thumbnail","hentry","category-noticia-politica","tag-transito-veracruz"],"jetpack_publicize_connections":[],"jetpack_featured_media_url":"https:\/\/revistaenfoquepolitico.com\/wp-content\/uploads\/2026\/03\/IMG-20260305-WA0206.jpg","jetpack_sharing_enabled":true,"_links":{"self":[{"href":"https:\/\/revistaenfoquepolitico.com\/index.php\/wp-json\/wp\/v2\/posts\/6142","targetHints":{"allow":["GET"]}}],"collection":[{"href":"https:\/\/revistaenfoquepolitico.com\/index.php\/wp-json\/wp\/v2\/posts"}],"about":[{"href":"https:\/\/revistaenfoquepolitico.com\/index.php\/wp-json\/wp\/v2\/types\/post"}],"author":[{"embeddable":true,"href":"https:\/\/revistaenfoquepolitico.com\/index.php\/wp-json\/wp\/v2\/users\/1"}],"replies":[{"embeddable":true,"href":"https:\/\/revistaenfoquepolitico.com\/index.php\/wp-json\/wp\/v2\/comments?post=6142"}],"version-history":[{"count":1,"href":"https:\/\/revistaenfoquepolitico.com\/index.php\/wp-json\/wp\/v2\/posts\/6142\/revisions"}],"predecessor-version":[{"id":6147,"href":"https:\/\/revistaenfoquepolitico.com\/index.php\/wp-json\/wp\/v2\/posts\/6142\/revisions\/6147"}],"wp:featuredmedia":[{"embeddable":true,"href":"https:\/\/revistaenfoquepolitico.com\/index.php\/wp-json\/wp\/v2\/media\/6143"}],"wp:attachment":[{"href":"https:\/\/revistaenfoquepolitico.com\/index.php\/wp-json\/wp\/v2\/media?parent=6142"}],"wp:term":[{"taxonomy":"category","embeddable":true,"href":"https:\/\/revistaenfoquepolitico.com\/index.php\/wp-json\/wp\/v2\/categories?post=6142"},{"taxonomy":"post_tag","embeddable":true,"href":"https:\/\/revistaenfoquepolitico.com\/index.php\/wp-json\/wp\/v2\/tags?post=6142"}],"curies":[{"name":"wp","href":"https:\/\/api.w.org\/{rel}","templated":true}]}}