{"id":6148,"date":"2026-03-05T23:07:12","date_gmt":"2026-03-06T05:07:12","guid":{"rendered":"https:\/\/revistaenfoquepolitico.com\/?p=6148"},"modified":"2026-03-05T23:07:12","modified_gmt":"2026-03-06T05:07:12","slug":"fortalece-ayuntamiento-de-veracruz-cultura-de-la-prevencion-en-planteles-educativos","status":"publish","type":"post","link":"https:\/\/revistaenfoquepolitico.com\/index.php\/2026\/03\/05\/fortalece-ayuntamiento-de-veracruz-cultura-de-la-prevencion-en-planteles-educativos\/","title":{"rendered":"FORTALECE AYUNTAMIENTO DE VERACRUZ CULTURA DE LA PREVENCI\u00d3N EN PLANTELES EDUCATIVOS"},"content":{"rendered":"<div dir=\"auto\" data-olk-copy-source=\"MessageBody\">05 de marzo de 2026<\/div>\n<div dir=\"auto\">Bolet\u00edn Informativo<\/div>\n<div dir=\"auto\"><\/div>\n<div dir=\"auto\">*Fortalece Ayuntamiento de Veracruz cultura de la prevenci\u00f3n en planteles educativos*<\/div>\n<div dir=\"auto\"><\/div>\n<div dir=\"auto\" style=\"text-align: justify;\">***Personal acad\u00e9mico y administrativo del Conalep Floresta recibi\u00f3 capacitaci\u00f3n sobre protocolos de emergencia<\/div>\n<div dir=\"auto\" style=\"text-align: justify;\"><\/div>\n<div dir=\"auto\" style=\"text-align: justify;\"><img loading=\"lazy\" decoding=\"async\" class=\"alignleft size-medium wp-image-6149\" src=\"https:\/\/revistaenfoquepolitico.com\/wp-content\/uploads\/2026\/03\/IMG-20260305-WA0227-300x200.jpg\" alt=\"\" width=\"300\" height=\"200\" srcset=\"https:\/\/revistaenfoquepolitico.com\/wp-content\/uploads\/2026\/03\/IMG-20260305-WA0227-300x200.jpg 300w, https:\/\/revistaenfoquepolitico.com\/wp-content\/uploads\/2026\/03\/IMG-20260305-WA0227-1024x683.jpg 1024w, https:\/\/revistaenfoquepolitico.com\/wp-content\/uploads\/2026\/03\/IMG-20260305-WA0227-768x512.jpg 768w, https:\/\/revistaenfoquepolitico.com\/wp-content\/uploads\/2026\/03\/IMG-20260305-WA0227.jpg 1280w\" sizes=\"auto, (max-width: 300px) 100vw, 300px\" \/>Con el objetivo de fortalecer la capacidad de respuesta del personal para salvaguardar a la comunidad escolar, el Ayuntamiento de Veracruz, a trav\u00e9s de la direcci\u00f3n de Protecci\u00f3n Civil municipal, imparti\u00f3 una capacitaci\u00f3n t\u00e9cnica y operativa dirigida al personal acad\u00e9mico y administrativo del plantel Conalep Floresta.<\/div>\n<div dir=\"auto\" style=\"text-align: justify;\"><\/div>\n<div dir=\"auto\" style=\"text-align: justify;\"><img loading=\"lazy\" decoding=\"async\" class=\"alignright size-medium wp-image-6150\" src=\"https:\/\/revistaenfoquepolitico.com\/wp-content\/uploads\/2026\/03\/IMG-20260305-WA0228-300x200.jpg\" alt=\"\" width=\"300\" height=\"200\" srcset=\"https:\/\/revistaenfoquepolitico.com\/wp-content\/uploads\/2026\/03\/IMG-20260305-WA0228-300x200.jpg 300w, https:\/\/revistaenfoquepolitico.com\/wp-content\/uploads\/2026\/03\/IMG-20260305-WA0228-1024x683.jpg 1024w, https:\/\/revistaenfoquepolitico.com\/wp-content\/uploads\/2026\/03\/IMG-20260305-WA0228-768x512.jpg 768w, https:\/\/revistaenfoquepolitico.com\/wp-content\/uploads\/2026\/03\/IMG-20260305-WA0228.jpg 1280w\" sizes=\"auto, (max-width: 300px) 100vw, 300px\" \/>Durante la jornada, docentes y trabajadores administrativos recibieron herramientas para actuar de manera oportuna ante situaciones de riesgo, reforzando la preparaci\u00f3n de la unidad interna de protecci\u00f3n civil del plantel y promoviendo una cultura de prevenci\u00f3n que permita responder con mayor eficacia ante cualquier contingencia.<\/div>\n<div dir=\"auto\" style=\"text-align: justify;\"><\/div>\n<div dir=\"auto\" style=\"text-align: justify;\"><img loading=\"lazy\" decoding=\"async\" class=\"alignleft size-medium wp-image-6151\" src=\"https:\/\/revistaenfoquepolitico.com\/wp-content\/uploads\/2026\/03\/IMG-20260305-WA0229-300x200.jpg\" alt=\"\" width=\"300\" height=\"200\" srcset=\"https:\/\/revistaenfoquepolitico.com\/wp-content\/uploads\/2026\/03\/IMG-20260305-WA0229-300x200.jpg 300w, https:\/\/revistaenfoquepolitico.com\/wp-content\/uploads\/2026\/03\/IMG-20260305-WA0229-1024x683.jpg 1024w, https:\/\/revistaenfoquepolitico.com\/wp-content\/uploads\/2026\/03\/IMG-20260305-WA0229-768x512.jpg 768w, https:\/\/revistaenfoquepolitico.com\/wp-content\/uploads\/2026\/03\/IMG-20260305-WA0229.jpg 1280w\" sizes=\"auto, (max-width: 300px) 100vw, 300px\" \/>El programa incluy\u00f3 instrucci\u00f3n te\u00f3rica y pr\u00e1ctica en temas fundamentales para la seguridad escolar, entre ellos Gesti\u00f3n Integral del Riesgo, Primeros Auxilios, Evacuaci\u00f3n de Inmuebles y Manejo de Extintores, con el prop\u00f3sito de mejorar las habilidades del personal responsable de atender emergencias dentro de la escuela.<\/div>\n<div dir=\"auto\" style=\"text-align: justify;\"><\/div>\n<div dir=\"auto\" style=\"text-align: justify;\">Estas capacitaciones forman parte de la estrategia impulsada por la alcaldesa de Veracruz para promover la educaci\u00f3n de la prevenci\u00f3n en espacios educativos. La direcci\u00f3n de PC municipal ofrece este servicio de manera gratuita para instituciones p\u00fablicas y privadas interesadas en reforzar sus protocolos de seguridad.<\/div>\n<div id=\"x_ms-outlook-mobile-body-separator-line\" dir=\"auto\" data-applydefaultfontstyles=\"true\">\n<div dir=\"auto\" style=\"text-align: justify;\"><img loading=\"lazy\" decoding=\"async\" class=\"aligncenter size-medium wp-image-6154\" src=\"https:\/\/revistaenfoquepolitico.com\/wp-content\/uploads\/2026\/03\/IMG-20260305-WA0232-300x200.jpg\" alt=\"\" width=\"300\" height=\"200\" srcset=\"https:\/\/revistaenfoquepolitico.com\/wp-content\/uploads\/2026\/03\/IMG-20260305-WA0232-300x200.jpg 300w, https:\/\/revistaenfoquepolitico.com\/wp-content\/uploads\/2026\/03\/IMG-20260305-WA0232-1024x683.jpg 1024w, https:\/\/revistaenfoquepolitico.com\/wp-content\/uploads\/2026\/03\/IMG-20260305-WA0232-768x512.jpg 768w, https:\/\/revistaenfoquepolitico.com\/wp-content\/uploads\/2026\/03\/IMG-20260305-WA0232.jpg 1280w\" sizes=\"auto, (max-width: 300px) 100vw, 300px\" \/><\/div>\n<\/div>\n","protected":false},"excerpt":{"rendered":"<p>05 de marzo de 2026 Bolet\u00edn Informativo *Fortalece Ayuntamiento de Veracruz cultura de la prevenci\u00f3n en planteles educativos* ***Personal acad\u00e9mico y administrativo del Conalep Floresta recibi\u00f3 capacitaci\u00f3n sobre protocolos de emergencia Con el objetivo de fortalecer la capacidad de respuesta del personal para salvaguardar a la comunidad escolar, el Ayuntamiento de Veracruz, a trav\u00e9s de [&hellip;]<\/p>\n","protected":false},"author":1,"featured_media":6153,"comment_status":"closed","ping_status":"closed","sticky":false,"template":"","format":"standard","meta":{"_jetpack_memberships_contains_paid_content":false,"footnotes":"","jetpack_publicize_message":"","jetpack_publicize_feature_enabled":true,"jetpack_social_post_already_shared":true,"jetpack_social_options":{"image_generator_settings":{"template":"highway","default_image_id":0,"font":"","enabled":false},"version":2}},"categories":[4],"tags":[78],"class_list":["post-6148","post","type-post","status-publish","format-standard","has-post-thumbnail","hentry","category-noticia-politica","tag-ayuntamiento-de-veracruz"],"jetpack_publicize_connections":[],"jetpack_featured_media_url":"https:\/\/revistaenfoquepolitico.com\/wp-content\/uploads\/2026\/03\/IMG-20260305-WA0231.jpg","jetpack_sharing_enabled":true,"_links":{"self":[{"href":"https:\/\/revistaenfoquepolitico.com\/index.php\/wp-json\/wp\/v2\/posts\/6148","targetHints":{"allow":["GET"]}}],"collection":[{"href":"https:\/\/revistaenfoquepolitico.com\/index.php\/wp-json\/wp\/v2\/posts"}],"about":[{"href":"https:\/\/revistaenfoquepolitico.com\/index.php\/wp-json\/wp\/v2\/types\/post"}],"author":[{"embeddable":true,"href":"https:\/\/revistaenfoquepolitico.com\/index.php\/wp-json\/wp\/v2\/users\/1"}],"replies":[{"embeddable":true,"href":"https:\/\/revistaenfoquepolitico.com\/index.php\/wp-json\/wp\/v2\/comments?post=6148"}],"version-history":[{"count":1,"href":"https:\/\/revistaenfoquepolitico.com\/index.php\/wp-json\/wp\/v2\/posts\/6148\/revisions"}],"predecessor-version":[{"id":6155,"href":"https:\/\/revistaenfoquepolitico.com\/index.php\/wp-json\/wp\/v2\/posts\/6148\/revisions\/6155"}],"wp:featuredmedia":[{"embeddable":true,"href":"https:\/\/revistaenfoquepolitico.com\/index.php\/wp-json\/wp\/v2\/media\/6153"}],"wp:attachment":[{"href":"https:\/\/revistaenfoquepolitico.com\/index.php\/wp-json\/wp\/v2\/media?parent=6148"}],"wp:term":[{"taxonomy":"category","embeddable":true,"href":"https:\/\/revistaenfoquepolitico.com\/index.php\/wp-json\/wp\/v2\/categories?post=6148"},{"taxonomy":"post_tag","embeddable":true,"href":"https:\/\/revistaenfoquepolitico.com\/index.php\/wp-json\/wp\/v2\/tags?post=6148"}],"curies":[{"name":"wp","href":"https:\/\/api.w.org\/{rel}","templated":true}]}}