{"id":6156,"date":"2026-03-05T23:12:43","date_gmt":"2026-03-06T05:12:43","guid":{"rendered":"https:\/\/revistaenfoquepolitico.com\/?p=6156"},"modified":"2026-03-05T23:12:43","modified_gmt":"2026-03-06T05:12:43","slug":"instalan-consejo-de-seguridad-publica-en-la-ciudad-de-veracruz","status":"publish","type":"post","link":"https:\/\/revistaenfoquepolitico.com\/index.php\/2026\/03\/05\/instalan-consejo-de-seguridad-publica-en-la-ciudad-de-veracruz\/","title":{"rendered":"INSTALAN CONSEJO DE SEGURIDAD P\u00daBLICA EN LA CIUDAD DE VERACRUZ"},"content":{"rendered":"<div dir=\"auto\" data-olk-copy-source=\"MessageBody\">05 de marzo de 2026<\/div>\n<div dir=\"auto\">Bolet\u00edn Informativo<\/div>\n<div dir=\"auto\"><\/div>\n<div dir=\"auto\">*Instalan Consejo de Seguridad P\u00fablica en la ciudad de Veracruz*<\/div>\n<div dir=\"auto\"><\/div>\n<div dir=\"auto\" style=\"text-align: justify;\">***Autoridades y sociedad civil conforman tambi\u00e9n el Comit\u00e9 de Participaci\u00f3n Ciudadana, para abrir un espacio para escuchar propuestas e inquietudes de la poblaci\u00f3n.<\/div>\n<div dir=\"auto\" style=\"text-align: justify;\"><\/div>\n<div dir=\"auto\" style=\"text-align: justify;\"><img loading=\"lazy\" decoding=\"async\" class=\"alignleft size-medium wp-image-6159\" src=\"https:\/\/revistaenfoquepolitico.com\/wp-content\/uploads\/2026\/03\/IMG-20260305-WA0262-300x200.jpg\" alt=\"\" width=\"300\" height=\"200\" srcset=\"https:\/\/revistaenfoquepolitico.com\/wp-content\/uploads\/2026\/03\/IMG-20260305-WA0262-300x200.jpg 300w, https:\/\/revistaenfoquepolitico.com\/wp-content\/uploads\/2026\/03\/IMG-20260305-WA0262-1024x683.jpg 1024w, https:\/\/revistaenfoquepolitico.com\/wp-content\/uploads\/2026\/03\/IMG-20260305-WA0262-768x512.jpg 768w, https:\/\/revistaenfoquepolitico.com\/wp-content\/uploads\/2026\/03\/IMG-20260305-WA0262-1536x1024.jpg 1536w, https:\/\/revistaenfoquepolitico.com\/wp-content\/uploads\/2026\/03\/IMG-20260305-WA0262-2048x1365.jpg 2048w\" sizes=\"auto, (max-width: 300px) 100vw, 300px\" \/>El Ayuntamiento de Veracruz instal\u00f3 el Consejo de Seguridad P\u00fablica Municipal y el Comit\u00e9 de Participaci\u00f3n Ciudadana, con lo que se convierte en el primer municipio en conformar estos organismos, cuyo objetivo es fortalecer la coordinaci\u00f3n entre autoridades y sociedad en materia de seguridad.<\/div>\n<div dir=\"auto\" style=\"text-align: justify;\"><\/div>\n<div dir=\"auto\" style=\"text-align: justify;\">La alcaldesa Rosa Mar\u00eda Hern\u00e1ndez Espejo se\u00f1al\u00f3 que la seguridad es una responsabilidad compartida entre la Federaci\u00f3n, el Estado y los municipios, por lo que estos espacios permitir\u00e1n reforzar el trabajo conjunto para garantizar la paz y la tranquilidad de las familias.<\/div>\n<div dir=\"auto\" style=\"text-align: justify;\"><\/div>\n<div dir=\"auto\" style=\"text-align: justify;\"><img loading=\"lazy\" decoding=\"async\" class=\"alignleft size-medium wp-image-6158\" src=\"https:\/\/revistaenfoquepolitico.com\/wp-content\/uploads\/2026\/03\/IMG-20260305-WA0260-300x200.jpg\" alt=\"\" width=\"300\" height=\"200\" srcset=\"https:\/\/revistaenfoquepolitico.com\/wp-content\/uploads\/2026\/03\/IMG-20260305-WA0260-300x200.jpg 300w, https:\/\/revistaenfoquepolitico.com\/wp-content\/uploads\/2026\/03\/IMG-20260305-WA0260-1024x683.jpg 1024w, https:\/\/revistaenfoquepolitico.com\/wp-content\/uploads\/2026\/03\/IMG-20260305-WA0260-768x512.jpg 768w, https:\/\/revistaenfoquepolitico.com\/wp-content\/uploads\/2026\/03\/IMG-20260305-WA0260-1536x1024.jpg 1536w, https:\/\/revistaenfoquepolitico.com\/wp-content\/uploads\/2026\/03\/IMG-20260305-WA0260-2048x1366.jpg 2048w\" sizes=\"auto, (max-width: 300px) 100vw, 300px\" \/>El Consejo de Seguridad P\u00fablica Municipal tendr\u00e1 la responsabilidad de coordinar, evaluar y dar seguimiento a las pol\u00edticas y programas en esta materia, adem\u00e1s de impulsar el fortalecimiento institucional de la Polic\u00eda Municipal y mejorar las estrategias de prevenci\u00f3n del delito en el municipio.<\/div>\n<div dir=\"auto\" style=\"text-align: justify;\"><\/div>\n<div dir=\"auto\" style=\"text-align: justify;\">Los Consejos quedaron integrados por autoridades municipales, representantes de corporaciones de seguridad y miembros de distintos sectores de la sociedad, con el prop\u00f3sito de fortalecer la coordinaci\u00f3n institucional y la participaci\u00f3n ciudadana en las estrategias de seguridad.<\/div>\n<div id=\"x_ms-outlook-mobile-body-separator-line\" dir=\"auto\" data-applydefaultfontstyles=\"true\">\n<div dir=\"auto\" style=\"text-align: justify;\"><\/div>\n<\/div>\n","protected":false},"excerpt":{"rendered":"<p>05 de marzo de 2026 Bolet\u00edn Informativo *Instalan Consejo de Seguridad P\u00fablica en la ciudad de Veracruz* ***Autoridades y sociedad civil conforman tambi\u00e9n el Comit\u00e9 de Participaci\u00f3n Ciudadana, para abrir un espacio para escuchar propuestas e inquietudes de la poblaci\u00f3n. El Ayuntamiento de Veracruz instal\u00f3 el Consejo de Seguridad P\u00fablica Municipal y el Comit\u00e9 de [&hellip;]<\/p>\n","protected":false},"author":1,"featured_media":6157,"comment_status":"closed","ping_status":"closed","sticky":false,"template":"","format":"standard","meta":{"_jetpack_memberships_contains_paid_content":false,"footnotes":"","jetpack_publicize_message":"","jetpack_publicize_feature_enabled":true,"jetpack_social_post_already_shared":true,"jetpack_social_options":{"image_generator_settings":{"template":"highway","default_image_id":0,"font":"","enabled":false},"version":2}},"categories":[4],"tags":[72],"class_list":["post-6156","post","type-post","status-publish","format-standard","has-post-thumbnail","hentry","category-noticia-politica","tag-rosa-maria-presidenta-de-veracruz"],"jetpack_publicize_connections":[],"jetpack_featured_media_url":"https:\/\/revistaenfoquepolitico.com\/wp-content\/uploads\/2026\/03\/IMG-20260305-WA0258-scaled.jpg","jetpack_sharing_enabled":true,"_links":{"self":[{"href":"https:\/\/revistaenfoquepolitico.com\/index.php\/wp-json\/wp\/v2\/posts\/6156","targetHints":{"allow":["GET"]}}],"collection":[{"href":"https:\/\/revistaenfoquepolitico.com\/index.php\/wp-json\/wp\/v2\/posts"}],"about":[{"href":"https:\/\/revistaenfoquepolitico.com\/index.php\/wp-json\/wp\/v2\/types\/post"}],"author":[{"embeddable":true,"href":"https:\/\/revistaenfoquepolitico.com\/index.php\/wp-json\/wp\/v2\/users\/1"}],"replies":[{"embeddable":true,"href":"https:\/\/revistaenfoquepolitico.com\/index.php\/wp-json\/wp\/v2\/comments?post=6156"}],"version-history":[{"count":1,"href":"https:\/\/revistaenfoquepolitico.com\/index.php\/wp-json\/wp\/v2\/posts\/6156\/revisions"}],"predecessor-version":[{"id":6160,"href":"https:\/\/revistaenfoquepolitico.com\/index.php\/wp-json\/wp\/v2\/posts\/6156\/revisions\/6160"}],"wp:featuredmedia":[{"embeddable":true,"href":"https:\/\/revistaenfoquepolitico.com\/index.php\/wp-json\/wp\/v2\/media\/6157"}],"wp:attachment":[{"href":"https:\/\/revistaenfoquepolitico.com\/index.php\/wp-json\/wp\/v2\/media?parent=6156"}],"wp:term":[{"taxonomy":"category","embeddable":true,"href":"https:\/\/revistaenfoquepolitico.com\/index.php\/wp-json\/wp\/v2\/categories?post=6156"},{"taxonomy":"post_tag","embeddable":true,"href":"https:\/\/revistaenfoquepolitico.com\/index.php\/wp-json\/wp\/v2\/tags?post=6156"}],"curies":[{"name":"wp","href":"https:\/\/api.w.org\/{rel}","templated":true}]}}